{"id":1124,"date":"2023-02-06T21:02:17","date_gmt":"2023-02-06T21:02:17","guid":{"rendered":"https:\/\/cori.institute\/?p=1124"},"modified":"2023-09-11T16:19:39","modified_gmt":"2023-09-11T16:19:39","slug":"minitransat-atravesar-el-atlantico-en-una-barca-de-vela-sin-asistencia-ni-comunicacion","status":"publish","type":"post","link":"https:\/\/cori.institute\/index.php\/2023\/02\/06\/minitransat-atravesar-el-atlantico-en-una-barca-de-vela-sin-asistencia-ni-comunicacion\/","title":{"rendered":"MiniTransat, atravesar el Atl\u00e1ntico en una barca de vela sin asistencia ni comunicaci\u00f3n"},"content":{"rendered":"\n<div style=\"height:33px\" aria-hidden=\"true\" class=\"wp-block-spacer\"><\/div>\n\n\n\n<h1 class=\"wp-block-heading\">MiniTransat, atravesar el Atl\u00e1ntico en una barca de vela sin asistencia ni comunicaci\u00f3n<\/h1>\n\n\n\n<p>La MiniTransat es una <strong>competici\u00f3n en la que los participantes atraviesan el Atl\u00e1ntico en una barca de vela ellos solos, sin asistencia ni comunicaci\u00f3n<\/strong>. <a href=\"https:\/\/www.carlosmanera.com\/\" target=\"_blank\" rel=\"noreferrer noopener\">Carlos Manera<\/a>, un barcelon\u00e9s que este a\u00f1o vuelve a repetir participaci\u00f3n en esta regata, nos ha contado en <a href=\"https:\/\/cori.institute\/index.php\/2022\/12\/22\/ices-de-cori-podcasr-con-onda-regional-sobre-el-oceano\/\" target=\"_blank\" rel=\"noreferrer noopener\">ICUES de CORI<\/a> de <a href=\"https:\/\/www.orm.es\/\" target=\"_blank\" rel=\"noreferrer noopener\">Onda Regional<\/a> c\u00f3mo es la regata y sus vivencias durante los 20 d\u00edas que suele durar esta traves\u00eda.<\/p>\n\n\n\n<figure class=\"wp-block-image aligncenter size-full has-custom-border\"><img fetchpriority=\"high\" decoding=\"async\" width=\"768\" height=\"564\" src=\"https:\/\/cori.institute\/wp-content\/uploads\/2023\/02\/carlos-manera.jpg\" alt=\"carlos manera\" class=\"wp-image-1125\" style=\"border-radius:50px\" srcset=\"https:\/\/cori.institute\/wp-content\/uploads\/2023\/02\/carlos-manera.jpg 768w, https:\/\/cori.institute\/wp-content\/uploads\/2023\/02\/carlos-manera-300x220.jpg 300w\" sizes=\"(max-width: 768px) 100vw, 768px\" \/><\/figure>\n\n\n\n<h2 class=\"wp-block-heading\" style=\"margin-top:var(--wp--preset--spacing--50)\">\u00bfQu\u00e9 es la MiniTransat?<\/h2>\n\n\n\n<p>El MiniTransat es una regata de vela solo que se lleva a cabo cada dos a\u00f1os y que <strong>recorre el oc\u00e9ano Atl\u00e1ntico desde la costa oeste de Francia hasta la costa este de Am\u00e9rica del Sur.<\/strong> La regata comenz\u00f3 en 1977 y desde entonces ha sido un desaf\u00edo para los veleros solitarios m\u00e1s aventureros del mundo.<\/p>\n\n\n\n<p>Es una competici\u00f3n \u00fanica en comparaci\u00f3n con otras regatas de vela debido a su formato y a su <strong>longitud de 4.000 millas n\u00e1uticas<\/strong>. Adem\u00e1s, el hecho de que los barcos participantes son peque\u00f1os y ligeros, con una eslora de solo 6 metros, agrega una capa adicional de dificultad a la regata.<\/p>\n\n\n\n<p>Durante el MiniTransat, los veleros solitarios se enfrentan a una gran variedad de desaf\u00edos, incluyendo condiciones meteorol\u00f3gicas adversas, problemas t\u00e9cnicos y la soledad en el oc\u00e9ano. La regata es <strong>considerada una de las m\u00e1s dif\u00edciles del mundo<\/strong> y requiere un alto nivel de habilidad, determinaci\u00f3n y preparaci\u00f3n f\u00edsica y mental de los participantes.<\/p>\n\n\n\n<div class=\"wp-block-cover alignfull is-light has-parallax is-repeated\" style=\"padding-top:var(--wp--preset--spacing--70);padding-right:0;padding-bottom:var(--wp--preset--spacing--70);padding-left:0;min-height:123px;aspect-ratio:unset;\"><span aria-hidden=\"true\" class=\"wp-block-cover__background has-background-dim\"><\/span><div role=\"img\" class=\"wp-block-cover__image-background wp-image-1126 has-parallax is-repeated\" style=\"background-position:50% 50%;background-image:url(https:\/\/cori.institute\/wp-content\/uploads\/2023\/02\/ministransat-1024x683.jpg)\"><\/div><div class=\"wp-block-cover__inner-container is-layout-flow wp-block-cover-is-layout-flow\">\n<p class=\"has-text-align-center has-large-font-size\"><strong>Mini Transat<\/strong><\/p>\n<\/div><\/div>\n\n\n\n<div style=\"height:33px\" aria-hidden=\"true\" class=\"wp-block-spacer\"><\/div>\n\n\n\n<h2 class=\"wp-block-heading\">Competici\u00f3n de desaf\u00edo<\/h2>\n\n\n\n<p>Adem\u00e1s de ser un <strong>desaf\u00edo personal para los navegantes<\/strong>, el MiniTransat tambi\u00e9n es una <strong>plataforma para el avance tecnol\u00f3gico en la navegaci\u00f3n solitaria<\/strong>. Muchos participantes utilizan barcos equipados con tecnolog\u00eda avanzada, incluyendo sistemas de navegaci\u00f3n GPS y comunicaci\u00f3n por sat\u00e9lite, para mejorar sus chances de \u00e9xito en la regata.<\/p>\n\n\n\n<p>Por ello se constituye como un evento importante para la industria n\u00e1utica, ya que <strong>permite a los fabricantes de barcos y equipos de navegaci\u00f3n demostrar sus \u00faltimos avances tecnol\u00f3gicos<\/strong>. Adem\u00e1s, la regata es una oportunidad para que los patrocinadores y los medios de comunicaci\u00f3n promuevan sus marcas y productos.<\/p>\n\n\n\n<p>En resumen, el MiniTransat es una regata de vela \u00fanica y desafiante que atrae a los veleros solitarios m\u00e1s aventureros del mundo. <\/p>\n\n\n\n<div class=\"wp-block-cover alignfull\"><span aria-hidden=\"true\" class=\"wp-block-cover__background has-background-dim-100 has-background-dim\" style=\"background-color:#0e0f26\"><\/span><div class=\"wp-block-cover__inner-container is-layout-constrained wp-block-cover-is-layout-constrained\">\n<h2 class=\"wp-block-heading\">\u00daltimas Noticias<\/h2>\n\n\n\n\t\t\t<div class=\"wp-block-uagb-post-carousel uagb-post-grid  uagb-post__image-position-top uagb-post__image-enabled uagb-block-d60a9147     uagb-post__arrow-outside uagb-slick-carousel uagb-post__items uagb-post__columns-3 is-carousel uagb-post__columns-tablet-2 uagb-post__columns-mobile-1 uagb-post__carousel_equal-height\" data-total=\"5\" style=\"\">\n\n\t\t\t\t\t\t\t\t\t\t\t\t<article class=\"uagb-post__inner-wrap\">\t\t\t\t\t\t\t\t<div class='uagb-post__image'>\n\t\t\t\t\t\t\t\t\t<a href=\"https:\/\/cori.institute\/index.php\/2023\/06\/05\/contaminacion-por-plastico-en-los-oceanos\/\" target=\"_self\" rel=\"bookmark noopener noreferrer\"><img decoding=\"async\" width=\"620\" height=\"349\" src=\"https:\/\/cori.institute\/wp-content\/uploads\/2023\/06\/plastico-playa.jpg\" class=\"attachment-full size-full\" alt=\"plastico en la playa\" srcset=\"https:\/\/cori.institute\/wp-content\/uploads\/2023\/06\/plastico-playa.jpg 620w, https:\/\/cori.institute\/wp-content\/uploads\/2023\/06\/plastico-playa-300x169.jpg 300w\" sizes=\"(max-width: 620px) 100vw, 620px\" \/>\t\t\t\t\t<\/a>\n\t\t\t\t\t\t\t\t\t<\/div>\n\t\t\t\t\t\t<h3 class=\"uagb-post__title uagb-post__text\">\n\t\t\t\t<a href=\"https:\/\/cori.institute\/index.php\/2023\/06\/05\/contaminacion-por-plastico-en-los-oceanos\/\" target=\"_self\" rel=\"bookmark noopener noreferrer\">La contaminaci\u00f3n por pl\u00e1sticos en los oc\u00e9anos<\/a>\n\t\t\t<\/h3>\n\t\t\t\t\t\t<div class='uagb-post__text uagb-post-grid-byline'>\n\t\t\t\t\t\t\t<\/div>\n\t\t\t\t\t\t<div class=\"uagb-post__text uagb-post__cta wp-block-button\">\n\t\t\t\t<a class=\"wp-block-button__link uagb-text-link\" href=\"https:\/\/cori.institute\/index.php\/2023\/06\/05\/contaminacion-por-plastico-en-los-oceanos\/\" target=\"_self\" rel=\"bookmark noopener noreferrer\">Read More<\/a>\n\t\t\t<\/div>\n\t\t\t\t\t\t\t\t\t\t\t\t<\/article>\n\t\t\t\t\t\t\t\t\t\t\t\t\t\t\t\t<article class=\"uagb-post__inner-wrap\">\t\t\t\t\t\t\t\t<div class='uagb-post__image'>\n\t\t\t\t\t\t\t\t\t<a href=\"https:\/\/cori.institute\/index.php\/2023\/04\/13\/tecnologia-y-acuicultura\/\" target=\"_self\" rel=\"bookmark noopener noreferrer\"><img decoding=\"async\" width=\"400\" height=\"354\" src=\"https:\/\/cori.institute\/wp-content\/uploads\/2023\/04\/acuicultura.jpg\" class=\"attachment-full size-full\" alt=\"acuicultura y tecnolog\u00eda\" srcset=\"https:\/\/cori.institute\/wp-content\/uploads\/2023\/04\/acuicultura.jpg 400w, https:\/\/cori.institute\/wp-content\/uploads\/2023\/04\/acuicultura-300x266.jpg 300w\" sizes=\"(max-width: 400px) 100vw, 400px\" \/>\t\t\t\t\t<\/a>\n\t\t\t\t\t\t\t\t\t<\/div>\n\t\t\t\t\t\t<h3 class=\"uagb-post__title uagb-post__text\">\n\t\t\t\t<a href=\"https:\/\/cori.institute\/index.php\/2023\/04\/13\/tecnologia-y-acuicultura\/\" target=\"_self\" rel=\"bookmark noopener noreferrer\">La influencia de la tecnolog\u00eda en la acuicultura<\/a>\n\t\t\t<\/h3>\n\t\t\t\t\t\t<div class='uagb-post__text uagb-post-grid-byline'>\n\t\t\t\t\t\t\t<\/div>\n\t\t\t\t\t\t<div class=\"uagb-post__text uagb-post__cta wp-block-button\">\n\t\t\t\t<a class=\"wp-block-button__link uagb-text-link\" href=\"https:\/\/cori.institute\/index.php\/2023\/04\/13\/tecnologia-y-acuicultura\/\" target=\"_self\" rel=\"bookmark noopener noreferrer\">Read More<\/a>\n\t\t\t<\/div>\n\t\t\t\t\t\t\t\t\t\t\t\t<\/article>\n\t\t\t\t\t\t\t\t\t\t\t\t\t\t\t\t<article class=\"uagb-post__inner-wrap\">\t\t\t\t\t\t\t\t<div class='uagb-post__image'>\n\t\t\t\t\t\t\t\t\t<a href=\"https:\/\/cori.institute\/index.php\/2023\/04\/05\/tratado-de-los-oceanos-icues\/\" target=\"_self\" rel=\"bookmark noopener noreferrer\"><img loading=\"lazy\" decoding=\"async\" width=\"1200\" height=\"900\" src=\"https:\/\/cori.institute\/wp-content\/uploads\/2023\/04\/oceano-icues-tratado-de-la-unesco.jpg\" class=\"attachment-full size-full\" alt=\"oceano icues tratado de la unesco\" srcset=\"https:\/\/cori.institute\/wp-content\/uploads\/2023\/04\/oceano-icues-tratado-de-la-unesco.jpg 1200w, https:\/\/cori.institute\/wp-content\/uploads\/2023\/04\/oceano-icues-tratado-de-la-unesco-300x225.jpg 300w, https:\/\/cori.institute\/wp-content\/uploads\/2023\/04\/oceano-icues-tratado-de-la-unesco-1024x768.jpg 1024w, https:\/\/cori.institute\/wp-content\/uploads\/2023\/04\/oceano-icues-tratado-de-la-unesco-768x576.jpg 768w\" sizes=\"(max-width: 1200px) 100vw, 1200px\" \/>\t\t\t\t\t<\/a>\n\t\t\t\t\t\t\t\t\t<\/div>\n\t\t\t\t\t\t<h3 class=\"uagb-post__title uagb-post__text\">\n\t\t\t\t<a href=\"https:\/\/cori.institute\/index.php\/2023\/04\/05\/tratado-de-los-oceanos-icues\/\" target=\"_self\" rel=\"bookmark noopener noreferrer\">El Tratado de los Oceanos, con Sara Garc\u00eda en ICUES<\/a>\n\t\t\t<\/h3>\n\t\t\t\t\t\t<div class='uagb-post__text uagb-post-grid-byline'>\n\t\t\t\t\t\t\t<\/div>\n\t\t\t\t\t\t<div class=\"uagb-post__text uagb-post__cta wp-block-button\">\n\t\t\t\t<a class=\"wp-block-button__link uagb-text-link\" href=\"https:\/\/cori.institute\/index.php\/2023\/04\/05\/tratado-de-los-oceanos-icues\/\" target=\"_self\" rel=\"bookmark noopener noreferrer\">Read More<\/a>\n\t\t\t<\/div>\n\t\t\t\t\t\t\t\t\t\t\t\t<\/article>\n\t\t\t\t\t\t\t\t\t\t\t\t\t\t\t\t<article class=\"uagb-post__inner-wrap\">\t\t\t\t\t\t\t\t<div class='uagb-post__image'>\n\t\t\t\t\t\t\t\t\t<a href=\"https:\/\/cori.institute\/index.php\/2023\/03\/30\/la-espana-azul-y-ies-mediterraneo\/\" target=\"_self\" rel=\"bookmark noopener noreferrer\"><img loading=\"lazy\" decoding=\"async\" width=\"1280\" height=\"720\" src=\"https:\/\/cori.institute\/wp-content\/uploads\/2023\/03\/photo168000017.jpeg\" class=\"attachment-full size-full\" alt=\"la espa\u00f1a azul, con nacho dean, y los alumnos del ies mediterraneo\" srcset=\"https:\/\/cori.institute\/wp-content\/uploads\/2023\/03\/photo168000017.jpeg 1280w, https:\/\/cori.institute\/wp-content\/uploads\/2023\/03\/photo168000017-300x169.jpeg 300w, https:\/\/cori.institute\/wp-content\/uploads\/2023\/03\/photo168000017-1024x576.jpeg 1024w, https:\/\/cori.institute\/wp-content\/uploads\/2023\/03\/photo168000017-768x432.jpeg 768w\" sizes=\"(max-width: 1280px) 100vw, 1280px\" \/>\t\t\t\t\t<\/a>\n\t\t\t\t\t\t\t\t\t<\/div>\n\t\t\t\t\t\t<h3 class=\"uagb-post__title uagb-post__text\">\n\t\t\t\t<a href=\"https:\/\/cori.institute\/index.php\/2023\/03\/30\/la-espana-azul-y-ies-mediterraneo\/\" target=\"_self\" rel=\"bookmark noopener noreferrer\">La Espa\u00f1a Azul, con Nacho Dean y el IES Mediterr\u00e1neo<\/a>\n\t\t\t<\/h3>\n\t\t\t\t\t\t<div class='uagb-post__text uagb-post-grid-byline'>\n\t\t\t\t\t\t\t<\/div>\n\t\t\t\t\t\t<div class=\"uagb-post__text uagb-post__cta wp-block-button\">\n\t\t\t\t<a class=\"wp-block-button__link uagb-text-link\" href=\"https:\/\/cori.institute\/index.php\/2023\/03\/30\/la-espana-azul-y-ies-mediterraneo\/\" target=\"_self\" rel=\"bookmark noopener noreferrer\">Read More<\/a>\n\t\t\t<\/div>\n\t\t\t\t\t\t\t\t\t\t\t\t<\/article>\n\t\t\t\t\t\t\t\t\t\t\t<\/div>\n\t\t\t<\/div><\/div>\n","protected":false},"excerpt":{"rendered":"<p>MiniTransat, atravesar el Atl\u00e1ntico en una barca de vela sin asistencia ni comunicaci\u00f3n La MiniTransat es una competici\u00f3n en la que los participantes atraviesan el Atl\u00e1ntico en una barca de vela ellos solos, sin asistencia ni comunicaci\u00f3n. Carlos Manera, un barcelon\u00e9s que este a\u00f1o vuelve a repetir participaci\u00f3n en esta regata, nos ha contado en [&hellip;]<\/p>\n","protected":false},"author":2,"featured_media":1125,"comment_status":"closed","ping_status":"open","sticky":false,"template":"","format":"standard","meta":{"_uag_custom_page_level_css":"","site-sidebar-layout":"default","site-content-layout":"","ast-site-content-layout":"default","site-content-style":"default","site-sidebar-style":"default","ast-global-header-display":"","ast-banner-title-visibility":"","ast-main-header-display":"","ast-hfb-above-header-display":"","ast-hfb-below-header-display":"","ast-hfb-mobile-header-display":"","site-post-title":"disabled","ast-breadcrumbs-content":"","ast-featured-img":"disabled","footer-sml-layout":"","theme-transparent-header-meta":"","adv-header-id-meta":"","stick-header-meta":"","header-above-stick-meta":"","header-main-stick-meta":"","header-below-stick-meta":"","astra-migrate-meta-layouts":"set","ast-page-background-enabled":"default","ast-page-background-meta":{"desktop":{"background-color":"var(--ast-global-color-4)","background-image":"","background-repeat":"repeat","background-position":"center center","background-size":"auto","background-attachment":"scroll","background-type":"","background-media":"","overlay-type":"","overlay-color":"","overlay-gradient":""},"tablet":{"background-color":"","background-image":"","background-repeat":"repeat","background-position":"center center","background-size":"auto","background-attachment":"scroll","background-type":"","background-media":"","overlay-type":"","overlay-color":"","overlay-gradient":""},"mobile":{"background-color":"","background-image":"","background-repeat":"repeat","background-position":"center center","background-size":"auto","background-attachment":"scroll","background-type":"","background-media":"","overlay-type":"","overlay-color":"","overlay-gradient":""}},"ast-content-background-meta":{"desktop":{"background-color":"var(--ast-global-color-5)","background-image":"","background-repeat":"repeat","background-position":"center center","background-size":"auto","background-attachment":"scroll","background-type":"","background-media":"","overlay-type":"","overlay-color":"","overlay-gradient":""},"tablet":{"background-color":"var(--ast-global-color-5)","background-image":"","background-repeat":"repeat","background-position":"center center","background-size":"auto","background-attachment":"scroll","background-type":"","background-media":"","overlay-type":"","overlay-color":"","overlay-gradient":""},"mobile":{"background-color":"var(--ast-global-color-5)","background-image":"","background-repeat":"repeat","background-position":"center center","background-size":"auto","background-attachment":"scroll","background-type":"","background-media":"","overlay-type":"","overlay-color":"","overlay-gradient":""}},"_themeisle_gutenberg_block_has_review":false,"footnotes":""},"categories":[10],"tags":[],"class_list":["post-1124","post","type-post","status-publish","format-standard","has-post-thumbnail","hentry","category-noticias"],"yoast_head":"<!-- This site is optimized with the Yoast SEO plugin v22.3 - https:\/\/yoast.com\/wordpress\/plugins\/seo\/ -->\n<title>MiniTransat - Atravesar el Atl\u00e1ntico en Velero Solo<\/title>\n<meta name=\"description\" content=\"Hablamos con uno de los participantes de la MiniTransat, una competici\u00f3n de barcos de vela en la que se atraviesa el Atl\u00e1ntico en velero.\" \/>\n<meta name=\"robots\" content=\"index, follow, max-snippet:-1, max-image-preview:large, max-video-preview:-1\" \/>\n<link rel=\"canonical\" href=\"https:\/\/cori.institute\/index.php\/2023\/02\/06\/minitransat-atravesar-el-atlantico-en-una-barca-de-vela-sin-asistencia-ni-comunicacion\/\" \/>\n<meta property=\"og:locale\" content=\"en_US\" \/>\n<meta property=\"og:type\" content=\"article\" \/>\n<meta property=\"og:title\" content=\"MiniTransat - Atravesar el Atl\u00e1ntico en Velero Solo\" \/>\n<meta property=\"og:description\" content=\"Hablamos con uno de los participantes de la MiniTransat, una competici\u00f3n de barcos de vela en la que se atraviesa el Atl\u00e1ntico en velero.\" \/>\n<meta property=\"og:url\" content=\"https:\/\/cori.institute\/index.php\/2023\/02\/06\/minitransat-atravesar-el-atlantico-en-una-barca-de-vela-sin-asistencia-ni-comunicacion\/\" \/>\n<meta property=\"article:published_time\" content=\"2023-02-06T21:02:17+00:00\" \/>\n<meta property=\"article:modified_time\" content=\"2023-09-11T16:19:39+00:00\" \/>\n<meta property=\"og:image\" content=\"https:\/\/cori.institute\/wp-content\/uploads\/2023\/02\/carlos-manera.jpg\" \/>\n\t<meta property=\"og:image:width\" content=\"768\" \/>\n\t<meta property=\"og:image:height\" content=\"564\" \/>\n\t<meta property=\"og:image:type\" content=\"image\/jpeg\" \/>\n<meta name=\"author\" content=\"Marina\" \/>\n<meta name=\"twitter:card\" content=\"summary_large_image\" \/>\n<meta name=\"twitter:label1\" content=\"Written by\" \/>\n\t<meta name=\"twitter:data1\" content=\"Marina\" \/>\n\t<meta name=\"twitter:label2\" content=\"Est. reading time\" \/>\n\t<meta name=\"twitter:data2\" content=\"2 minutes\" \/>\n<script type=\"application\/ld+json\" class=\"yoast-schema-graph\">{\"@context\":\"https:\/\/schema.org\",\"@graph\":[{\"@type\":\"WebPage\",\"@id\":\"https:\/\/cori.institute\/index.php\/2023\/02\/06\/minitransat-atravesar-el-atlantico-en-una-barca-de-vela-sin-asistencia-ni-comunicacion\/\",\"url\":\"https:\/\/cori.institute\/index.php\/2023\/02\/06\/minitransat-atravesar-el-atlantico-en-una-barca-de-vela-sin-asistencia-ni-comunicacion\/\",\"name\":\"MiniTransat - Atravesar el Atl\u00e1ntico en Velero Solo\",\"isPartOf\":{\"@id\":\"https:\/\/cori.institute\/#website\"},\"primaryImageOfPage\":{\"@id\":\"https:\/\/cori.institute\/index.php\/2023\/02\/06\/minitransat-atravesar-el-atlantico-en-una-barca-de-vela-sin-asistencia-ni-comunicacion\/#primaryimage\"},\"image\":{\"@id\":\"https:\/\/cori.institute\/index.php\/2023\/02\/06\/minitransat-atravesar-el-atlantico-en-una-barca-de-vela-sin-asistencia-ni-comunicacion\/#primaryimage\"},\"thumbnailUrl\":\"https:\/\/cori.institute\/wp-content\/uploads\/2023\/02\/carlos-manera.jpg\",\"datePublished\":\"2023-02-06T21:02:17+00:00\",\"dateModified\":\"2023-09-11T16:19:39+00:00\",\"author\":{\"@id\":\"https:\/\/cori.institute\/#\/schema\/person\/22c0b0090fd99161e4b55d25dc27018a\"},\"description\":\"Hablamos con uno de los participantes de la MiniTransat, una competici\u00f3n de barcos de vela en la que se atraviesa el Atl\u00e1ntico en velero.\",\"breadcrumb\":{\"@id\":\"https:\/\/cori.institute\/index.php\/2023\/02\/06\/minitransat-atravesar-el-atlantico-en-una-barca-de-vela-sin-asistencia-ni-comunicacion\/#breadcrumb\"},\"inLanguage\":\"en-US\",\"potentialAction\":[{\"@type\":\"ReadAction\",\"target\":[\"https:\/\/cori.institute\/index.php\/2023\/02\/06\/minitransat-atravesar-el-atlantico-en-una-barca-de-vela-sin-asistencia-ni-comunicacion\/\"]}]},{\"@type\":\"ImageObject\",\"inLanguage\":\"en-US\",\"@id\":\"https:\/\/cori.institute\/index.php\/2023\/02\/06\/minitransat-atravesar-el-atlantico-en-una-barca-de-vela-sin-asistencia-ni-comunicacion\/#primaryimage\",\"url\":\"https:\/\/cori.institute\/wp-content\/uploads\/2023\/02\/carlos-manera.jpg\",\"contentUrl\":\"https:\/\/cori.institute\/wp-content\/uploads\/2023\/02\/carlos-manera.jpg\",\"width\":768,\"height\":564,\"caption\":\"carlos manera\"},{\"@type\":\"BreadcrumbList\",\"@id\":\"https:\/\/cori.institute\/index.php\/2023\/02\/06\/minitransat-atravesar-el-atlantico-en-una-barca-de-vela-sin-asistencia-ni-comunicacion\/#breadcrumb\",\"itemListElement\":[{\"@type\":\"ListItem\",\"position\":1,\"name\":\"Portada\",\"item\":\"https:\/\/cori.institute\/\"},{\"@type\":\"ListItem\",\"position\":2,\"name\":\"MiniTransat, atravesar el Atl\u00e1ntico en una barca de vela sin asistencia ni comunicaci\u00f3n\"}]},{\"@type\":\"WebSite\",\"@id\":\"https:\/\/cori.institute\/#website\",\"url\":\"https:\/\/cori.institute\/\",\"name\":\"\",\"description\":\"Descubriendo el oc\u00e9ano invisible\",\"potentialAction\":[{\"@type\":\"SearchAction\",\"target\":{\"@type\":\"EntryPoint\",\"urlTemplate\":\"https:\/\/cori.institute\/?s={search_term_string}\"},\"query-input\":\"required name=search_term_string\"}],\"inLanguage\":\"en-US\"},{\"@type\":\"Person\",\"@id\":\"https:\/\/cori.institute\/#\/schema\/person\/22c0b0090fd99161e4b55d25dc27018a\",\"name\":\"Marina\",\"image\":{\"@type\":\"ImageObject\",\"inLanguage\":\"en-US\",\"@id\":\"https:\/\/cori.institute\/#\/schema\/person\/image\/\",\"url\":\"https:\/\/secure.gravatar.com\/avatar\/f6e61f3c0a90145b6c28bae31d494e281804247062f24f8f102470996b6678d9?s=96&d=mm&r=g\",\"contentUrl\":\"https:\/\/secure.gravatar.com\/avatar\/f6e61f3c0a90145b6c28bae31d494e281804247062f24f8f102470996b6678d9?s=96&d=mm&r=g\",\"caption\":\"Marina\"}}]}<\/script>\n<!-- \/ Yoast SEO plugin. -->","yoast_head_json":{"title":"MiniTransat - Atravesar el Atl\u00e1ntico en Velero Solo","description":"Hablamos con uno de los participantes de la MiniTransat, una competici\u00f3n de barcos de vela en la que se atraviesa el Atl\u00e1ntico en velero.","robots":{"index":"index","follow":"follow","max-snippet":"max-snippet:-1","max-image-preview":"max-image-preview:large","max-video-preview":"max-video-preview:-1"},"canonical":"https:\/\/cori.institute\/index.php\/2023\/02\/06\/minitransat-atravesar-el-atlantico-en-una-barca-de-vela-sin-asistencia-ni-comunicacion\/","og_locale":"en_US","og_type":"article","og_title":"MiniTransat - Atravesar el Atl\u00e1ntico en Velero Solo","og_description":"Hablamos con uno de los participantes de la MiniTransat, una competici\u00f3n de barcos de vela en la que se atraviesa el Atl\u00e1ntico en velero.","og_url":"https:\/\/cori.institute\/index.php\/2023\/02\/06\/minitransat-atravesar-el-atlantico-en-una-barca-de-vela-sin-asistencia-ni-comunicacion\/","article_published_time":"2023-02-06T21:02:17+00:00","article_modified_time":"2023-09-11T16:19:39+00:00","og_image":[{"width":768,"height":564,"url":"https:\/\/cori.institute\/wp-content\/uploads\/2023\/02\/carlos-manera.jpg","type":"image\/jpeg"}],"author":"Marina","twitter_card":"summary_large_image","twitter_misc":{"Written by":"Marina","Est. reading time":"2 minutes"},"schema":{"@context":"https:\/\/schema.org","@graph":[{"@type":"WebPage","@id":"https:\/\/cori.institute\/index.php\/2023\/02\/06\/minitransat-atravesar-el-atlantico-en-una-barca-de-vela-sin-asistencia-ni-comunicacion\/","url":"https:\/\/cori.institute\/index.php\/2023\/02\/06\/minitransat-atravesar-el-atlantico-en-una-barca-de-vela-sin-asistencia-ni-comunicacion\/","name":"MiniTransat - Atravesar el Atl\u00e1ntico en Velero Solo","isPartOf":{"@id":"https:\/\/cori.institute\/#website"},"primaryImageOfPage":{"@id":"https:\/\/cori.institute\/index.php\/2023\/02\/06\/minitransat-atravesar-el-atlantico-en-una-barca-de-vela-sin-asistencia-ni-comunicacion\/#primaryimage"},"image":{"@id":"https:\/\/cori.institute\/index.php\/2023\/02\/06\/minitransat-atravesar-el-atlantico-en-una-barca-de-vela-sin-asistencia-ni-comunicacion\/#primaryimage"},"thumbnailUrl":"https:\/\/cori.institute\/wp-content\/uploads\/2023\/02\/carlos-manera.jpg","datePublished":"2023-02-06T21:02:17+00:00","dateModified":"2023-09-11T16:19:39+00:00","author":{"@id":"https:\/\/cori.institute\/#\/schema\/person\/22c0b0090fd99161e4b55d25dc27018a"},"description":"Hablamos con uno de los participantes de la MiniTransat, una competici\u00f3n de barcos de vela en la que se atraviesa el Atl\u00e1ntico en velero.","breadcrumb":{"@id":"https:\/\/cori.institute\/index.php\/2023\/02\/06\/minitransat-atravesar-el-atlantico-en-una-barca-de-vela-sin-asistencia-ni-comunicacion\/#breadcrumb"},"inLanguage":"en-US","potentialAction":[{"@type":"ReadAction","target":["https:\/\/cori.institute\/index.php\/2023\/02\/06\/minitransat-atravesar-el-atlantico-en-una-barca-de-vela-sin-asistencia-ni-comunicacion\/"]}]},{"@type":"ImageObject","inLanguage":"en-US","@id":"https:\/\/cori.institute\/index.php\/2023\/02\/06\/minitransat-atravesar-el-atlantico-en-una-barca-de-vela-sin-asistencia-ni-comunicacion\/#primaryimage","url":"https:\/\/cori.institute\/wp-content\/uploads\/2023\/02\/carlos-manera.jpg","contentUrl":"https:\/\/cori.institute\/wp-content\/uploads\/2023\/02\/carlos-manera.jpg","width":768,"height":564,"caption":"carlos manera"},{"@type":"BreadcrumbList","@id":"https:\/\/cori.institute\/index.php\/2023\/02\/06\/minitransat-atravesar-el-atlantico-en-una-barca-de-vela-sin-asistencia-ni-comunicacion\/#breadcrumb","itemListElement":[{"@type":"ListItem","position":1,"name":"Portada","item":"https:\/\/cori.institute\/"},{"@type":"ListItem","position":2,"name":"MiniTransat, atravesar el Atl\u00e1ntico en una barca de vela sin asistencia ni comunicaci\u00f3n"}]},{"@type":"WebSite","@id":"https:\/\/cori.institute\/#website","url":"https:\/\/cori.institute\/","name":"","description":"Descubriendo el oc\u00e9ano invisible","potentialAction":[{"@type":"SearchAction","target":{"@type":"EntryPoint","urlTemplate":"https:\/\/cori.institute\/?s={search_term_string}"},"query-input":"required name=search_term_string"}],"inLanguage":"en-US"},{"@type":"Person","@id":"https:\/\/cori.institute\/#\/schema\/person\/22c0b0090fd99161e4b55d25dc27018a","name":"Marina","image":{"@type":"ImageObject","inLanguage":"en-US","@id":"https:\/\/cori.institute\/#\/schema\/person\/image\/","url":"https:\/\/secure.gravatar.com\/avatar\/f6e61f3c0a90145b6c28bae31d494e281804247062f24f8f102470996b6678d9?s=96&d=mm&r=g","contentUrl":"https:\/\/secure.gravatar.com\/avatar\/f6e61f3c0a90145b6c28bae31d494e281804247062f24f8f102470996b6678d9?s=96&d=mm&r=g","caption":"Marina"}}]}},"uagb_featured_image_src":{"full":["https:\/\/cori.institute\/wp-content\/uploads\/2023\/02\/carlos-manera.jpg",768,564,false],"thumbnail":["https:\/\/cori.institute\/wp-content\/uploads\/2023\/02\/carlos-manera-150x150.jpg",150,150,true],"medium":["https:\/\/cori.institute\/wp-content\/uploads\/2023\/02\/carlos-manera-300x220.jpg",300,220,true],"medium_large":["https:\/\/cori.institute\/wp-content\/uploads\/2023\/02\/carlos-manera.jpg",768,564,false],"large":["https:\/\/cori.institute\/wp-content\/uploads\/2023\/02\/carlos-manera.jpg",768,564,false],"1536x1536":["https:\/\/cori.institute\/wp-content\/uploads\/2023\/02\/carlos-manera.jpg",768,564,false],"2048x2048":["https:\/\/cori.institute\/wp-content\/uploads\/2023\/02\/carlos-manera.jpg",768,564,false]},"uagb_author_info":{"display_name":"Marina","author_link":"https:\/\/cori.institute\/index.php\/author\/marina\/"},"uagb_comment_info":0,"uagb_excerpt":"MiniTransat, atravesar el Atl\u00e1ntico en una barca de vela sin asistencia ni comunicaci\u00f3n La MiniTransat es una competici\u00f3n en la que los participantes atraviesan el Atl\u00e1ntico en una barca de vela ellos solos, sin asistencia ni comunicaci\u00f3n. Carlos Manera, un barcelon\u00e9s que este a\u00f1o vuelve a repetir participaci\u00f3n en esta regata, nos ha contado en&hellip;","_links":{"self":[{"href":"https:\/\/cori.institute\/index.php\/wp-json\/wp\/v2\/posts\/1124","targetHints":{"allow":["GET"]}}],"collection":[{"href":"https:\/\/cori.institute\/index.php\/wp-json\/wp\/v2\/posts"}],"about":[{"href":"https:\/\/cori.institute\/index.php\/wp-json\/wp\/v2\/types\/post"}],"author":[{"embeddable":true,"href":"https:\/\/cori.institute\/index.php\/wp-json\/wp\/v2\/users\/2"}],"replies":[{"embeddable":true,"href":"https:\/\/cori.institute\/index.php\/wp-json\/wp\/v2\/comments?post=1124"}],"version-history":[{"count":0,"href":"https:\/\/cori.institute\/index.php\/wp-json\/wp\/v2\/posts\/1124\/revisions"}],"wp:featuredmedia":[{"embeddable":true,"href":"https:\/\/cori.institute\/index.php\/wp-json\/wp\/v2\/media\/1125"}],"wp:attachment":[{"href":"https:\/\/cori.institute\/index.php\/wp-json\/wp\/v2\/media?parent=1124"}],"wp:term":[{"taxonomy":"category","embeddable":true,"href":"https:\/\/cori.institute\/index.php\/wp-json\/wp\/v2\/categories?post=1124"},{"taxonomy":"post_tag","embeddable":true,"href":"https:\/\/cori.institute\/index.php\/wp-json\/wp\/v2\/tags?post=1124"}],"curies":[{"name":"wp","href":"https:\/\/api.w.org\/{rel}","templated":true}]}}