{"id":1146,"date":"2023-02-21T19:51:13","date_gmt":"2023-02-21T19:51:13","guid":{"rendered":"https:\/\/cori.institute\/?p=1146"},"modified":"2023-09-11T16:23:55","modified_gmt":"2023-09-11T16:23:55","slug":"cinco-curiosidades-sobre-las-ballenas","status":"publish","type":"post","link":"https:\/\/cori.institute\/index.php\/2023\/02\/21\/cinco-curiosidades-sobre-las-ballenas\/","title":{"rendered":"Cinco curiosidades sobre las Ballenas"},"content":{"rendered":"\n<div style=\"height:33px\" aria-hidden=\"true\" class=\"wp-block-spacer\"><\/div>\n\n\n\n<h1 class=\"wp-block-heading\">5 curiosidades sobre las Ballenas<\/h1>\n\n\n\n<p><strong>Las ballenas han sido objeto de fascinaci\u00f3n durante siglos<\/strong>, y su historia est\u00e1 llena de descubrimientos y leyendas. El pasado 19 de febrero se celebraba &#8216;<strong>El D\u00eda Internacional de las Ballenas<\/strong>&#8216; para recordarnos la importancia que esta especie tiene en los oc\u00e9anos. Adem\u00e1s, <strong>su papel en el ecosistema del Mediterr\u00e1neo es crucial<\/strong>. Exponemos a continuaci\u00f3n cinco curiosidades sobre las ballenas, animal emblem\u00e1tico en nuestros oc\u00e9anos.<\/p>\n\n\n\n<figure class=\"wp-block-image aligncenter size-large is-resized has-custom-border\"><img decoding=\"async\" src=\"https:\/\/cori.institute\/wp-content\/uploads\/2023\/02\/ballenas-1024x640.jpg\" alt=\"ballenas nadando\" class=\"wp-image-1147\" style=\"border-radius:50px;width:800px\" width=\"800\" srcset=\"https:\/\/cori.institute\/wp-content\/uploads\/2023\/02\/ballenas-1024x640.jpg 1024w, https:\/\/cori.institute\/wp-content\/uploads\/2023\/02\/ballenas-300x188.jpg 300w, https:\/\/cori.institute\/wp-content\/uploads\/2023\/02\/ballenas-768x480.jpg 768w, https:\/\/cori.institute\/wp-content\/uploads\/2023\/02\/ballenas-1536x960.jpg 1536w, https:\/\/cori.institute\/wp-content\/uploads\/2023\/02\/ballenas.jpg 1920w\" sizes=\"(max-width: 1024px) 100vw, 1024px\" \/><\/figure>\n\n\n\n<p style=\"margin-top:var(--wp--preset--spacing--50)\">La historia de las ballenas es compleja, ya que los seres humanos han estado interactuando con estos animales durante miles de a\u00f1os. En algunas culturas ind\u00edgenas, las ballenas eran consideradas <strong>animales sagrados<\/strong>, mientras que en otras, eran cazadas para obtener su carne y grasa. <strong>La caza de ballenas alcanz\u00f3 su punto m\u00e1ximo en el siglo XIX<\/strong>, cuando se cazaban cientos de miles de ballenas cada a\u00f1o para obtener aceite de ballena. Esta pr\u00e1ctica provoc\u00f3 una disminuci\u00f3n dram\u00e1tica en las poblaciones de ballenas en todo el mundo, lo que llev\u00f3 a la <strong>prohibici\u00f3n de la caza comercial de ballenas en la d\u00e9cada de 1980<\/strong>. Para conocer un poco m\u00e1s a este animal, comenzamos con estas cinco curiosidades sobre las ballenas:<\/p>\n\n\n\n<h2 class=\"wp-block-heading\">1. La ballena azul, el animal m\u00e1s grande del planeta<\/h2>\n\n\n\n<p>La ballena azul (Balaenoptera musculus) es el animal m\u00e1s grande del planeta. Un adulto promedio puede medir hasta 30 metros de largo y pesar m\u00e1s de 170 toneladas. Es dif\u00edcil imaginar algo tan grande, pero para ponerlo en perspectiva, \u00a1<strong>una ballena azul puede ser tan larga como tres autobuses escolares juntos<\/strong>! Estas ballenas se alimentan principalmente de krill, un peque\u00f1o crust\u00e1ceo, y pueden consumir hasta 3.6 toneladas de krill en un solo d\u00eda.<\/p>\n\n\n\n<h2 class=\"wp-block-heading\">2. La comunicaci\u00f3n de las ballenas jorobadas<\/h2>\n\n\n\n<p>Otra curiosidad sobre las ballenas es la <strong>complejidad de su comunicaci\u00f3n<\/strong>. Las ballenas jorobadas (Megaptera novaeangliae), que se pueden encontrar en el Mediterr\u00e1neo, tienen una de las vocalizaciones m\u00e1s variadas de cualquier animal en la Tierra. Utilizan una serie de sonidos diferentes, como <strong>gemidos, silbidos y gritos, para comunicarse entre ellas<\/strong>. Algunos de estos<strong> sonidos pueden viajar cientos de kil\u00f3metros a trav\u00e9s del oc\u00e9ano<\/strong>, lo que permite a las ballenas jorobadas comunicarse a grandes distancias.<\/p>\n\n\n\n<h2 class=\"wp-block-heading\">3. Las ballenas beluga y su habilidad para moldear su sonido<\/h2>\n\n\n\n<p>Las ballenas beluga (Delphinapterus leucas) tambi\u00e9n tienen una habilidad vocal \u00fanica. <strong>Estas ballenas pueden cambiar la forma de sus cabezas para moldear su sonido y emitir sonidos diferentes<\/strong>. Los cient\u00edficos creen que esta habilidad les permite comunicarse mejor en aguas heladas y turbias. Adem\u00e1s, estas ballenas tambi\u00e9n son capaces de <strong>nadar hacia atr\u00e1s<\/strong>, lo que les permite navegar en \u00e1reas estrechas y en aguas poco profundas.<\/p>\n\n\n\n<h2 class=\"wp-block-heading\">4. Las ballenas grises y su migraci\u00f3n<\/h2>\n\n\n\n<p>Las ballenas grises (Eschrichtius robustus) tambi\u00e9n tienen un comportamiento sorprendente: <strong>realizan una de las migraciones m\u00e1s largas de cualquier mam\u00edfero<\/strong>. Cada a\u00f1o, estas ballenas <strong>viajan m\u00e1s de 20,000 kil\u00f3metros desde sus zonas de alimentaci\u00f3n en el \u00c1rtico hasta sus zonas de apareamiento en M\u00e9xico<\/strong>. Este viaje puede durar hasta seis meses, y las ballenas grises tienen que enfrentar peligros como la caza furtiva y el cambio clim\u00e1tico en el camino.<\/p>\n\n\n\n<figure class=\"wp-block-image aligncenter size-full is-resized has-custom-border\"><img decoding=\"async\" src=\"https:\/\/cori.institute\/wp-content\/uploads\/2023\/02\/ballena-en-el-oceano.jpg\" alt=\"\" class=\"wp-image-1148\" style=\"border-radius:50px;width:800px\" width=\"800\" srcset=\"https:\/\/cori.institute\/wp-content\/uploads\/2023\/02\/ballena-en-el-oceano.jpg 1200w, https:\/\/cori.institute\/wp-content\/uploads\/2023\/02\/ballena-en-el-oceano-300x158.jpg 300w, https:\/\/cori.institute\/wp-content\/uploads\/2023\/02\/ballena-en-el-oceano-1024x538.jpg 1024w, https:\/\/cori.institute\/wp-content\/uploads\/2023\/02\/ballena-en-el-oceano-768x403.jpg 768w\" sizes=\"(max-width: 1200px) 100vw, 1200px\" \/><\/figure>\n\n\n\n<h2 class=\"wp-block-heading\" style=\"margin-top:var(--wp--preset--spacing--50)\">5. Las ballenas asesinas y su t\u00e9cnica de caza en grupo<\/h2>\n\n\n\n<p>Otra de las cinco curiosidades sobre las ballenas es que las ballenas asesinas (Orcinus orca) son los <strong>depredadores m\u00e1s grandes del oc\u00e9ano<\/strong> y tienen una t\u00e9cnica de caza en grupo \u00fanica. Estas ballenas <strong>trabajan juntas para atrapar presas m\u00e1s grandes que ellas mismas<\/strong>, como focas, ping\u00fcinos y en algunos casos, incluso ballenas m\u00e1s grandes. Las ballenas asesinas utilizan su inteligencia y habilidades para enga\u00f1ar y separar a su presa, antes de realizar un ataque coordinado.<\/p>\n\n\n\n<p>Adem\u00e1s de estas curiosidades, es importante mencionar el <strong>h\u00e1bitat en el que viven las ballenas<\/strong>. Aunque se pueden encontrar en todos los oc\u00e9anos del mundo, algunas especies de ballenas prefieren ciertas \u00e1reas. En el caso del <strong>Mediterr\u00e1neo, es posible encontrar ballenas comunes, jorobadas, cachalotes y rorcuales<\/strong>, entre otras. Sin embargo, <strong>muchas de estas especies est\u00e1n en peligro debido a la caza y a la contaminaci\u00f3n del agua<\/strong>.<\/p>\n\n\n\n<h2 class=\"wp-block-heading\">Otros desaf\u00edos a los que se enfrentan las ballenas<\/h2>\n\n\n\n<p><strong>La <a href=\"https:\/\/open.spotify.com\/episode\/2qYPhIWjvvut4j14ChiLrj\" target=\"_blank\" rel=\"noreferrer noopener\">contaminaci\u00f3n ac\u00fastica<\/a> <\/strong>(tema que tratamos en uno de los podcast de <a href=\"https:\/\/cori.institute\/index.php\/2022\/12\/22\/ices-de-cori-podcasr-con-onda-regional-sobre-el-oceano\/\">ICUES de<\/a><a href=\"https:\/\/cori.institute\/index.php\/2022\/12\/22\/ices-de-cori-podcasr-con-onda-regional-sobre-el-oceano\/\" target=\"_blank\" rel=\"noreferrer noopener\"> <\/a><a href=\"https:\/\/cori.institute\/index.php\/2022\/12\/22\/ices-de-cori-podcasr-con-onda-regional-sobre-el-oceano\/\">CORI<\/a>)<strong> tambi\u00e9n es un problema importante para las ballenas y su migraci\u00f3n<\/strong>. Las ballenas utilizan el sonido para comunicarse entre s\u00ed y para encontrar comida, pareja y rutas migratorias. Sin embargo, los <strong>sonidos producidos por el tr\u00e1fico mar\u00edtimo, la exploraci\u00f3n de petr\u00f3leo y gas<\/strong>, y otras actividades humanas <strong>pueden interferir<\/strong> en las comunicaciones de las ballenas y perturbar su comportamiento natural.<\/p>\n\n\n\n<p>Como medida ante este problema, se ha propuesto la creaci\u00f3n de zonas de protecci\u00f3n ac\u00fastica y la promoci\u00f3n de pr\u00e1cticas de navegaci\u00f3n m\u00e1s silenciosas. Tambi\u00e9n se est\u00e1n desarrollando tecnolog\u00edas para monitorear y controlar los niveles de ruido en las \u00e1reas sensibles de las ballenas.<\/p>\n\n\n\n<p>Es importante destacar que la contaminaci\u00f3n ac\u00fastica es solo uno de los muchos desaf\u00edos que enfrentan las ballenas en la actualidad. <strong>La caza, la pesca accidental, la contaminaci\u00f3n del agua y el cambio clim\u00e1tico <\/strong>son otros problemas que afectan a las poblaciones de ballenas en todo el mundo. Para proteger a estas criaturas y garantizar su supervivencia a largo plazo, es fundamental que se tomen medidas que los aborden.<\/p>\n\n\n\n<div class=\"wp-block-cover alignfull\"><span aria-hidden=\"true\" class=\"wp-block-cover__background has-background-dim-100 has-background-dim\" style=\"background-color:#0e0f26\"><\/span><div class=\"wp-block-cover__inner-container is-layout-constrained wp-block-cover-is-layout-constrained\">\n<h2 class=\"wp-block-heading\">\u00daltimas Noticias<\/h2>\n\n\n\n\t\t\t<div class=\"wp-block-uagb-post-carousel uagb-post-grid  uagb-post__image-position-top uagb-post__image-enabled uagb-block-d60a9147     uagb-post__arrow-outside uagb-slick-carousel uagb-post__items uagb-post__columns-3 is-carousel uagb-post__columns-tablet-2 uagb-post__columns-mobile-1 uagb-post__carousel_equal-height\" data-total=\"5\" style=\"\">\n\n\t\t\t\t\t\t\t\t\t\t\t\t<article class=\"uagb-post__inner-wrap\">\t\t\t\t\t\t\t\t<div class='uagb-post__image'>\n\t\t\t\t\t\t\t\t\t<a href=\"https:\/\/cori.institute\/index.php\/2023\/06\/05\/contaminacion-por-plastico-en-los-oceanos\/\" target=\"_self\" rel=\"bookmark noopener noreferrer\"><img fetchpriority=\"high\" decoding=\"async\" width=\"620\" height=\"349\" src=\"https:\/\/cori.institute\/wp-content\/uploads\/2023\/06\/plastico-playa.jpg\" class=\"attachment-full size-full\" alt=\"plastico en la playa\" srcset=\"https:\/\/cori.institute\/wp-content\/uploads\/2023\/06\/plastico-playa.jpg 620w, https:\/\/cori.institute\/wp-content\/uploads\/2023\/06\/plastico-playa-300x169.jpg 300w\" sizes=\"(max-width: 620px) 100vw, 620px\" \/>\t\t\t\t\t<\/a>\n\t\t\t\t\t\t\t\t\t<\/div>\n\t\t\t\t\t\t<h3 class=\"uagb-post__title uagb-post__text\">\n\t\t\t\t<a href=\"https:\/\/cori.institute\/index.php\/2023\/06\/05\/contaminacion-por-plastico-en-los-oceanos\/\" target=\"_self\" rel=\"bookmark noopener noreferrer\">La contaminaci\u00f3n por pl\u00e1sticos en los oc\u00e9anos<\/a>\n\t\t\t<\/h3>\n\t\t\t\t\t\t<div class='uagb-post__text uagb-post-grid-byline'>\n\t\t\t\t\t\t\t<\/div>\n\t\t\t\t\t\t<div class=\"uagb-post__text uagb-post__cta wp-block-button\">\n\t\t\t\t<a class=\"wp-block-button__link uagb-text-link\" href=\"https:\/\/cori.institute\/index.php\/2023\/06\/05\/contaminacion-por-plastico-en-los-oceanos\/\" target=\"_self\" rel=\"bookmark noopener noreferrer\">Read More<\/a>\n\t\t\t<\/div>\n\t\t\t\t\t\t\t\t\t\t\t\t<\/article>\n\t\t\t\t\t\t\t\t\t\t\t\t\t\t\t\t<article class=\"uagb-post__inner-wrap\">\t\t\t\t\t\t\t\t<div class='uagb-post__image'>\n\t\t\t\t\t\t\t\t\t<a href=\"https:\/\/cori.institute\/index.php\/2023\/04\/13\/tecnologia-y-acuicultura\/\" target=\"_self\" rel=\"bookmark noopener noreferrer\"><img decoding=\"async\" width=\"400\" height=\"354\" src=\"https:\/\/cori.institute\/wp-content\/uploads\/2023\/04\/acuicultura.jpg\" class=\"attachment-full size-full\" alt=\"acuicultura y tecnolog\u00eda\" srcset=\"https:\/\/cori.institute\/wp-content\/uploads\/2023\/04\/acuicultura.jpg 400w, https:\/\/cori.institute\/wp-content\/uploads\/2023\/04\/acuicultura-300x266.jpg 300w\" sizes=\"(max-width: 400px) 100vw, 400px\" \/>\t\t\t\t\t<\/a>\n\t\t\t\t\t\t\t\t\t<\/div>\n\t\t\t\t\t\t<h3 class=\"uagb-post__title uagb-post__text\">\n\t\t\t\t<a href=\"https:\/\/cori.institute\/index.php\/2023\/04\/13\/tecnologia-y-acuicultura\/\" target=\"_self\" rel=\"bookmark noopener noreferrer\">La influencia de la tecnolog\u00eda en la acuicultura<\/a>\n\t\t\t<\/h3>\n\t\t\t\t\t\t<div class='uagb-post__text uagb-post-grid-byline'>\n\t\t\t\t\t\t\t<\/div>\n\t\t\t\t\t\t<div class=\"uagb-post__text uagb-post__cta wp-block-button\">\n\t\t\t\t<a class=\"wp-block-button__link uagb-text-link\" href=\"https:\/\/cori.institute\/index.php\/2023\/04\/13\/tecnologia-y-acuicultura\/\" target=\"_self\" rel=\"bookmark noopener noreferrer\">Read More<\/a>\n\t\t\t<\/div>\n\t\t\t\t\t\t\t\t\t\t\t\t<\/article>\n\t\t\t\t\t\t\t\t\t\t\t\t\t\t\t\t<article class=\"uagb-post__inner-wrap\">\t\t\t\t\t\t\t\t<div class='uagb-post__image'>\n\t\t\t\t\t\t\t\t\t<a href=\"https:\/\/cori.institute\/index.php\/2023\/04\/05\/tratado-de-los-oceanos-icues\/\" target=\"_self\" rel=\"bookmark noopener noreferrer\"><img decoding=\"async\" width=\"1200\" height=\"900\" src=\"https:\/\/cori.institute\/wp-content\/uploads\/2023\/04\/oceano-icues-tratado-de-la-unesco.jpg\" class=\"attachment-full size-full\" alt=\"oceano icues tratado de la unesco\" srcset=\"https:\/\/cori.institute\/wp-content\/uploads\/2023\/04\/oceano-icues-tratado-de-la-unesco.jpg 1200w, https:\/\/cori.institute\/wp-content\/uploads\/2023\/04\/oceano-icues-tratado-de-la-unesco-300x225.jpg 300w, https:\/\/cori.institute\/wp-content\/uploads\/2023\/04\/oceano-icues-tratado-de-la-unesco-1024x768.jpg 1024w, https:\/\/cori.institute\/wp-content\/uploads\/2023\/04\/oceano-icues-tratado-de-la-unesco-768x576.jpg 768w\" sizes=\"(max-width: 1200px) 100vw, 1200px\" \/>\t\t\t\t\t<\/a>\n\t\t\t\t\t\t\t\t\t<\/div>\n\t\t\t\t\t\t<h3 class=\"uagb-post__title uagb-post__text\">\n\t\t\t\t<a href=\"https:\/\/cori.institute\/index.php\/2023\/04\/05\/tratado-de-los-oceanos-icues\/\" target=\"_self\" rel=\"bookmark noopener noreferrer\">El Tratado de los Oceanos, con Sara Garc\u00eda en ICUES<\/a>\n\t\t\t<\/h3>\n\t\t\t\t\t\t<div class='uagb-post__text uagb-post-grid-byline'>\n\t\t\t\t\t\t\t<\/div>\n\t\t\t\t\t\t<div class=\"uagb-post__text uagb-post__cta wp-block-button\">\n\t\t\t\t<a class=\"wp-block-button__link uagb-text-link\" href=\"https:\/\/cori.institute\/index.php\/2023\/04\/05\/tratado-de-los-oceanos-icues\/\" target=\"_self\" rel=\"bookmark noopener noreferrer\">Read More<\/a>\n\t\t\t<\/div>\n\t\t\t\t\t\t\t\t\t\t\t\t<\/article>\n\t\t\t\t\t\t\t\t\t\t\t\t\t\t\t\t<article class=\"uagb-post__inner-wrap\">\t\t\t\t\t\t\t\t<div class='uagb-post__image'>\n\t\t\t\t\t\t\t\t\t<a href=\"https:\/\/cori.institute\/index.php\/2023\/03\/30\/la-espana-azul-y-ies-mediterraneo\/\" target=\"_self\" rel=\"bookmark noopener noreferrer\"><img loading=\"lazy\" decoding=\"async\" width=\"1280\" height=\"720\" src=\"https:\/\/cori.institute\/wp-content\/uploads\/2023\/03\/photo168000017.jpeg\" class=\"attachment-full size-full\" alt=\"la espa\u00f1a azul, con nacho dean, y los alumnos del ies mediterraneo\" srcset=\"https:\/\/cori.institute\/wp-content\/uploads\/2023\/03\/photo168000017.jpeg 1280w, https:\/\/cori.institute\/wp-content\/uploads\/2023\/03\/photo168000017-300x169.jpeg 300w, https:\/\/cori.institute\/wp-content\/uploads\/2023\/03\/photo168000017-1024x576.jpeg 1024w, https:\/\/cori.institute\/wp-content\/uploads\/2023\/03\/photo168000017-768x432.jpeg 768w\" sizes=\"(max-width: 1280px) 100vw, 1280px\" \/>\t\t\t\t\t<\/a>\n\t\t\t\t\t\t\t\t\t<\/div>\n\t\t\t\t\t\t<h3 class=\"uagb-post__title uagb-post__text\">\n\t\t\t\t<a href=\"https:\/\/cori.institute\/index.php\/2023\/03\/30\/la-espana-azul-y-ies-mediterraneo\/\" target=\"_self\" rel=\"bookmark noopener noreferrer\">La Espa\u00f1a Azul, con Nacho Dean y el IES Mediterr\u00e1neo<\/a>\n\t\t\t<\/h3>\n\t\t\t\t\t\t<div class='uagb-post__text uagb-post-grid-byline'>\n\t\t\t\t\t\t\t<\/div>\n\t\t\t\t\t\t<div class=\"uagb-post__text uagb-post__cta wp-block-button\">\n\t\t\t\t<a class=\"wp-block-button__link uagb-text-link\" href=\"https:\/\/cori.institute\/index.php\/2023\/03\/30\/la-espana-azul-y-ies-mediterraneo\/\" target=\"_self\" rel=\"bookmark noopener noreferrer\">Read More<\/a>\n\t\t\t<\/div>\n\t\t\t\t\t\t\t\t\t\t\t\t<\/article>\n\t\t\t\t\t\t\t\t\t\t\t<\/div>\n\t\t\t<\/div><\/div>\n","protected":false},"excerpt":{"rendered":"<p>5 curiosidades sobre las Ballenas Las ballenas han sido objeto de fascinaci\u00f3n durante siglos, y su historia est\u00e1 llena de descubrimientos y leyendas. El pasado 19 de febrero se celebraba &#8216;El D\u00eda Internacional de las Ballenas&#8216; para recordarnos la importancia que esta especie tiene en los oc\u00e9anos. Adem\u00e1s, su papel en el ecosistema del Mediterr\u00e1neo [&hellip;]<\/p>\n","protected":false},"author":2,"featured_media":1147,"comment_status":"closed","ping_status":"open","sticky":false,"template":"","format":"standard","meta":{"_uag_custom_page_level_css":"","site-sidebar-layout":"default","site-content-layout":"","ast-site-content-layout":"default","site-content-style":"default","site-sidebar-style":"default","ast-global-header-display":"","ast-banner-title-visibility":"","ast-main-header-display":"","ast-hfb-above-header-display":"","ast-hfb-below-header-display":"","ast-hfb-mobile-header-display":"","site-post-title":"disabled","ast-breadcrumbs-content":"","ast-featured-img":"disabled","footer-sml-layout":"","theme-transparent-header-meta":"","adv-header-id-meta":"","stick-header-meta":"","header-above-stick-meta":"","header-main-stick-meta":"","header-below-stick-meta":"","astra-migrate-meta-layouts":"set","ast-page-background-enabled":"default","ast-page-background-meta":{"desktop":{"background-color":"var(--ast-global-color-4)","background-image":"","background-repeat":"repeat","background-position":"center center","background-size":"auto","background-attachment":"scroll","background-type":"","background-media":"","overlay-type":"","overlay-color":"","overlay-gradient":""},"tablet":{"background-color":"","background-image":"","background-repeat":"repeat","background-position":"center center","background-size":"auto","background-attachment":"scroll","background-type":"","background-media":"","overlay-type":"","overlay-color":"","overlay-gradient":""},"mobile":{"background-color":"","background-image":"","background-repeat":"repeat","background-position":"center center","background-size":"auto","background-attachment":"scroll","background-type":"","background-media":"","overlay-type":"","overlay-color":"","overlay-gradient":""}},"ast-content-background-meta":{"desktop":{"background-color":"var(--ast-global-color-5)","background-image":"","background-repeat":"repeat","background-position":"center center","background-size":"auto","background-attachment":"scroll","background-type":"","background-media":"","overlay-type":"","overlay-color":"","overlay-gradient":""},"tablet":{"background-color":"var(--ast-global-color-5)","background-image":"","background-repeat":"repeat","background-position":"center center","background-size":"auto","background-attachment":"scroll","background-type":"","background-media":"","overlay-type":"","overlay-color":"","overlay-gradient":""},"mobile":{"background-color":"var(--ast-global-color-5)","background-image":"","background-repeat":"repeat","background-position":"center center","background-size":"auto","background-attachment":"scroll","background-type":"","background-media":"","overlay-type":"","overlay-color":"","overlay-gradient":""}},"_themeisle_gutenberg_block_has_review":false,"footnotes":""},"categories":[10],"tags":[],"class_list":["post-1146","post","type-post","status-publish","format-standard","has-post-thumbnail","hentry","category-noticias"],"yoast_head":"<!-- This site is optimized with the Yoast SEO plugin v22.3 - https:\/\/yoast.com\/wordpress\/plugins\/seo\/ -->\n<title>5 Curiosidades sobre las Ballenas - CORI<\/title>\n<meta name=\"description\" content=\"Te presentamos 5 curiosidades sobre las ballenas, con informaci\u00f3n y descripci\u00f3n de la ballenas que se encuentran en nuestros mares.\" \/>\n<meta name=\"robots\" content=\"index, follow, max-snippet:-1, max-image-preview:large, max-video-preview:-1\" \/>\n<link rel=\"canonical\" href=\"https:\/\/cori.institute\/index.php\/2023\/02\/21\/cinco-curiosidades-sobre-las-ballenas\/\" \/>\n<meta property=\"og:locale\" content=\"en_US\" \/>\n<meta property=\"og:type\" content=\"article\" \/>\n<meta property=\"og:title\" content=\"5 Curiosidades sobre las Ballenas - CORI\" \/>\n<meta property=\"og:description\" content=\"Te presentamos 5 curiosidades sobre las ballenas, con informaci\u00f3n y descripci\u00f3n de la ballenas que se encuentran en nuestros mares.\" \/>\n<meta property=\"og:url\" content=\"https:\/\/cori.institute\/index.php\/2023\/02\/21\/cinco-curiosidades-sobre-las-ballenas\/\" \/>\n<meta property=\"article:published_time\" content=\"2023-02-21T19:51:13+00:00\" \/>\n<meta property=\"article:modified_time\" content=\"2023-09-11T16:23:55+00:00\" \/>\n<meta property=\"og:image\" content=\"https:\/\/cori.institute\/wp-content\/uploads\/2023\/02\/ballenas.jpg\" \/>\n\t<meta property=\"og:image:width\" content=\"1920\" \/>\n\t<meta property=\"og:image:height\" content=\"1200\" \/>\n\t<meta property=\"og:image:type\" content=\"image\/jpeg\" \/>\n<meta name=\"author\" content=\"Marina\" \/>\n<meta name=\"twitter:card\" content=\"summary_large_image\" \/>\n<meta name=\"twitter:label1\" content=\"Written by\" \/>\n\t<meta name=\"twitter:data1\" content=\"Marina\" \/>\n\t<meta name=\"twitter:label2\" content=\"Est. reading time\" \/>\n\t<meta name=\"twitter:data2\" content=\"5 minutes\" \/>\n<script type=\"application\/ld+json\" class=\"yoast-schema-graph\">{\"@context\":\"https:\/\/schema.org\",\"@graph\":[{\"@type\":\"WebPage\",\"@id\":\"https:\/\/cori.institute\/index.php\/2023\/02\/21\/cinco-curiosidades-sobre-las-ballenas\/\",\"url\":\"https:\/\/cori.institute\/index.php\/2023\/02\/21\/cinco-curiosidades-sobre-las-ballenas\/\",\"name\":\"5 Curiosidades sobre las Ballenas - CORI\",\"isPartOf\":{\"@id\":\"https:\/\/cori.institute\/#website\"},\"primaryImageOfPage\":{\"@id\":\"https:\/\/cori.institute\/index.php\/2023\/02\/21\/cinco-curiosidades-sobre-las-ballenas\/#primaryimage\"},\"image\":{\"@id\":\"https:\/\/cori.institute\/index.php\/2023\/02\/21\/cinco-curiosidades-sobre-las-ballenas\/#primaryimage\"},\"thumbnailUrl\":\"https:\/\/cori.institute\/wp-content\/uploads\/2023\/02\/ballenas.jpg\",\"datePublished\":\"2023-02-21T19:51:13+00:00\",\"dateModified\":\"2023-09-11T16:23:55+00:00\",\"author\":{\"@id\":\"https:\/\/cori.institute\/#\/schema\/person\/22c0b0090fd99161e4b55d25dc27018a\"},\"description\":\"Te presentamos 5 curiosidades sobre las ballenas, con informaci\u00f3n y descripci\u00f3n de la ballenas que se encuentran en nuestros mares.\",\"breadcrumb\":{\"@id\":\"https:\/\/cori.institute\/index.php\/2023\/02\/21\/cinco-curiosidades-sobre-las-ballenas\/#breadcrumb\"},\"inLanguage\":\"en-US\",\"potentialAction\":[{\"@type\":\"ReadAction\",\"target\":[\"https:\/\/cori.institute\/index.php\/2023\/02\/21\/cinco-curiosidades-sobre-las-ballenas\/\"]}]},{\"@type\":\"ImageObject\",\"inLanguage\":\"en-US\",\"@id\":\"https:\/\/cori.institute\/index.php\/2023\/02\/21\/cinco-curiosidades-sobre-las-ballenas\/#primaryimage\",\"url\":\"https:\/\/cori.institute\/wp-content\/uploads\/2023\/02\/ballenas.jpg\",\"contentUrl\":\"https:\/\/cori.institute\/wp-content\/uploads\/2023\/02\/ballenas.jpg\",\"width\":1920,\"height\":1200,\"caption\":\"ballenas nadando\"},{\"@type\":\"BreadcrumbList\",\"@id\":\"https:\/\/cori.institute\/index.php\/2023\/02\/21\/cinco-curiosidades-sobre-las-ballenas\/#breadcrumb\",\"itemListElement\":[{\"@type\":\"ListItem\",\"position\":1,\"name\":\"Portada\",\"item\":\"https:\/\/cori.institute\/\"},{\"@type\":\"ListItem\",\"position\":2,\"name\":\"Cinco curiosidades sobre las Ballenas\"}]},{\"@type\":\"WebSite\",\"@id\":\"https:\/\/cori.institute\/#website\",\"url\":\"https:\/\/cori.institute\/\",\"name\":\"\",\"description\":\"Descubriendo el oc\u00e9ano invisible\",\"potentialAction\":[{\"@type\":\"SearchAction\",\"target\":{\"@type\":\"EntryPoint\",\"urlTemplate\":\"https:\/\/cori.institute\/?s={search_term_string}\"},\"query-input\":\"required name=search_term_string\"}],\"inLanguage\":\"en-US\"},{\"@type\":\"Person\",\"@id\":\"https:\/\/cori.institute\/#\/schema\/person\/22c0b0090fd99161e4b55d25dc27018a\",\"name\":\"Marina\",\"image\":{\"@type\":\"ImageObject\",\"inLanguage\":\"en-US\",\"@id\":\"https:\/\/cori.institute\/#\/schema\/person\/image\/\",\"url\":\"https:\/\/secure.gravatar.com\/avatar\/f6e61f3c0a90145b6c28bae31d494e281804247062f24f8f102470996b6678d9?s=96&d=mm&r=g\",\"contentUrl\":\"https:\/\/secure.gravatar.com\/avatar\/f6e61f3c0a90145b6c28bae31d494e281804247062f24f8f102470996b6678d9?s=96&d=mm&r=g\",\"caption\":\"Marina\"}}]}<\/script>\n<!-- \/ Yoast SEO plugin. -->","yoast_head_json":{"title":"5 Curiosidades sobre las Ballenas - CORI","description":"Te presentamos 5 curiosidades sobre las ballenas, con informaci\u00f3n y descripci\u00f3n de la ballenas que se encuentran en nuestros mares.","robots":{"index":"index","follow":"follow","max-snippet":"max-snippet:-1","max-image-preview":"max-image-preview:large","max-video-preview":"max-video-preview:-1"},"canonical":"https:\/\/cori.institute\/index.php\/2023\/02\/21\/cinco-curiosidades-sobre-las-ballenas\/","og_locale":"en_US","og_type":"article","og_title":"5 Curiosidades sobre las Ballenas - CORI","og_description":"Te presentamos 5 curiosidades sobre las ballenas, con informaci\u00f3n y descripci\u00f3n de la ballenas que se encuentran en nuestros mares.","og_url":"https:\/\/cori.institute\/index.php\/2023\/02\/21\/cinco-curiosidades-sobre-las-ballenas\/","article_published_time":"2023-02-21T19:51:13+00:00","article_modified_time":"2023-09-11T16:23:55+00:00","og_image":[{"width":1920,"height":1200,"url":"https:\/\/cori.institute\/wp-content\/uploads\/2023\/02\/ballenas.jpg","type":"image\/jpeg"}],"author":"Marina","twitter_card":"summary_large_image","twitter_misc":{"Written by":"Marina","Est. reading time":"5 minutes"},"schema":{"@context":"https:\/\/schema.org","@graph":[{"@type":"WebPage","@id":"https:\/\/cori.institute\/index.php\/2023\/02\/21\/cinco-curiosidades-sobre-las-ballenas\/","url":"https:\/\/cori.institute\/index.php\/2023\/02\/21\/cinco-curiosidades-sobre-las-ballenas\/","name":"5 Curiosidades sobre las Ballenas - CORI","isPartOf":{"@id":"https:\/\/cori.institute\/#website"},"primaryImageOfPage":{"@id":"https:\/\/cori.institute\/index.php\/2023\/02\/21\/cinco-curiosidades-sobre-las-ballenas\/#primaryimage"},"image":{"@id":"https:\/\/cori.institute\/index.php\/2023\/02\/21\/cinco-curiosidades-sobre-las-ballenas\/#primaryimage"},"thumbnailUrl":"https:\/\/cori.institute\/wp-content\/uploads\/2023\/02\/ballenas.jpg","datePublished":"2023-02-21T19:51:13+00:00","dateModified":"2023-09-11T16:23:55+00:00","author":{"@id":"https:\/\/cori.institute\/#\/schema\/person\/22c0b0090fd99161e4b55d25dc27018a"},"description":"Te presentamos 5 curiosidades sobre las ballenas, con informaci\u00f3n y descripci\u00f3n de la ballenas que se encuentran en nuestros mares.","breadcrumb":{"@id":"https:\/\/cori.institute\/index.php\/2023\/02\/21\/cinco-curiosidades-sobre-las-ballenas\/#breadcrumb"},"inLanguage":"en-US","potentialAction":[{"@type":"ReadAction","target":["https:\/\/cori.institute\/index.php\/2023\/02\/21\/cinco-curiosidades-sobre-las-ballenas\/"]}]},{"@type":"ImageObject","inLanguage":"en-US","@id":"https:\/\/cori.institute\/index.php\/2023\/02\/21\/cinco-curiosidades-sobre-las-ballenas\/#primaryimage","url":"https:\/\/cori.institute\/wp-content\/uploads\/2023\/02\/ballenas.jpg","contentUrl":"https:\/\/cori.institute\/wp-content\/uploads\/2023\/02\/ballenas.jpg","width":1920,"height":1200,"caption":"ballenas nadando"},{"@type":"BreadcrumbList","@id":"https:\/\/cori.institute\/index.php\/2023\/02\/21\/cinco-curiosidades-sobre-las-ballenas\/#breadcrumb","itemListElement":[{"@type":"ListItem","position":1,"name":"Portada","item":"https:\/\/cori.institute\/"},{"@type":"ListItem","position":2,"name":"Cinco curiosidades sobre las Ballenas"}]},{"@type":"WebSite","@id":"https:\/\/cori.institute\/#website","url":"https:\/\/cori.institute\/","name":"","description":"Descubriendo el oc\u00e9ano invisible","potentialAction":[{"@type":"SearchAction","target":{"@type":"EntryPoint","urlTemplate":"https:\/\/cori.institute\/?s={search_term_string}"},"query-input":"required name=search_term_string"}],"inLanguage":"en-US"},{"@type":"Person","@id":"https:\/\/cori.institute\/#\/schema\/person\/22c0b0090fd99161e4b55d25dc27018a","name":"Marina","image":{"@type":"ImageObject","inLanguage":"en-US","@id":"https:\/\/cori.institute\/#\/schema\/person\/image\/","url":"https:\/\/secure.gravatar.com\/avatar\/f6e61f3c0a90145b6c28bae31d494e281804247062f24f8f102470996b6678d9?s=96&d=mm&r=g","contentUrl":"https:\/\/secure.gravatar.com\/avatar\/f6e61f3c0a90145b6c28bae31d494e281804247062f24f8f102470996b6678d9?s=96&d=mm&r=g","caption":"Marina"}}]}},"uagb_featured_image_src":{"full":["https:\/\/cori.institute\/wp-content\/uploads\/2023\/02\/ballenas.jpg",1920,1200,false],"thumbnail":["https:\/\/cori.institute\/wp-content\/uploads\/2023\/02\/ballenas-150x150.jpg",150,150,true],"medium":["https:\/\/cori.institute\/wp-content\/uploads\/2023\/02\/ballenas-300x188.jpg",300,188,true],"medium_large":["https:\/\/cori.institute\/wp-content\/uploads\/2023\/02\/ballenas-768x480.jpg",768,480,true],"large":["https:\/\/cori.institute\/wp-content\/uploads\/2023\/02\/ballenas-1024x640.jpg",1024,640,true],"1536x1536":["https:\/\/cori.institute\/wp-content\/uploads\/2023\/02\/ballenas-1536x960.jpg",1536,960,true],"2048x2048":["https:\/\/cori.institute\/wp-content\/uploads\/2023\/02\/ballenas.jpg",1920,1200,false]},"uagb_author_info":{"display_name":"Marina","author_link":"https:\/\/cori.institute\/index.php\/author\/marina\/"},"uagb_comment_info":0,"uagb_excerpt":"5 curiosidades sobre las Ballenas Las ballenas han sido objeto de fascinaci\u00f3n durante siglos, y su historia est\u00e1 llena de descubrimientos y leyendas. El pasado 19 de febrero se celebraba &#8216;El D\u00eda Internacional de las Ballenas&#8216; para recordarnos la importancia que esta especie tiene en los oc\u00e9anos. Adem\u00e1s, su papel en el ecosistema del Mediterr\u00e1neo&hellip;","_links":{"self":[{"href":"https:\/\/cori.institute\/index.php\/wp-json\/wp\/v2\/posts\/1146","targetHints":{"allow":["GET"]}}],"collection":[{"href":"https:\/\/cori.institute\/index.php\/wp-json\/wp\/v2\/posts"}],"about":[{"href":"https:\/\/cori.institute\/index.php\/wp-json\/wp\/v2\/types\/post"}],"author":[{"embeddable":true,"href":"https:\/\/cori.institute\/index.php\/wp-json\/wp\/v2\/users\/2"}],"replies":[{"embeddable":true,"href":"https:\/\/cori.institute\/index.php\/wp-json\/wp\/v2\/comments?post=1146"}],"version-history":[{"count":0,"href":"https:\/\/cori.institute\/index.php\/wp-json\/wp\/v2\/posts\/1146\/revisions"}],"wp:featuredmedia":[{"embeddable":true,"href":"https:\/\/cori.institute\/index.php\/wp-json\/wp\/v2\/media\/1147"}],"wp:attachment":[{"href":"https:\/\/cori.institute\/index.php\/wp-json\/wp\/v2\/media?parent=1146"}],"wp:term":[{"taxonomy":"category","embeddable":true,"href":"https:\/\/cori.institute\/index.php\/wp-json\/wp\/v2\/categories?post=1146"},{"taxonomy":"post_tag","embeddable":true,"href":"https:\/\/cori.institute\/index.php\/wp-json\/wp\/v2\/tags?post=1146"}],"curies":[{"name":"wp","href":"https:\/\/api.w.org\/{rel}","templated":true}]}}