{"id":1165,"date":"2023-03-03T19:52:14","date_gmt":"2023-03-03T19:52:14","guid":{"rendered":"https:\/\/cori.institute\/?p=1165"},"modified":"2023-09-11T16:16:57","modified_gmt":"2023-09-11T16:16:57","slug":"observador-cientifico-marino","status":"publish","type":"post","link":"https:\/\/cori.institute\/index.php\/2023\/03\/03\/observador-cientifico-marino\/","title":{"rendered":"La figura del Observador Cient\u00edfico Marino, \u00faltimo cap\u00edtulo de nuestro podcast"},"content":{"rendered":"\n<div style=\"height:33px\" aria-hidden=\"true\" class=\"wp-block-spacer\"><\/div>\n\n\n\n<h1 class=\"wp-block-heading\">La figura del Observador Cient\u00edfico Marino, \u00faltimo cap\u00edtulo de nuestro podcast<\/h1>\n\n\n\n<p>Marta Moral es bi\u00f3loga marina por la Universidad de la Laguna, y amante del mar. Posee una gran cantidad de t\u00edtulos relacionados con este medio y desde 2012 ha participado en diversas campa\u00f1as pesqueras como cient\u00edfica en multitud de pa\u00edses. Tambi\u00e9n es observadora cient\u00edfica marina, y nos cuenta en <a href=\"https:\/\/open.spotify.com\/episode\/2aUULIFLKSMlJE7JEYCf9c\" target=\"_blank\" rel=\"noreferrer noopener\">este episodio<\/a> de <a href=\"https:\/\/cori.institute\/index.php\/2022\/12\/22\/ices-de-cori-podcasr-con-onda-regional-sobre-el-oceano\/\" target=\"_blank\" rel=\"noreferrer noopener\">ICUES<\/a> el papel que desempe\u00f1a su trabajo como Observador Cient\u00edfico Marino.<\/p>\n\n\n\n<figure class=\"wp-block-image aligncenter size-full is-resized has-custom-border\"><img decoding=\"async\" src=\"https:\/\/cori.institute\/wp-content\/uploads\/2023\/03\/observador-cientifico-marino.jpg\" alt=\"marta moral, observadora cientifico marino\" class=\"wp-image-1166\" style=\"border-radius:50px;height:500px\" height=\"500\" srcset=\"https:\/\/cori.institute\/wp-content\/uploads\/2023\/03\/observador-cientifico-marino.jpg 400w, https:\/\/cori.institute\/wp-content\/uploads\/2023\/03\/observador-cientifico-marino-300x300.jpg 300w, https:\/\/cori.institute\/wp-content\/uploads\/2023\/03\/observador-cientifico-marino-150x150.jpg 150w\" sizes=\"(max-width: 400px) 100vw, 400px\" \/><\/figure>\n\n\n\n<p style=\"margin-top:var(--wp--preset--spacing--50)\">Los <strong>observadores cient\u00edficos marinos <\/strong>son profesionales capacitados en la<strong> observaci\u00f3n y recolecci\u00f3n de datos<\/strong> sobre la fauna, flora y condiciones oceanogr\u00e1ficas en los oc\u00e9anos, mares y costas de todo el mundo. Estos profesionales trabajan en estrecha <strong>colaboraci\u00f3n con cient\u00edficos y organismos gubernamentales<\/strong> para recopilar informaci\u00f3n cr\u00edtica sobre la salud de los ecosistemas marinos y las especies que habitan en ellos.<\/p>\n\n\n\n<h2 class=\"wp-block-heading\">Funciones de un Observador Cient\u00edfico Marino<\/h2>\n\n\n\n<p>Las funciones principales de los observadores cient\u00edficos marinos son la<strong> <\/strong>muchas, algunas como la <strong> recolecci\u00f3n de datos sobre la pesca o la observaci\u00f3n de especies marinas<\/strong>. Los observadores cient\u00edficos a bordo de buques pesqueros y embarcaciones de investigaci\u00f3n recopilan informaci\u00f3n sobre la cantidad, tama\u00f1o y especies de pescado capturado, as\u00ed como sobre la interacci\u00f3n de la pesca con otras especies marinas como las tortugas, delfines y aves marinas. Esta informaci\u00f3n es fundamental para el <strong>desarrollo de pol\u00edticas de conservaci\u00f3n y pesca sostenible<\/strong>.<\/p>\n\n\n\n<p>Los observadores cient\u00edficos tambi\u00e9n realizan <strong>estudios de la biodiversidad marina,<\/strong> registrando la presencia y abundancia de diferentes especies en las \u00e1reas de estudio. Los datos recolectados se utilizan para <strong>evaluar la salud de las poblaciones de especies marinas<\/strong>, identificar patrones de migraci\u00f3n y detectar cambios en la distribuci\u00f3n geogr\u00e1fica de las especies.<\/p>\n\n\n\n<p>Adem\u00e1s, los observadores cient\u00edficos marinos son responsables de la <strong>monitorizaci\u00f3n de las condiciones oceanogr\u00e1ficas<\/strong>, incluyendo la temperatura del agua, la salinidad, el pH y la concentraci\u00f3n de nutrientes. Estos datos son fundamentales para entender el impacto del <strong>cambio clim\u00e1tico <\/strong>en los ecosistemas marinos y para el desarrollo de pol\u00edticas de conservaci\u00f3n.<\/p>\n\n\n\n<p>En resumen, los observadores cient\u00edficos marinos desempe\u00f1an un <strong>papel crucial en la recopilaci\u00f3n de datos cr\u00edticos sobre los ecosistemas marinos<\/strong> y las especies que habitan en ellos. Su trabajo es fundamental para el desarrollo de pol\u00edticas de conservaci\u00f3n y pesca sostenible, y para entender el impacto del cambio clim\u00e1tico en los oc\u00e9anos del mundo.<\/p>\n\n\n\n<div class=\"wp-block-cover alignfull\"><span aria-hidden=\"true\" class=\"wp-block-cover__background has-background-dim-100 has-background-dim\" style=\"background-color:#0e0f26\"><\/span><div class=\"wp-block-cover__inner-container is-layout-constrained wp-block-cover-is-layout-constrained\">\n<h2 class=\"wp-block-heading\">\u00daltimas Noticias<\/h2>\n\n\n\n\t\t\t<div class=\"wp-block-uagb-post-carousel uagb-post-grid  uagb-post__image-position-top uagb-post__image-enabled uagb-block-d60a9147     uagb-post__arrow-outside uagb-slick-carousel uagb-post__items uagb-post__columns-3 is-carousel uagb-post__columns-tablet-2 uagb-post__columns-mobile-1 uagb-post__carousel_equal-height\" data-total=\"5\" style=\"\">\n\n\t\t\t\t\t\t\t\t\t\t\t\t<article class=\"uagb-post__inner-wrap\">\t\t\t\t\t\t\t\t<div class='uagb-post__image'>\n\t\t\t\t\t\t\t\t\t<a href=\"https:\/\/cori.institute\/index.php\/2023\/06\/05\/contaminacion-por-plastico-en-los-oceanos\/\" target=\"_self\" rel=\"bookmark noopener noreferrer\"><img fetchpriority=\"high\" decoding=\"async\" width=\"620\" height=\"349\" src=\"https:\/\/cori.institute\/wp-content\/uploads\/2023\/06\/plastico-playa.jpg\" class=\"attachment-full size-full\" alt=\"plastico en la playa\" srcset=\"https:\/\/cori.institute\/wp-content\/uploads\/2023\/06\/plastico-playa.jpg 620w, https:\/\/cori.institute\/wp-content\/uploads\/2023\/06\/plastico-playa-300x169.jpg 300w\" sizes=\"(max-width: 620px) 100vw, 620px\" \/>\t\t\t\t\t<\/a>\n\t\t\t\t\t\t\t\t\t<\/div>\n\t\t\t\t\t\t<h3 class=\"uagb-post__title uagb-post__text\">\n\t\t\t\t<a href=\"https:\/\/cori.institute\/index.php\/2023\/06\/05\/contaminacion-por-plastico-en-los-oceanos\/\" target=\"_self\" rel=\"bookmark noopener noreferrer\">La contaminaci\u00f3n por pl\u00e1sticos en los oc\u00e9anos<\/a>\n\t\t\t<\/h3>\n\t\t\t\t\t\t<div class='uagb-post__text uagb-post-grid-byline'>\n\t\t\t\t\t\t\t<\/div>\n\t\t\t\t\t\t<div class=\"uagb-post__text uagb-post__cta wp-block-button\">\n\t\t\t\t<a class=\"wp-block-button__link uagb-text-link\" href=\"https:\/\/cori.institute\/index.php\/2023\/06\/05\/contaminacion-por-plastico-en-los-oceanos\/\" target=\"_self\" rel=\"bookmark noopener noreferrer\">Read More<\/a>\n\t\t\t<\/div>\n\t\t\t\t\t\t\t\t\t\t\t\t<\/article>\n\t\t\t\t\t\t\t\t\t\t\t\t\t\t\t\t<article class=\"uagb-post__inner-wrap\">\t\t\t\t\t\t\t\t<div class='uagb-post__image'>\n\t\t\t\t\t\t\t\t\t<a href=\"https:\/\/cori.institute\/index.php\/2023\/04\/13\/tecnologia-y-acuicultura\/\" target=\"_self\" rel=\"bookmark noopener noreferrer\"><img decoding=\"async\" width=\"400\" height=\"354\" src=\"https:\/\/cori.institute\/wp-content\/uploads\/2023\/04\/acuicultura.jpg\" class=\"attachment-full size-full\" alt=\"acuicultura y tecnolog\u00eda\" srcset=\"https:\/\/cori.institute\/wp-content\/uploads\/2023\/04\/acuicultura.jpg 400w, https:\/\/cori.institute\/wp-content\/uploads\/2023\/04\/acuicultura-300x266.jpg 300w\" sizes=\"(max-width: 400px) 100vw, 400px\" \/>\t\t\t\t\t<\/a>\n\t\t\t\t\t\t\t\t\t<\/div>\n\t\t\t\t\t\t<h3 class=\"uagb-post__title uagb-post__text\">\n\t\t\t\t<a href=\"https:\/\/cori.institute\/index.php\/2023\/04\/13\/tecnologia-y-acuicultura\/\" target=\"_self\" rel=\"bookmark noopener noreferrer\">La influencia de la tecnolog\u00eda en la acuicultura<\/a>\n\t\t\t<\/h3>\n\t\t\t\t\t\t<div class='uagb-post__text uagb-post-grid-byline'>\n\t\t\t\t\t\t\t<\/div>\n\t\t\t\t\t\t<div class=\"uagb-post__text uagb-post__cta wp-block-button\">\n\t\t\t\t<a class=\"wp-block-button__link uagb-text-link\" href=\"https:\/\/cori.institute\/index.php\/2023\/04\/13\/tecnologia-y-acuicultura\/\" target=\"_self\" rel=\"bookmark noopener noreferrer\">Read More<\/a>\n\t\t\t<\/div>\n\t\t\t\t\t\t\t\t\t\t\t\t<\/article>\n\t\t\t\t\t\t\t\t\t\t\t\t\t\t\t\t<article class=\"uagb-post__inner-wrap\">\t\t\t\t\t\t\t\t<div class='uagb-post__image'>\n\t\t\t\t\t\t\t\t\t<a href=\"https:\/\/cori.institute\/index.php\/2023\/04\/05\/tratado-de-los-oceanos-icues\/\" target=\"_self\" rel=\"bookmark noopener noreferrer\"><img decoding=\"async\" width=\"1200\" height=\"900\" src=\"https:\/\/cori.institute\/wp-content\/uploads\/2023\/04\/oceano-icues-tratado-de-la-unesco.jpg\" class=\"attachment-full size-full\" alt=\"oceano icues tratado de la unesco\" srcset=\"https:\/\/cori.institute\/wp-content\/uploads\/2023\/04\/oceano-icues-tratado-de-la-unesco.jpg 1200w, https:\/\/cori.institute\/wp-content\/uploads\/2023\/04\/oceano-icues-tratado-de-la-unesco-300x225.jpg 300w, https:\/\/cori.institute\/wp-content\/uploads\/2023\/04\/oceano-icues-tratado-de-la-unesco-1024x768.jpg 1024w, https:\/\/cori.institute\/wp-content\/uploads\/2023\/04\/oceano-icues-tratado-de-la-unesco-768x576.jpg 768w\" sizes=\"(max-width: 1200px) 100vw, 1200px\" \/>\t\t\t\t\t<\/a>\n\t\t\t\t\t\t\t\t\t<\/div>\n\t\t\t\t\t\t<h3 class=\"uagb-post__title uagb-post__text\">\n\t\t\t\t<a href=\"https:\/\/cori.institute\/index.php\/2023\/04\/05\/tratado-de-los-oceanos-icues\/\" target=\"_self\" rel=\"bookmark noopener noreferrer\">El Tratado de los Oceanos, con Sara Garc\u00eda en ICUES<\/a>\n\t\t\t<\/h3>\n\t\t\t\t\t\t<div class='uagb-post__text uagb-post-grid-byline'>\n\t\t\t\t\t\t\t<\/div>\n\t\t\t\t\t\t<div class=\"uagb-post__text uagb-post__cta wp-block-button\">\n\t\t\t\t<a class=\"wp-block-button__link uagb-text-link\" href=\"https:\/\/cori.institute\/index.php\/2023\/04\/05\/tratado-de-los-oceanos-icues\/\" target=\"_self\" rel=\"bookmark noopener noreferrer\">Read More<\/a>\n\t\t\t<\/div>\n\t\t\t\t\t\t\t\t\t\t\t\t<\/article>\n\t\t\t\t\t\t\t\t\t\t\t\t\t\t\t\t<article class=\"uagb-post__inner-wrap\">\t\t\t\t\t\t\t\t<div class='uagb-post__image'>\n\t\t\t\t\t\t\t\t\t<a href=\"https:\/\/cori.institute\/index.php\/2023\/03\/30\/la-espana-azul-y-ies-mediterraneo\/\" target=\"_self\" rel=\"bookmark noopener noreferrer\"><img loading=\"lazy\" decoding=\"async\" width=\"1280\" height=\"720\" src=\"https:\/\/cori.institute\/wp-content\/uploads\/2023\/03\/photo168000017.jpeg\" class=\"attachment-full size-full\" alt=\"la espa\u00f1a azul, con nacho dean, y los alumnos del ies mediterraneo\" srcset=\"https:\/\/cori.institute\/wp-content\/uploads\/2023\/03\/photo168000017.jpeg 1280w, https:\/\/cori.institute\/wp-content\/uploads\/2023\/03\/photo168000017-300x169.jpeg 300w, https:\/\/cori.institute\/wp-content\/uploads\/2023\/03\/photo168000017-1024x576.jpeg 1024w, https:\/\/cori.institute\/wp-content\/uploads\/2023\/03\/photo168000017-768x432.jpeg 768w\" sizes=\"(max-width: 1280px) 100vw, 1280px\" \/>\t\t\t\t\t<\/a>\n\t\t\t\t\t\t\t\t\t<\/div>\n\t\t\t\t\t\t<h3 class=\"uagb-post__title uagb-post__text\">\n\t\t\t\t<a href=\"https:\/\/cori.institute\/index.php\/2023\/03\/30\/la-espana-azul-y-ies-mediterraneo\/\" target=\"_self\" rel=\"bookmark noopener noreferrer\">La Espa\u00f1a Azul, con Nacho Dean y el IES Mediterr\u00e1neo<\/a>\n\t\t\t<\/h3>\n\t\t\t\t\t\t<div class='uagb-post__text uagb-post-grid-byline'>\n\t\t\t\t\t\t\t<\/div>\n\t\t\t\t\t\t<div class=\"uagb-post__text uagb-post__cta wp-block-button\">\n\t\t\t\t<a class=\"wp-block-button__link uagb-text-link\" href=\"https:\/\/cori.institute\/index.php\/2023\/03\/30\/la-espana-azul-y-ies-mediterraneo\/\" target=\"_self\" rel=\"bookmark noopener noreferrer\">Read More<\/a>\n\t\t\t<\/div>\n\t\t\t\t\t\t\t\t\t\t\t\t<\/article>\n\t\t\t\t\t\t\t\t\t\t\t<\/div>\n\t\t\t<\/div><\/div>\n","protected":false},"excerpt":{"rendered":"<p>La figura del Observador Cient\u00edfico Marino, \u00faltimo cap\u00edtulo de nuestro podcast Marta Moral es bi\u00f3loga marina por la Universidad de la Laguna, y amante del mar. Posee una gran cantidad de t\u00edtulos relacionados con este medio y desde 2012 ha participado en diversas campa\u00f1as pesqueras como cient\u00edfica en multitud de pa\u00edses. Tambi\u00e9n es observadora cient\u00edfica [&hellip;]<\/p>\n","protected":false},"author":2,"featured_media":1166,"comment_status":"closed","ping_status":"open","sticky":false,"template":"","format":"standard","meta":{"_uag_custom_page_level_css":"","site-sidebar-layout":"default","site-content-layout":"","ast-site-content-layout":"default","site-content-style":"default","site-sidebar-style":"default","ast-global-header-display":"","ast-banner-title-visibility":"","ast-main-header-display":"","ast-hfb-above-header-display":"","ast-hfb-below-header-display":"","ast-hfb-mobile-header-display":"","site-post-title":"disabled","ast-breadcrumbs-content":"","ast-featured-img":"disabled","footer-sml-layout":"","theme-transparent-header-meta":"","adv-header-id-meta":"","stick-header-meta":"","header-above-stick-meta":"","header-main-stick-meta":"","header-below-stick-meta":"","astra-migrate-meta-layouts":"set","ast-page-background-enabled":"default","ast-page-background-meta":{"desktop":{"background-color":"var(--ast-global-color-4)","background-image":"","background-repeat":"repeat","background-position":"center center","background-size":"auto","background-attachment":"scroll","background-type":"","background-media":"","overlay-type":"","overlay-color":"","overlay-gradient":""},"tablet":{"background-color":"","background-image":"","background-repeat":"repeat","background-position":"center center","background-size":"auto","background-attachment":"scroll","background-type":"","background-media":"","overlay-type":"","overlay-color":"","overlay-gradient":""},"mobile":{"background-color":"","background-image":"","background-repeat":"repeat","background-position":"center center","background-size":"auto","background-attachment":"scroll","background-type":"","background-media":"","overlay-type":"","overlay-color":"","overlay-gradient":""}},"ast-content-background-meta":{"desktop":{"background-color":"var(--ast-global-color-5)","background-image":"","background-repeat":"repeat","background-position":"center center","background-size":"auto","background-attachment":"scroll","background-type":"","background-media":"","overlay-type":"","overlay-color":"","overlay-gradient":""},"tablet":{"background-color":"var(--ast-global-color-5)","background-image":"","background-repeat":"repeat","background-position":"center center","background-size":"auto","background-attachment":"scroll","background-type":"","background-media":"","overlay-type":"","overlay-color":"","overlay-gradient":""},"mobile":{"background-color":"var(--ast-global-color-5)","background-image":"","background-repeat":"repeat","background-position":"center center","background-size":"auto","background-attachment":"scroll","background-type":"","background-media":"","overlay-type":"","overlay-color":"","overlay-gradient":""}},"_themeisle_gutenberg_block_has_review":false,"footnotes":""},"categories":[10],"tags":[],"class_list":["post-1165","post","type-post","status-publish","format-standard","has-post-thumbnail","hentry","category-noticias"],"yoast_head":"<!-- This site is optimized with the Yoast SEO plugin v22.3 - https:\/\/yoast.com\/wordpress\/plugins\/seo\/ -->\n<title>La figura del Observador Cient\u00edfico Marino - Podcast de CORI<\/title>\n<meta name=\"description\" content=\"En el \u00faltimo ICUES hablamos con Marta Moral quenos cuenta cu\u00e1les son las funciones de su trabajo como Observador Cient\u00edfico Marino.\" \/>\n<meta name=\"robots\" content=\"index, follow, max-snippet:-1, max-image-preview:large, max-video-preview:-1\" \/>\n<link rel=\"canonical\" href=\"https:\/\/cori.institute\/index.php\/2023\/03\/03\/observador-cientifico-marino\/\" \/>\n<meta property=\"og:locale\" content=\"en_US\" \/>\n<meta property=\"og:type\" content=\"article\" \/>\n<meta property=\"og:title\" content=\"La figura del Observador Cient\u00edfico Marino - Podcast de CORI\" \/>\n<meta property=\"og:description\" content=\"En el \u00faltimo ICUES hablamos con Marta Moral quenos cuenta cu\u00e1les son las funciones de su trabajo como Observador Cient\u00edfico Marino.\" \/>\n<meta property=\"og:url\" content=\"https:\/\/cori.institute\/index.php\/2023\/03\/03\/observador-cientifico-marino\/\" \/>\n<meta property=\"article:published_time\" content=\"2023-03-03T19:52:14+00:00\" \/>\n<meta property=\"article:modified_time\" content=\"2023-09-11T16:16:57+00:00\" \/>\n<meta property=\"og:image\" content=\"https:\/\/cori.institute\/wp-content\/uploads\/2023\/03\/observador-cientifico-marino.jpg\" \/>\n\t<meta property=\"og:image:width\" content=\"400\" \/>\n\t<meta property=\"og:image:height\" content=\"400\" \/>\n\t<meta property=\"og:image:type\" content=\"image\/jpeg\" \/>\n<meta name=\"author\" content=\"Marina\" \/>\n<meta name=\"twitter:card\" content=\"summary_large_image\" \/>\n<meta name=\"twitter:label1\" content=\"Written by\" \/>\n\t<meta name=\"twitter:data1\" content=\"Marina\" \/>\n\t<meta name=\"twitter:label2\" content=\"Est. reading time\" \/>\n\t<meta name=\"twitter:data2\" content=\"2 minutes\" \/>\n<script type=\"application\/ld+json\" class=\"yoast-schema-graph\">{\"@context\":\"https:\/\/schema.org\",\"@graph\":[{\"@type\":\"WebPage\",\"@id\":\"https:\/\/cori.institute\/index.php\/2023\/03\/03\/observador-cientifico-marino\/\",\"url\":\"https:\/\/cori.institute\/index.php\/2023\/03\/03\/observador-cientifico-marino\/\",\"name\":\"La figura del Observador Cient\u00edfico Marino - Podcast de CORI\",\"isPartOf\":{\"@id\":\"https:\/\/cori.institute\/#website\"},\"primaryImageOfPage\":{\"@id\":\"https:\/\/cori.institute\/index.php\/2023\/03\/03\/observador-cientifico-marino\/#primaryimage\"},\"image\":{\"@id\":\"https:\/\/cori.institute\/index.php\/2023\/03\/03\/observador-cientifico-marino\/#primaryimage\"},\"thumbnailUrl\":\"https:\/\/cori.institute\/wp-content\/uploads\/2023\/03\/observador-cientifico-marino.jpg\",\"datePublished\":\"2023-03-03T19:52:14+00:00\",\"dateModified\":\"2023-09-11T16:16:57+00:00\",\"author\":{\"@id\":\"https:\/\/cori.institute\/#\/schema\/person\/22c0b0090fd99161e4b55d25dc27018a\"},\"description\":\"En el \u00faltimo ICUES hablamos con Marta Moral quenos cuenta cu\u00e1les son las funciones de su trabajo como Observador Cient\u00edfico Marino.\",\"breadcrumb\":{\"@id\":\"https:\/\/cori.institute\/index.php\/2023\/03\/03\/observador-cientifico-marino\/#breadcrumb\"},\"inLanguage\":\"en-US\",\"potentialAction\":[{\"@type\":\"ReadAction\",\"target\":[\"https:\/\/cori.institute\/index.php\/2023\/03\/03\/observador-cientifico-marino\/\"]}]},{\"@type\":\"ImageObject\",\"inLanguage\":\"en-US\",\"@id\":\"https:\/\/cori.institute\/index.php\/2023\/03\/03\/observador-cientifico-marino\/#primaryimage\",\"url\":\"https:\/\/cori.institute\/wp-content\/uploads\/2023\/03\/observador-cientifico-marino.jpg\",\"contentUrl\":\"https:\/\/cori.institute\/wp-content\/uploads\/2023\/03\/observador-cientifico-marino.jpg\",\"width\":400,\"height\":400,\"caption\":\"marta moral, observadora cientifico marino\"},{\"@type\":\"BreadcrumbList\",\"@id\":\"https:\/\/cori.institute\/index.php\/2023\/03\/03\/observador-cientifico-marino\/#breadcrumb\",\"itemListElement\":[{\"@type\":\"ListItem\",\"position\":1,\"name\":\"Portada\",\"item\":\"https:\/\/cori.institute\/\"},{\"@type\":\"ListItem\",\"position\":2,\"name\":\"La figura del Observador Cient\u00edfico Marino, \u00faltimo cap\u00edtulo de nuestro podcast\"}]},{\"@type\":\"WebSite\",\"@id\":\"https:\/\/cori.institute\/#website\",\"url\":\"https:\/\/cori.institute\/\",\"name\":\"\",\"description\":\"Descubriendo el oc\u00e9ano invisible\",\"potentialAction\":[{\"@type\":\"SearchAction\",\"target\":{\"@type\":\"EntryPoint\",\"urlTemplate\":\"https:\/\/cori.institute\/?s={search_term_string}\"},\"query-input\":\"required name=search_term_string\"}],\"inLanguage\":\"en-US\"},{\"@type\":\"Person\",\"@id\":\"https:\/\/cori.institute\/#\/schema\/person\/22c0b0090fd99161e4b55d25dc27018a\",\"name\":\"Marina\",\"image\":{\"@type\":\"ImageObject\",\"inLanguage\":\"en-US\",\"@id\":\"https:\/\/cori.institute\/#\/schema\/person\/image\/\",\"url\":\"https:\/\/secure.gravatar.com\/avatar\/f6e61f3c0a90145b6c28bae31d494e281804247062f24f8f102470996b6678d9?s=96&d=mm&r=g\",\"contentUrl\":\"https:\/\/secure.gravatar.com\/avatar\/f6e61f3c0a90145b6c28bae31d494e281804247062f24f8f102470996b6678d9?s=96&d=mm&r=g\",\"caption\":\"Marina\"}}]}<\/script>\n<!-- \/ Yoast SEO plugin. -->","yoast_head_json":{"title":"La figura del Observador Cient\u00edfico Marino - Podcast de CORI","description":"En el \u00faltimo ICUES hablamos con Marta Moral quenos cuenta cu\u00e1les son las funciones de su trabajo como Observador Cient\u00edfico Marino.","robots":{"index":"index","follow":"follow","max-snippet":"max-snippet:-1","max-image-preview":"max-image-preview:large","max-video-preview":"max-video-preview:-1"},"canonical":"https:\/\/cori.institute\/index.php\/2023\/03\/03\/observador-cientifico-marino\/","og_locale":"en_US","og_type":"article","og_title":"La figura del Observador Cient\u00edfico Marino - Podcast de CORI","og_description":"En el \u00faltimo ICUES hablamos con Marta Moral quenos cuenta cu\u00e1les son las funciones de su trabajo como Observador Cient\u00edfico Marino.","og_url":"https:\/\/cori.institute\/index.php\/2023\/03\/03\/observador-cientifico-marino\/","article_published_time":"2023-03-03T19:52:14+00:00","article_modified_time":"2023-09-11T16:16:57+00:00","og_image":[{"width":400,"height":400,"url":"https:\/\/cori.institute\/wp-content\/uploads\/2023\/03\/observador-cientifico-marino.jpg","type":"image\/jpeg"}],"author":"Marina","twitter_card":"summary_large_image","twitter_misc":{"Written by":"Marina","Est. reading time":"2 minutes"},"schema":{"@context":"https:\/\/schema.org","@graph":[{"@type":"WebPage","@id":"https:\/\/cori.institute\/index.php\/2023\/03\/03\/observador-cientifico-marino\/","url":"https:\/\/cori.institute\/index.php\/2023\/03\/03\/observador-cientifico-marino\/","name":"La figura del Observador Cient\u00edfico Marino - Podcast de CORI","isPartOf":{"@id":"https:\/\/cori.institute\/#website"},"primaryImageOfPage":{"@id":"https:\/\/cori.institute\/index.php\/2023\/03\/03\/observador-cientifico-marino\/#primaryimage"},"image":{"@id":"https:\/\/cori.institute\/index.php\/2023\/03\/03\/observador-cientifico-marino\/#primaryimage"},"thumbnailUrl":"https:\/\/cori.institute\/wp-content\/uploads\/2023\/03\/observador-cientifico-marino.jpg","datePublished":"2023-03-03T19:52:14+00:00","dateModified":"2023-09-11T16:16:57+00:00","author":{"@id":"https:\/\/cori.institute\/#\/schema\/person\/22c0b0090fd99161e4b55d25dc27018a"},"description":"En el \u00faltimo ICUES hablamos con Marta Moral quenos cuenta cu\u00e1les son las funciones de su trabajo como Observador Cient\u00edfico Marino.","breadcrumb":{"@id":"https:\/\/cori.institute\/index.php\/2023\/03\/03\/observador-cientifico-marino\/#breadcrumb"},"inLanguage":"en-US","potentialAction":[{"@type":"ReadAction","target":["https:\/\/cori.institute\/index.php\/2023\/03\/03\/observador-cientifico-marino\/"]}]},{"@type":"ImageObject","inLanguage":"en-US","@id":"https:\/\/cori.institute\/index.php\/2023\/03\/03\/observador-cientifico-marino\/#primaryimage","url":"https:\/\/cori.institute\/wp-content\/uploads\/2023\/03\/observador-cientifico-marino.jpg","contentUrl":"https:\/\/cori.institute\/wp-content\/uploads\/2023\/03\/observador-cientifico-marino.jpg","width":400,"height":400,"caption":"marta moral, observadora cientifico marino"},{"@type":"BreadcrumbList","@id":"https:\/\/cori.institute\/index.php\/2023\/03\/03\/observador-cientifico-marino\/#breadcrumb","itemListElement":[{"@type":"ListItem","position":1,"name":"Portada","item":"https:\/\/cori.institute\/"},{"@type":"ListItem","position":2,"name":"La figura del Observador Cient\u00edfico Marino, \u00faltimo cap\u00edtulo de nuestro podcast"}]},{"@type":"WebSite","@id":"https:\/\/cori.institute\/#website","url":"https:\/\/cori.institute\/","name":"","description":"Descubriendo el oc\u00e9ano invisible","potentialAction":[{"@type":"SearchAction","target":{"@type":"EntryPoint","urlTemplate":"https:\/\/cori.institute\/?s={search_term_string}"},"query-input":"required name=search_term_string"}],"inLanguage":"en-US"},{"@type":"Person","@id":"https:\/\/cori.institute\/#\/schema\/person\/22c0b0090fd99161e4b55d25dc27018a","name":"Marina","image":{"@type":"ImageObject","inLanguage":"en-US","@id":"https:\/\/cori.institute\/#\/schema\/person\/image\/","url":"https:\/\/secure.gravatar.com\/avatar\/f6e61f3c0a90145b6c28bae31d494e281804247062f24f8f102470996b6678d9?s=96&d=mm&r=g","contentUrl":"https:\/\/secure.gravatar.com\/avatar\/f6e61f3c0a90145b6c28bae31d494e281804247062f24f8f102470996b6678d9?s=96&d=mm&r=g","caption":"Marina"}}]}},"uagb_featured_image_src":{"full":["https:\/\/cori.institute\/wp-content\/uploads\/2023\/03\/observador-cientifico-marino.jpg",400,400,false],"thumbnail":["https:\/\/cori.institute\/wp-content\/uploads\/2023\/03\/observador-cientifico-marino-150x150.jpg",150,150,true],"medium":["https:\/\/cori.institute\/wp-content\/uploads\/2023\/03\/observador-cientifico-marino-300x300.jpg",300,300,true],"medium_large":["https:\/\/cori.institute\/wp-content\/uploads\/2023\/03\/observador-cientifico-marino.jpg",400,400,false],"large":["https:\/\/cori.institute\/wp-content\/uploads\/2023\/03\/observador-cientifico-marino.jpg",400,400,false],"1536x1536":["https:\/\/cori.institute\/wp-content\/uploads\/2023\/03\/observador-cientifico-marino.jpg",400,400,false],"2048x2048":["https:\/\/cori.institute\/wp-content\/uploads\/2023\/03\/observador-cientifico-marino.jpg",400,400,false]},"uagb_author_info":{"display_name":"Marina","author_link":"https:\/\/cori.institute\/index.php\/author\/marina\/"},"uagb_comment_info":0,"uagb_excerpt":"La figura del Observador Cient\u00edfico Marino, \u00faltimo cap\u00edtulo de nuestro podcast Marta Moral es bi\u00f3loga marina por la Universidad de la Laguna, y amante del mar. Posee una gran cantidad de t\u00edtulos relacionados con este medio y desde 2012 ha participado en diversas campa\u00f1as pesqueras como cient\u00edfica en multitud de pa\u00edses. Tambi\u00e9n es observadora cient\u00edfica&hellip;","_links":{"self":[{"href":"https:\/\/cori.institute\/index.php\/wp-json\/wp\/v2\/posts\/1165","targetHints":{"allow":["GET"]}}],"collection":[{"href":"https:\/\/cori.institute\/index.php\/wp-json\/wp\/v2\/posts"}],"about":[{"href":"https:\/\/cori.institute\/index.php\/wp-json\/wp\/v2\/types\/post"}],"author":[{"embeddable":true,"href":"https:\/\/cori.institute\/index.php\/wp-json\/wp\/v2\/users\/2"}],"replies":[{"embeddable":true,"href":"https:\/\/cori.institute\/index.php\/wp-json\/wp\/v2\/comments?post=1165"}],"version-history":[{"count":0,"href":"https:\/\/cori.institute\/index.php\/wp-json\/wp\/v2\/posts\/1165\/revisions"}],"wp:featuredmedia":[{"embeddable":true,"href":"https:\/\/cori.institute\/index.php\/wp-json\/wp\/v2\/media\/1166"}],"wp:attachment":[{"href":"https:\/\/cori.institute\/index.php\/wp-json\/wp\/v2\/media?parent=1165"}],"wp:term":[{"taxonomy":"category","embeddable":true,"href":"https:\/\/cori.institute\/index.php\/wp-json\/wp\/v2\/categories?post=1165"},{"taxonomy":"post_tag","embeddable":true,"href":"https:\/\/cori.institute\/index.php\/wp-json\/wp\/v2\/tags?post=1165"}],"curies":[{"name":"wp","href":"https:\/\/api.w.org\/{rel}","templated":true}]}}