{"id":1301,"date":"2023-06-05T09:12:45","date_gmt":"2023-06-05T09:12:45","guid":{"rendered":"https:\/\/cori.institute\/?p=1301"},"modified":"2023-09-11T16:03:58","modified_gmt":"2023-09-11T16:03:58","slug":"contaminacion-por-plastico-en-los-oceanos","status":"publish","type":"post","link":"https:\/\/cori.institute\/index.php\/2023\/06\/05\/contaminacion-por-plastico-en-los-oceanos\/","title":{"rendered":"La contaminaci\u00f3n por pl\u00e1sticos en los oc\u00e9anos"},"content":{"rendered":"\n<div style=\"height:33px\" aria-hidden=\"true\" class=\"wp-block-spacer\"><\/div>\n\n\n\n<h1 class=\"wp-block-heading\">La contaminaci\u00f3n por pl\u00e1sticos en los oc\u00e9anos<\/h1>\n\n\n\n<p>Los oc\u00e9anos son uno de los ecosistemas m\u00e1s vitales de nuestro planeta, y la contaminaci\u00f3n por pl\u00e1sticos en los oc\u00e9anos es uno de sus principales problemas de salud. El agua de nuestro planeta cubre m\u00e1s del 70% de la superficie terrestre y albergando una gran diversidad de vida. Sin embargo, a esta diversidad marina se le suma otra especie, el pl\u00e1stico. <\/p>\n\n\n\n<figure class=\"wp-block-image aligncenter size-full is-resized has-custom-border\"><img decoding=\"async\" src=\"https:\/\/cori.institute\/wp-content\/uploads\/2023\/06\/plastico-playa.jpg\" alt=\"plastico en la playa\" class=\"wp-image-1302\" style=\"border-radius:50px;width:800px\" width=\"800\" srcset=\"https:\/\/cori.institute\/wp-content\/uploads\/2023\/06\/plastico-playa.jpg 620w, https:\/\/cori.institute\/wp-content\/uploads\/2023\/06\/plastico-playa-300x169.jpg 300w\" sizes=\"(max-width: 620px) 100vw, 620px\" \/><\/figure>\n\n\n\n<p style=\"margin-top:var(--wp--preset--spacing--50)\">Cada a\u00f1o, toneladas de pl\u00e1stico terminan en los oc\u00e9anos, causando <strong>da\u00f1os significativos a los organismos marinos y al medio ambiente en general<\/strong>. En este contexto, el <strong>D\u00eda<\/strong> <strong>Mundial del Medio Ambiente <\/strong>se ha convertido en una plataforma global para generar conciencia sobre este problema y promover acciones para combatirlo. Este a\u00f1o, la propuesta de la ONU es dedicarlo a la concienciaci\u00f3n de<a href=\"https:\/\/www.un.org\/es\/observances\/environment-day\" target=\"_blank\" rel=\"noreferrer noopener\"> un mundo sin contaminaci\u00f3n por pl\u00e1sticos<\/a>.<\/p>\n\n\n\n<p class=\"has-text-align-center\"><strong>Algunos estudios ya han determinado que en 2050, habr\u00e1 m\u00e1s cantidad de pl\u00e1stico en las aguas de nuestro planeta que peces. <\/strong><\/p>\n\n\n\n<p>El pl\u00e1stico es un material duradero y vers\u00e1til que se utiliza en una amplia gama de productos y envases en nuestra vida diaria. Sin embargo, su resistencia a la degradaci\u00f3n natural tambi\u00e9n lo convierte en un desaf\u00edo ambiental. Se estima que <strong>entre<\/strong> <strong>8 y 12 millones de toneladas de pl\u00e1stico ingresan a los oc\u00e9anos cada a\u00f1o<\/strong>. Esto equivale a verter el contenido de un cami\u00f3n de basura en el mar cada minuto. Esta acumulaci\u00f3n masiva de pl\u00e1stico tiene graves consecuencias para la vida marina y el ecosistema oce\u00e1nico en general.<\/p>\n\n\n\n<figure class=\"wp-block-image aligncenter size-large is-resized has-custom-border\"><img decoding=\"async\" src=\"https:\/\/cori.institute\/wp-content\/uploads\/2022\/12\/microplasticos-1024x769.jpeg\" alt=\"microplasticos\" class=\"wp-image-2214\" style=\"border-radius:50px;width:800px\" width=\"800\" srcset=\"https:\/\/cori.institute\/wp-content\/uploads\/2022\/12\/microplasticos-1024x769.jpeg 1024w, https:\/\/cori.institute\/wp-content\/uploads\/2022\/12\/microplasticos-300x225.jpeg 300w, https:\/\/cori.institute\/wp-content\/uploads\/2022\/12\/microplasticos-768x577.jpeg 768w, https:\/\/cori.institute\/wp-content\/uploads\/2022\/12\/microplasticos.jpeg 1280w\" sizes=\"(max-width: 1024px) 100vw, 1024px\" \/><\/figure>\n\n\n\n<h2 class=\"wp-block-heading\" style=\"margin-top:var(--wp--preset--spacing--60)\">La repercusi\u00f3n de los pl\u00e1sticos en las especies marinas<\/h2>\n\n\n\n<p><strong>La vida marina, desde las aves hasta los peces y los mam\u00edferos marinos, sufre directamente los efectos de la contaminaci\u00f3n por pl\u00e1sticos en los oc\u00e9anos<\/strong>. Muchas especies se enredan en redes de pesca abandonadas, cuerdas y anillas de pl\u00e1stico, lo que les causa lesiones graves e incluso la muerte. Adem\u00e1s, los animales marinos a menudo confunden los fragmentos de pl\u00e1stico con alimento y los ingieren. Esto puede provocar bloqueos en el sistema digestivo, desnutrici\u00f3n y, en \u00faltima instancia, la muerte. Estos <strong>efectos se extienden a lo largo de toda la cadena alimentaria<\/strong>, afectando tanto a los animales grandes como a los m\u00e1s peque\u00f1os, y finalmente, tambi\u00e9n a los seres humanos.<\/p>\n\n\n\n<p>Para abordar la contaminaci\u00f3n por pl\u00e1sticos en los oc\u00e9anos, se requiere una <strong>acci\u00f3n global y coordinada<\/strong>. Los gobiernos, las empresas y los individuos tienen un papel importante que desempe\u00f1ar. Algunas medidas efectivas incluyen la adopci\u00f3n de pol\u00edticas y regulaciones m\u00e1s estrictas sobre el uso de pl\u00e1sticos desechables, la promoci\u00f3n de alternativas sostenibles, como materiales biodegradables y compostables. Tambi\u00e9n el fomento de la econom\u00eda circular, donde los productos de pl\u00e1stico se reciclan y reutilizan en lugar de ser desechados. Adem\u00e1s, es esencial <strong>educar a la poblaci\u00f3n sobre la importancia de reducir, reutilizar y reciclar<\/strong> los pl\u00e1sticos, as\u00ed como fomentar un cambio de mentalidad hacia un estilo de vida m\u00e1s consciente y sostenible.<\/p>\n\n\n\n<figure class=\"wp-block-image aligncenter size-full is-resized has-custom-border\"><img decoding=\"async\" src=\"https:\/\/cori.institute\/wp-content\/uploads\/2022\/12\/microplasticos.jpg\" alt=\"detecci\u00f3n de micropl\u00e1sticos\" class=\"wp-image-193\" style=\"border-radius:50px;width:800px\" width=\"800\" srcset=\"https:\/\/cori.institute\/wp-content\/uploads\/2022\/12\/microplasticos.jpg 1024w, https:\/\/cori.institute\/wp-content\/uploads\/2022\/12\/microplasticos-300x225.jpg 300w, https:\/\/cori.institute\/wp-content\/uploads\/2022\/12\/microplasticos-768x577.jpg 768w\" sizes=\"(max-width: 1024px) 100vw, 1024px\" \/><\/figure>\n\n\n\n<h2 class=\"wp-block-heading\" style=\"margin-top:var(--wp--preset--spacing--60)\">Divulgaci\u00f3n por la salud de los oc\u00e9anos<\/h2>\n\n\n\n<p>Tambi\u00e9n es fundamental <strong>fomentar la colaboraci\u00f3n entre cient\u00edficos, investigadores, organizaciones no gubernamentales y el sector privado<\/strong> para desarrollar soluciones innovadoras y tecnolog\u00edas que reduzcan la cantidad de pl\u00e1stico que ingresa a los oc\u00e9anos.<\/p>\n\n\n\n<p>El D\u00eda Mundial del Medio Ambiente nos recuerda que todos tenemos la <strong>responsabilidad de proteger y preservar nuestro planeta<\/strong>, incluyendo los oc\u00e9anos. Desde CORI tenemos claro que esta cooperaci\u00f3n es la gran aliada del mundo que todos queremos preservar. Por ello trabajamos en nuevas formas de <strong>investigaci\u00f3n<\/strong> y divulgaci\u00f3n en amplios campos, tambi\u00e9n la detecci\u00f3n de pl\u00e1stico en nuestros mares. Un ejemplo de ello es el <a href=\"https:\/\/cori.institute\/index.php\/2022\/12\/22\/midas-microplastic-detection-asistant\/\">Proyecto MIDAS<\/a>, con el que creamos un <strong>microscopio con el que detectar micropl\u00e1sticos<\/strong>, a simple vista invisibles para el ojo humano pero que repercuten en la cadena alimentaria de las especies. <\/p>\n\n\n\n<p class=\"has-text-align-center has-ast-global-color-8-color has-text-color\"><strong>Juntos, podemos hacer una diferencia y trabajar hacia un mundo libre de contaminaci\u00f3n por pl\u00e1sticos en los oc\u00e9anos. \u00a1El momento de actuar es ahora!<\/strong><\/p>\n\n\n\n<div class=\"wp-block-cover alignfull\"><span aria-hidden=\"true\" class=\"wp-block-cover__background has-background-dim-100 has-background-dim\" style=\"background-color:#0e0f26\"><\/span><div class=\"wp-block-cover__inner-container is-layout-constrained wp-block-cover-is-layout-constrained\">\n<h2 class=\"wp-block-heading\">\u00daltimas Noticias<\/h2>\n\n\n\n\t\t\t<div class=\"wp-block-uagb-post-carousel uagb-post-grid  uagb-post__image-position-top uagb-post__image-enabled uagb-block-d60a9147     uagb-post__arrow-outside uagb-slick-carousel uagb-post__items uagb-post__columns-3 is-carousel uagb-post__columns-tablet-2 uagb-post__columns-mobile-1 uagb-post__carousel_equal-height\" data-total=\"5\" style=\"\">\n\n\t\t\t\t\t\t\t\t\t\t\t\t<article class=\"uagb-post__inner-wrap\">\t\t\t\t\t\t\t\t<div class='uagb-post__image'>\n\t\t\t\t\t\t\t\t\t<a href=\"https:\/\/cori.institute\/index.php\/2023\/04\/13\/tecnologia-y-acuicultura\/\" target=\"_self\" rel=\"bookmark noopener noreferrer\"><img fetchpriority=\"high\" decoding=\"async\" width=\"400\" height=\"354\" src=\"https:\/\/cori.institute\/wp-content\/uploads\/2023\/04\/acuicultura.jpg\" class=\"attachment-full size-full\" alt=\"acuicultura y tecnolog\u00eda\" srcset=\"https:\/\/cori.institute\/wp-content\/uploads\/2023\/04\/acuicultura.jpg 400w, https:\/\/cori.institute\/wp-content\/uploads\/2023\/04\/acuicultura-300x266.jpg 300w\" sizes=\"(max-width: 400px) 100vw, 400px\" \/>\t\t\t\t\t<\/a>\n\t\t\t\t\t\t\t\t\t<\/div>\n\t\t\t\t\t\t<h3 class=\"uagb-post__title uagb-post__text\">\n\t\t\t\t<a href=\"https:\/\/cori.institute\/index.php\/2023\/04\/13\/tecnologia-y-acuicultura\/\" target=\"_self\" rel=\"bookmark noopener noreferrer\">La influencia de la tecnolog\u00eda en la acuicultura<\/a>\n\t\t\t<\/h3>\n\t\t\t\t\t\t<div class='uagb-post__text uagb-post-grid-byline'>\n\t\t\t\t\t\t\t<\/div>\n\t\t\t\t\t\t<div class=\"uagb-post__text uagb-post__cta wp-block-button\">\n\t\t\t\t<a class=\"wp-block-button__link uagb-text-link\" href=\"https:\/\/cori.institute\/index.php\/2023\/04\/13\/tecnologia-y-acuicultura\/\" target=\"_self\" rel=\"bookmark noopener noreferrer\">Read More<\/a>\n\t\t\t<\/div>\n\t\t\t\t\t\t\t\t\t\t\t\t<\/article>\n\t\t\t\t\t\t\t\t\t\t\t\t\t\t\t\t<article class=\"uagb-post__inner-wrap\">\t\t\t\t\t\t\t\t<div class='uagb-post__image'>\n\t\t\t\t\t\t\t\t\t<a href=\"https:\/\/cori.institute\/index.php\/2023\/04\/05\/tratado-de-los-oceanos-icues\/\" target=\"_self\" rel=\"bookmark noopener noreferrer\"><img decoding=\"async\" width=\"1200\" height=\"900\" src=\"https:\/\/cori.institute\/wp-content\/uploads\/2023\/04\/oceano-icues-tratado-de-la-unesco.jpg\" class=\"attachment-full size-full\" alt=\"oceano icues tratado de la unesco\" srcset=\"https:\/\/cori.institute\/wp-content\/uploads\/2023\/04\/oceano-icues-tratado-de-la-unesco.jpg 1200w, https:\/\/cori.institute\/wp-content\/uploads\/2023\/04\/oceano-icues-tratado-de-la-unesco-300x225.jpg 300w, https:\/\/cori.institute\/wp-content\/uploads\/2023\/04\/oceano-icues-tratado-de-la-unesco-1024x768.jpg 1024w, https:\/\/cori.institute\/wp-content\/uploads\/2023\/04\/oceano-icues-tratado-de-la-unesco-768x576.jpg 768w\" sizes=\"(max-width: 1200px) 100vw, 1200px\" \/>\t\t\t\t\t<\/a>\n\t\t\t\t\t\t\t\t\t<\/div>\n\t\t\t\t\t\t<h3 class=\"uagb-post__title uagb-post__text\">\n\t\t\t\t<a href=\"https:\/\/cori.institute\/index.php\/2023\/04\/05\/tratado-de-los-oceanos-icues\/\" target=\"_self\" rel=\"bookmark noopener noreferrer\">El Tratado de los Oceanos, con Sara Garc\u00eda en ICUES<\/a>\n\t\t\t<\/h3>\n\t\t\t\t\t\t<div class='uagb-post__text uagb-post-grid-byline'>\n\t\t\t\t\t\t\t<\/div>\n\t\t\t\t\t\t<div class=\"uagb-post__text uagb-post__cta wp-block-button\">\n\t\t\t\t<a class=\"wp-block-button__link uagb-text-link\" href=\"https:\/\/cori.institute\/index.php\/2023\/04\/05\/tratado-de-los-oceanos-icues\/\" target=\"_self\" rel=\"bookmark noopener noreferrer\">Read More<\/a>\n\t\t\t<\/div>\n\t\t\t\t\t\t\t\t\t\t\t\t<\/article>\n\t\t\t\t\t\t\t\t\t\t\t\t\t\t\t\t<article class=\"uagb-post__inner-wrap\">\t\t\t\t\t\t\t\t<div class='uagb-post__image'>\n\t\t\t\t\t\t\t\t\t<a href=\"https:\/\/cori.institute\/index.php\/2023\/03\/30\/la-espana-azul-y-ies-mediterraneo\/\" target=\"_self\" rel=\"bookmark noopener noreferrer\"><img decoding=\"async\" width=\"1280\" height=\"720\" src=\"https:\/\/cori.institute\/wp-content\/uploads\/2023\/03\/photo168000017.jpeg\" class=\"attachment-full size-full\" alt=\"la espa\u00f1a azul, con nacho dean, y los alumnos del ies mediterraneo\" srcset=\"https:\/\/cori.institute\/wp-content\/uploads\/2023\/03\/photo168000017.jpeg 1280w, https:\/\/cori.institute\/wp-content\/uploads\/2023\/03\/photo168000017-300x169.jpeg 300w, https:\/\/cori.institute\/wp-content\/uploads\/2023\/03\/photo168000017-1024x576.jpeg 1024w, https:\/\/cori.institute\/wp-content\/uploads\/2023\/03\/photo168000017-768x432.jpeg 768w\" sizes=\"(max-width: 1280px) 100vw, 1280px\" \/>\t\t\t\t\t<\/a>\n\t\t\t\t\t\t\t\t\t<\/div>\n\t\t\t\t\t\t<h3 class=\"uagb-post__title uagb-post__text\">\n\t\t\t\t<a href=\"https:\/\/cori.institute\/index.php\/2023\/03\/30\/la-espana-azul-y-ies-mediterraneo\/\" target=\"_self\" rel=\"bookmark noopener noreferrer\">La Espa\u00f1a Azul, con Nacho Dean y el IES Mediterr\u00e1neo<\/a>\n\t\t\t<\/h3>\n\t\t\t\t\t\t<div class='uagb-post__text uagb-post-grid-byline'>\n\t\t\t\t\t\t\t<\/div>\n\t\t\t\t\t\t<div class=\"uagb-post__text uagb-post__cta wp-block-button\">\n\t\t\t\t<a class=\"wp-block-button__link uagb-text-link\" href=\"https:\/\/cori.institute\/index.php\/2023\/03\/30\/la-espana-azul-y-ies-mediterraneo\/\" target=\"_self\" rel=\"bookmark noopener noreferrer\">Read More<\/a>\n\t\t\t<\/div>\n\t\t\t\t\t\t\t\t\t\t\t\t<\/article>\n\t\t\t\t\t\t\t\t\t\t\t\t\t\t\t\t<article class=\"uagb-post__inner-wrap\">\t\t\t\t\t\t\t\t<div class='uagb-post__image'>\n\t\t\t\t\t\t\t\t\t<a href=\"https:\/\/cori.institute\/index.php\/2023\/03\/03\/observador-cientifico-marino\/\" target=\"_self\" rel=\"bookmark noopener noreferrer\"><img loading=\"lazy\" decoding=\"async\" width=\"400\" height=\"400\" src=\"https:\/\/cori.institute\/wp-content\/uploads\/2023\/03\/observador-cientifico-marino.jpg\" class=\"attachment-full size-full\" alt=\"marta moral, observadora cientifico marino\" srcset=\"https:\/\/cori.institute\/wp-content\/uploads\/2023\/03\/observador-cientifico-marino.jpg 400w, https:\/\/cori.institute\/wp-content\/uploads\/2023\/03\/observador-cientifico-marino-300x300.jpg 300w, https:\/\/cori.institute\/wp-content\/uploads\/2023\/03\/observador-cientifico-marino-150x150.jpg 150w\" sizes=\"(max-width: 400px) 100vw, 400px\" \/>\t\t\t\t\t<\/a>\n\t\t\t\t\t\t\t\t\t<\/div>\n\t\t\t\t\t\t<h3 class=\"uagb-post__title uagb-post__text\">\n\t\t\t\t<a href=\"https:\/\/cori.institute\/index.php\/2023\/03\/03\/observador-cientifico-marino\/\" target=\"_self\" rel=\"bookmark noopener noreferrer\">La figura del Observador Cient\u00edfico Marino, \u00faltimo cap\u00edtulo de nuestro podcast<\/a>\n\t\t\t<\/h3>\n\t\t\t\t\t\t<div class='uagb-post__text uagb-post-grid-byline'>\n\t\t\t\t\t\t\t<\/div>\n\t\t\t\t\t\t<div class=\"uagb-post__text uagb-post__cta wp-block-button\">\n\t\t\t\t<a class=\"wp-block-button__link uagb-text-link\" href=\"https:\/\/cori.institute\/index.php\/2023\/03\/03\/observador-cientifico-marino\/\" target=\"_self\" rel=\"bookmark noopener noreferrer\">Read More<\/a>\n\t\t\t<\/div>\n\t\t\t\t\t\t\t\t\t\t\t\t<\/article>\n\t\t\t\t\t\t\t\t\t\t\t<\/div>\n\t\t\t<\/div><\/div>\n","protected":false},"excerpt":{"rendered":"<p>La contaminaci\u00f3n por pl\u00e1sticos en los oc\u00e9anos Los oc\u00e9anos son uno de los ecosistemas m\u00e1s vitales de nuestro planeta, y la contaminaci\u00f3n por pl\u00e1sticos en los oc\u00e9anos es uno de sus principales problemas de salud. El agua de nuestro planeta cubre m\u00e1s del 70% de la superficie terrestre y albergando una gran diversidad de vida. [&hellip;]<\/p>\n","protected":false},"author":2,"featured_media":1302,"comment_status":"closed","ping_status":"open","sticky":false,"template":"","format":"standard","meta":{"_uag_custom_page_level_css":"","site-sidebar-layout":"default","site-content-layout":"","ast-site-content-layout":"default","site-content-style":"default","site-sidebar-style":"default","ast-global-header-display":"","ast-banner-title-visibility":"","ast-main-header-display":"","ast-hfb-above-header-display":"","ast-hfb-below-header-display":"","ast-hfb-mobile-header-display":"","site-post-title":"disabled","ast-breadcrumbs-content":"","ast-featured-img":"disabled","footer-sml-layout":"","theme-transparent-header-meta":"","adv-header-id-meta":"","stick-header-meta":"","header-above-stick-meta":"","header-main-stick-meta":"","header-below-stick-meta":"","astra-migrate-meta-layouts":"set","ast-page-background-enabled":"default","ast-page-background-meta":{"desktop":{"background-color":"var(--ast-global-color-4)","background-image":"","background-repeat":"repeat","background-position":"center center","background-size":"auto","background-attachment":"scroll","background-type":"","background-media":"","overlay-type":"","overlay-color":"","overlay-gradient":""},"tablet":{"background-color":"","background-image":"","background-repeat":"repeat","background-position":"center center","background-size":"auto","background-attachment":"scroll","background-type":"","background-media":"","overlay-type":"","overlay-color":"","overlay-gradient":""},"mobile":{"background-color":"","background-image":"","background-repeat":"repeat","background-position":"center center","background-size":"auto","background-attachment":"scroll","background-type":"","background-media":"","overlay-type":"","overlay-color":"","overlay-gradient":""}},"ast-content-background-meta":{"desktop":{"background-color":"var(--ast-global-color-5)","background-image":"","background-repeat":"repeat","background-position":"center center","background-size":"auto","background-attachment":"scroll","background-type":"","background-media":"","overlay-type":"","overlay-color":"","overlay-gradient":""},"tablet":{"background-color":"var(--ast-global-color-5)","background-image":"","background-repeat":"repeat","background-position":"center center","background-size":"auto","background-attachment":"scroll","background-type":"","background-media":"","overlay-type":"","overlay-color":"","overlay-gradient":""},"mobile":{"background-color":"var(--ast-global-color-5)","background-image":"","background-repeat":"repeat","background-position":"center center","background-size":"auto","background-attachment":"scroll","background-type":"","background-media":"","overlay-type":"","overlay-color":"","overlay-gradient":""}},"_themeisle_gutenberg_block_has_review":false,"footnotes":""},"categories":[10],"tags":[],"class_list":["post-1301","post","type-post","status-publish","format-standard","has-post-thumbnail","hentry","category-noticias"],"yoast_head":"<!-- This site is optimized with the Yoast SEO plugin v22.3 - https:\/\/yoast.com\/wordpress\/plugins\/seo\/ -->\n<title>La contaminaci\u00f3n por pl\u00e1sticos en los oc\u00e9anos -<\/title>\n<meta name=\"description\" content=\"Para el D\u00eda Mundial del Medio Ambiente este a\u00f1o, desde CORI, damos la visi\u00f3n de la contaminaci\u00f3n por pl\u00e1sticos en los oc\u00e9anos.\" \/>\n<meta name=\"robots\" content=\"index, follow, max-snippet:-1, max-image-preview:large, max-video-preview:-1\" \/>\n<link rel=\"canonical\" href=\"https:\/\/cori.institute\/index.php\/2023\/06\/05\/contaminacion-por-plastico-en-los-oceanos\/\" \/>\n<meta property=\"og:locale\" content=\"en_US\" \/>\n<meta property=\"og:type\" content=\"article\" \/>\n<meta property=\"og:title\" content=\"La contaminaci\u00f3n por pl\u00e1sticos en los oc\u00e9anos -\" \/>\n<meta property=\"og:description\" content=\"Para el D\u00eda Mundial del Medio Ambiente este a\u00f1o, desde CORI, damos la visi\u00f3n de la contaminaci\u00f3n por pl\u00e1sticos en los oc\u00e9anos.\" \/>\n<meta property=\"og:url\" content=\"https:\/\/cori.institute\/index.php\/2023\/06\/05\/contaminacion-por-plastico-en-los-oceanos\/\" \/>\n<meta property=\"article:published_time\" content=\"2023-06-05T09:12:45+00:00\" \/>\n<meta property=\"article:modified_time\" content=\"2023-09-11T16:03:58+00:00\" \/>\n<meta property=\"og:image\" content=\"https:\/\/cori.institute\/wp-content\/uploads\/2023\/06\/plastico-playa.jpg\" \/>\n\t<meta property=\"og:image:width\" content=\"620\" \/>\n\t<meta property=\"og:image:height\" content=\"349\" \/>\n\t<meta property=\"og:image:type\" content=\"image\/jpeg\" \/>\n<meta name=\"author\" content=\"Marina\" \/>\n<meta name=\"twitter:card\" content=\"summary_large_image\" \/>\n<meta name=\"twitter:label1\" content=\"Written by\" \/>\n\t<meta name=\"twitter:data1\" content=\"Marina\" \/>\n\t<meta name=\"twitter:label2\" content=\"Est. reading time\" \/>\n\t<meta name=\"twitter:data2\" content=\"4 minutes\" \/>\n<script type=\"application\/ld+json\" class=\"yoast-schema-graph\">{\"@context\":\"https:\/\/schema.org\",\"@graph\":[{\"@type\":\"WebPage\",\"@id\":\"https:\/\/cori.institute\/index.php\/2023\/06\/05\/contaminacion-por-plastico-en-los-oceanos\/\",\"url\":\"https:\/\/cori.institute\/index.php\/2023\/06\/05\/contaminacion-por-plastico-en-los-oceanos\/\",\"name\":\"La contaminaci\u00f3n por pl\u00e1sticos en los oc\u00e9anos -\",\"isPartOf\":{\"@id\":\"https:\/\/cori.institute\/#website\"},\"primaryImageOfPage\":{\"@id\":\"https:\/\/cori.institute\/index.php\/2023\/06\/05\/contaminacion-por-plastico-en-los-oceanos\/#primaryimage\"},\"image\":{\"@id\":\"https:\/\/cori.institute\/index.php\/2023\/06\/05\/contaminacion-por-plastico-en-los-oceanos\/#primaryimage\"},\"thumbnailUrl\":\"https:\/\/cori.institute\/wp-content\/uploads\/2023\/06\/plastico-playa.jpg\",\"datePublished\":\"2023-06-05T09:12:45+00:00\",\"dateModified\":\"2023-09-11T16:03:58+00:00\",\"author\":{\"@id\":\"https:\/\/cori.institute\/#\/schema\/person\/22c0b0090fd99161e4b55d25dc27018a\"},\"description\":\"Para el D\u00eda Mundial del Medio Ambiente este a\u00f1o, desde CORI, damos la visi\u00f3n de la contaminaci\u00f3n por pl\u00e1sticos en los oc\u00e9anos.\",\"breadcrumb\":{\"@id\":\"https:\/\/cori.institute\/index.php\/2023\/06\/05\/contaminacion-por-plastico-en-los-oceanos\/#breadcrumb\"},\"inLanguage\":\"en-US\",\"potentialAction\":[{\"@type\":\"ReadAction\",\"target\":[\"https:\/\/cori.institute\/index.php\/2023\/06\/05\/contaminacion-por-plastico-en-los-oceanos\/\"]}]},{\"@type\":\"ImageObject\",\"inLanguage\":\"en-US\",\"@id\":\"https:\/\/cori.institute\/index.php\/2023\/06\/05\/contaminacion-por-plastico-en-los-oceanos\/#primaryimage\",\"url\":\"https:\/\/cori.institute\/wp-content\/uploads\/2023\/06\/plastico-playa.jpg\",\"contentUrl\":\"https:\/\/cori.institute\/wp-content\/uploads\/2023\/06\/plastico-playa.jpg\",\"width\":620,\"height\":349,\"caption\":\"plastico en la playa\"},{\"@type\":\"BreadcrumbList\",\"@id\":\"https:\/\/cori.institute\/index.php\/2023\/06\/05\/contaminacion-por-plastico-en-los-oceanos\/#breadcrumb\",\"itemListElement\":[{\"@type\":\"ListItem\",\"position\":1,\"name\":\"Portada\",\"item\":\"https:\/\/cori.institute\/\"},{\"@type\":\"ListItem\",\"position\":2,\"name\":\"La contaminaci\u00f3n por pl\u00e1sticos en los oc\u00e9anos\"}]},{\"@type\":\"WebSite\",\"@id\":\"https:\/\/cori.institute\/#website\",\"url\":\"https:\/\/cori.institute\/\",\"name\":\"\",\"description\":\"Descubriendo el oc\u00e9ano invisible\",\"potentialAction\":[{\"@type\":\"SearchAction\",\"target\":{\"@type\":\"EntryPoint\",\"urlTemplate\":\"https:\/\/cori.institute\/?s={search_term_string}\"},\"query-input\":\"required name=search_term_string\"}],\"inLanguage\":\"en-US\"},{\"@type\":\"Person\",\"@id\":\"https:\/\/cori.institute\/#\/schema\/person\/22c0b0090fd99161e4b55d25dc27018a\",\"name\":\"Marina\",\"image\":{\"@type\":\"ImageObject\",\"inLanguage\":\"en-US\",\"@id\":\"https:\/\/cori.institute\/#\/schema\/person\/image\/\",\"url\":\"https:\/\/secure.gravatar.com\/avatar\/f6e61f3c0a90145b6c28bae31d494e281804247062f24f8f102470996b6678d9?s=96&d=mm&r=g\",\"contentUrl\":\"https:\/\/secure.gravatar.com\/avatar\/f6e61f3c0a90145b6c28bae31d494e281804247062f24f8f102470996b6678d9?s=96&d=mm&r=g\",\"caption\":\"Marina\"}}]}<\/script>\n<!-- \/ Yoast SEO plugin. -->","yoast_head_json":{"title":"La contaminaci\u00f3n por pl\u00e1sticos en los oc\u00e9anos -","description":"Para el D\u00eda Mundial del Medio Ambiente este a\u00f1o, desde CORI, damos la visi\u00f3n de la contaminaci\u00f3n por pl\u00e1sticos en los oc\u00e9anos.","robots":{"index":"index","follow":"follow","max-snippet":"max-snippet:-1","max-image-preview":"max-image-preview:large","max-video-preview":"max-video-preview:-1"},"canonical":"https:\/\/cori.institute\/index.php\/2023\/06\/05\/contaminacion-por-plastico-en-los-oceanos\/","og_locale":"en_US","og_type":"article","og_title":"La contaminaci\u00f3n por pl\u00e1sticos en los oc\u00e9anos -","og_description":"Para el D\u00eda Mundial del Medio Ambiente este a\u00f1o, desde CORI, damos la visi\u00f3n de la contaminaci\u00f3n por pl\u00e1sticos en los oc\u00e9anos.","og_url":"https:\/\/cori.institute\/index.php\/2023\/06\/05\/contaminacion-por-plastico-en-los-oceanos\/","article_published_time":"2023-06-05T09:12:45+00:00","article_modified_time":"2023-09-11T16:03:58+00:00","og_image":[{"width":620,"height":349,"url":"https:\/\/cori.institute\/wp-content\/uploads\/2023\/06\/plastico-playa.jpg","type":"image\/jpeg"}],"author":"Marina","twitter_card":"summary_large_image","twitter_misc":{"Written by":"Marina","Est. reading time":"4 minutes"},"schema":{"@context":"https:\/\/schema.org","@graph":[{"@type":"WebPage","@id":"https:\/\/cori.institute\/index.php\/2023\/06\/05\/contaminacion-por-plastico-en-los-oceanos\/","url":"https:\/\/cori.institute\/index.php\/2023\/06\/05\/contaminacion-por-plastico-en-los-oceanos\/","name":"La contaminaci\u00f3n por pl\u00e1sticos en los oc\u00e9anos -","isPartOf":{"@id":"https:\/\/cori.institute\/#website"},"primaryImageOfPage":{"@id":"https:\/\/cori.institute\/index.php\/2023\/06\/05\/contaminacion-por-plastico-en-los-oceanos\/#primaryimage"},"image":{"@id":"https:\/\/cori.institute\/index.php\/2023\/06\/05\/contaminacion-por-plastico-en-los-oceanos\/#primaryimage"},"thumbnailUrl":"https:\/\/cori.institute\/wp-content\/uploads\/2023\/06\/plastico-playa.jpg","datePublished":"2023-06-05T09:12:45+00:00","dateModified":"2023-09-11T16:03:58+00:00","author":{"@id":"https:\/\/cori.institute\/#\/schema\/person\/22c0b0090fd99161e4b55d25dc27018a"},"description":"Para el D\u00eda Mundial del Medio Ambiente este a\u00f1o, desde CORI, damos la visi\u00f3n de la contaminaci\u00f3n por pl\u00e1sticos en los oc\u00e9anos.","breadcrumb":{"@id":"https:\/\/cori.institute\/index.php\/2023\/06\/05\/contaminacion-por-plastico-en-los-oceanos\/#breadcrumb"},"inLanguage":"en-US","potentialAction":[{"@type":"ReadAction","target":["https:\/\/cori.institute\/index.php\/2023\/06\/05\/contaminacion-por-plastico-en-los-oceanos\/"]}]},{"@type":"ImageObject","inLanguage":"en-US","@id":"https:\/\/cori.institute\/index.php\/2023\/06\/05\/contaminacion-por-plastico-en-los-oceanos\/#primaryimage","url":"https:\/\/cori.institute\/wp-content\/uploads\/2023\/06\/plastico-playa.jpg","contentUrl":"https:\/\/cori.institute\/wp-content\/uploads\/2023\/06\/plastico-playa.jpg","width":620,"height":349,"caption":"plastico en la playa"},{"@type":"BreadcrumbList","@id":"https:\/\/cori.institute\/index.php\/2023\/06\/05\/contaminacion-por-plastico-en-los-oceanos\/#breadcrumb","itemListElement":[{"@type":"ListItem","position":1,"name":"Portada","item":"https:\/\/cori.institute\/"},{"@type":"ListItem","position":2,"name":"La contaminaci\u00f3n por pl\u00e1sticos en los oc\u00e9anos"}]},{"@type":"WebSite","@id":"https:\/\/cori.institute\/#website","url":"https:\/\/cori.institute\/","name":"","description":"Descubriendo el oc\u00e9ano invisible","potentialAction":[{"@type":"SearchAction","target":{"@type":"EntryPoint","urlTemplate":"https:\/\/cori.institute\/?s={search_term_string}"},"query-input":"required name=search_term_string"}],"inLanguage":"en-US"},{"@type":"Person","@id":"https:\/\/cori.institute\/#\/schema\/person\/22c0b0090fd99161e4b55d25dc27018a","name":"Marina","image":{"@type":"ImageObject","inLanguage":"en-US","@id":"https:\/\/cori.institute\/#\/schema\/person\/image\/","url":"https:\/\/secure.gravatar.com\/avatar\/f6e61f3c0a90145b6c28bae31d494e281804247062f24f8f102470996b6678d9?s=96&d=mm&r=g","contentUrl":"https:\/\/secure.gravatar.com\/avatar\/f6e61f3c0a90145b6c28bae31d494e281804247062f24f8f102470996b6678d9?s=96&d=mm&r=g","caption":"Marina"}}]}},"uagb_featured_image_src":{"full":["https:\/\/cori.institute\/wp-content\/uploads\/2023\/06\/plastico-playa.jpg",620,349,false],"thumbnail":["https:\/\/cori.institute\/wp-content\/uploads\/2023\/06\/plastico-playa-150x150.jpg",150,150,true],"medium":["https:\/\/cori.institute\/wp-content\/uploads\/2023\/06\/plastico-playa-300x169.jpg",300,169,true],"medium_large":["https:\/\/cori.institute\/wp-content\/uploads\/2023\/06\/plastico-playa.jpg",620,349,false],"large":["https:\/\/cori.institute\/wp-content\/uploads\/2023\/06\/plastico-playa.jpg",620,349,false],"1536x1536":["https:\/\/cori.institute\/wp-content\/uploads\/2023\/06\/plastico-playa.jpg",620,349,false],"2048x2048":["https:\/\/cori.institute\/wp-content\/uploads\/2023\/06\/plastico-playa.jpg",620,349,false]},"uagb_author_info":{"display_name":"Marina","author_link":"https:\/\/cori.institute\/index.php\/author\/marina\/"},"uagb_comment_info":0,"uagb_excerpt":"La contaminaci\u00f3n por pl\u00e1sticos en los oc\u00e9anos Los oc\u00e9anos son uno de los ecosistemas m\u00e1s vitales de nuestro planeta, y la contaminaci\u00f3n por pl\u00e1sticos en los oc\u00e9anos es uno de sus principales problemas de salud. El agua de nuestro planeta cubre m\u00e1s del 70% de la superficie terrestre y albergando una gran diversidad de vida.&hellip;","_links":{"self":[{"href":"https:\/\/cori.institute\/index.php\/wp-json\/wp\/v2\/posts\/1301","targetHints":{"allow":["GET"]}}],"collection":[{"href":"https:\/\/cori.institute\/index.php\/wp-json\/wp\/v2\/posts"}],"about":[{"href":"https:\/\/cori.institute\/index.php\/wp-json\/wp\/v2\/types\/post"}],"author":[{"embeddable":true,"href":"https:\/\/cori.institute\/index.php\/wp-json\/wp\/v2\/users\/2"}],"replies":[{"embeddable":true,"href":"https:\/\/cori.institute\/index.php\/wp-json\/wp\/v2\/comments?post=1301"}],"version-history":[{"count":0,"href":"https:\/\/cori.institute\/index.php\/wp-json\/wp\/v2\/posts\/1301\/revisions"}],"wp:featuredmedia":[{"embeddable":true,"href":"https:\/\/cori.institute\/index.php\/wp-json\/wp\/v2\/media\/1302"}],"wp:attachment":[{"href":"https:\/\/cori.institute\/index.php\/wp-json\/wp\/v2\/media?parent=1301"}],"wp:term":[{"taxonomy":"category","embeddable":true,"href":"https:\/\/cori.institute\/index.php\/wp-json\/wp\/v2\/categories?post=1301"},{"taxonomy":"post_tag","embeddable":true,"href":"https:\/\/cori.institute\/index.php\/wp-json\/wp\/v2\/tags?post=1301"}],"curies":[{"name":"wp","href":"https:\/\/api.w.org\/{rel}","templated":true}]}}