{"id":1305,"date":"2023-06-14T15:39:02","date_gmt":"2023-06-14T15:39:02","guid":{"rendered":"https:\/\/cori.institute\/?p=1305"},"modified":"2026-04-25T18:13:21","modified_gmt":"2026-04-25T18:13:21","slug":"observatorio-ciudadano-oceanografico-oco","status":"publish","type":"post","link":"https:\/\/cori.institute\/index.php\/2023\/06\/14\/observatorio-ciudadano-oceanografico-oco\/","title":{"rendered":"OCO:explorar el fondo oce\u00e1nico de cinco puntos de la costa de la Regi\u00f3n de Murcia"},"content":{"rendered":"\n<div class=\"wp-block-cover alignfull is-light\" style=\"min-height:511px;aspect-ratio:unset;\"><span aria-hidden=\"true\" class=\"wp-block-cover__background has-background-dim-100 has-background-dim has-background-gradient\" style=\"background:linear-gradient(180deg,rgb(14,15,38) 62%,rgb(255,255,255) 62%)\"><\/span><div class=\"wp-block-cover__inner-container is-layout-flow wp-block-cover-is-layout-flow\">\n<h1 class=\"wp-block-heading cori-project-cover has-ast-global-color-5-color has-text-color has-link-color wp-elements-756020655a76f6c7f9dc9e528422beb7\" style=\"margin-top:0;margin-right:var(--wp--preset--spacing--40);margin-bottom:var(--wp--preset--spacing--80);margin-left:var(--wp--preset--spacing--40)\">OCO: explorar el fondo oce\u00e1nico de cinco puntos de la costa de la Regi\u00f3n de Murcia<\/h1>\n\n\n\n<figure class=\"wp-block-image aligncenter size-large is-resized has-custom-border\"><img fetchpriority=\"high\" decoding=\"async\" width=\"1024\" height=\"630\" src=\"https:\/\/cori.institute\/wp-content\/uploads\/2023\/06\/oco-1024x630.jpeg\" alt=\"cinco puntos elegidos por institutos para explorar con una c\u00e1mara subacu\u00e1tica en la Regi\u00f3n de Murcia\" class=\"wp-image-1313\" style=\"border-style:none;border-width:0px;border-radius:50px;width:700px;height:undefinedpx\" srcset=\"https:\/\/cori.institute\/wp-content\/uploads\/2023\/06\/oco-1024x630.jpeg 1024w, https:\/\/cori.institute\/wp-content\/uploads\/2023\/06\/oco-300x184.jpeg 300w, https:\/\/cori.institute\/wp-content\/uploads\/2023\/06\/oco-768x472.jpeg 768w, https:\/\/cori.institute\/wp-content\/uploads\/2023\/06\/oco.jpeg 1049w\" sizes=\"(max-width: 1024px) 100vw, 1024px\" \/><\/figure>\n<\/div><\/div>\n\n\n\n<p style=\"padding-right:var(--wp--preset--spacing--50);padding-left:var(--wp--preset--spacing--50)\">OCO es un proyecto de<strong> ciencia ciudadana<\/strong> en el que se grabar\u00e1 con un robot submarino (ROV) el fondo oce\u00e1nico de cinco puntos de la costa de la Regi\u00f3n de Murcia distintos elegidos por los alumnos de institutos.<\/p>\n\n\n\n<p style=\"margin-right:var(--wp--preset--spacing--50);margin-left:var(--wp--preset--spacing--50)\">Las inmersiones del ROV ser\u00e1n la culminaci\u00f3n del proyecto<strong>&nbsp;\u2018Observatorio ciudadano oceanogr\u00e1fico\u2019 (OCO)<\/strong>. Este proyecto tiene como objetivo, por un lado, <strong>acercar el oc\u00e9ano a la poblaci\u00f3n<\/strong>, especialmente a los centros educativos. Por otro lado, tambi\u00e9n tiene el objetivo de concienciar sobre la importancia de proteger y conservar el medio marino.<\/p>\n\n\n\n<div class=\"wp-block-columns is-layout-flex wp-container-core-columns-is-layout-c47336c3 wp-block-columns-is-layout-flex\" style=\"margin-top:0;margin-bottom:0;padding-top:var(--wp--preset--spacing--60);padding-bottom:var(--wp--preset--spacing--60)\">\n<div class=\"wp-block-column is-vertically-aligned-center is-layout-flow wp-block-column-is-layout-flow\" style=\"flex-basis:10%\">      \n\n\t<div class=\"uagb-icon-wrapper uagb-block-2fbb3474 \"\t>\n\t<span class=\"uagb-svg-wrapper\" aria-label=&quot;user-gear&quot;>\t\t\n\t\t\t\t\t\t\t<svg xmlns=\"https:\/\/www.w3.org\/2000\/svg\" viewBox= \"0 0 640 512\" role=\"graphics-symbol\" aria-hidden=\"false\" aria-label=\"\"><path d=\"M425.1 482.6c-2.303-1.25-4.572-2.559-6.809-3.93l-7.818 4.493c-6.002 3.504-12.83 5.352-19.75 5.352c-10.71 0-21.13-4.492-28.97-12.75c-18.41-20.09-32.29-44.15-40.22-69.9c-5.352-18.06 2.343-36.87 17.83-45.24l8.018-4.669c-.0664-2.621-.0664-5.242 0-7.859l-7.655-4.461c-12.3-6.953-19.4-19.66-19.64-33.38C305.6 306.3 290.4 304 274.7 304H173.3C77.61 304 0 381.7 0 477.4C0 496.5 15.52 512 34.66 512H413.3c5.727 0 10.9-1.727 15.66-4.188c-2.271-4.984-3.86-10.3-3.86-16.06V482.6zM224 256c70.7 0 128-57.31 128-128S294.7 0 224 0C153.3 0 96 57.31 96 128S153.3 256 224 256zM610.5 373.3c2.625-14 2.625-28.5 0-42.5l25.75-15c3-1.625 4.375-5.125 3.375-8.5c-6.75-21.5-18.25-41.13-33.25-57.38c-2.25-2.5-6-3.125-9-1.375l-25.75 14.88c-10.88-9.25-23.38-16.5-36.88-21.25V212.3c0-3.375-2.5-6.375-5.75-7c-22.25-5-45-4.875-66.25 0c-3.25 .625-5.625 3.625-5.625 7v29.88c-13.5 4.75-26 12-36.88 21.25L394.4 248.5c-2.875-1.75-6.625-1.125-9 1.375c-15 16.25-26.5 35.88-33.13 57.38c-1 3.375 .3751 6.875 3.25 8.5l25.75 15c-2.5 14-2.5 28.5 0 42.5l-25.75 15c-3 1.625-4.25 5.125-3.25 8.5c6.625 21.5 18.13 41 33.13 57.38c2.375 2.5 6 3.125 9 1.375l25.88-14.88c10.88 9.25 23.38 16.5 36.88 21.25v29.88c0 3.375 2.375 6.375 5.625 7c22.38 5 45 4.875 66.25 0c3.25-.625 5.75-3.625 5.75-7v-29.88c13.5-4.75 26-12 36.88-21.25l25.75 14.88c2.875 1.75 6.75 1.125 9-1.375c15-16.25 26.5-35.88 33.25-57.38c1-3.375-.3751-6.875-3.375-8.5L610.5 373.3zM496 400.5c-26.75 0-48.5-21.75-48.5-48.5s21.75-48.5 48.5-48.5c26.75 0 48.5 21.75 48.5 48.5S522.8 400.5 496 400.5z\"><\/path><\/svg>\n\t\t\t\t\t<\/span>\n\t<\/div>\n\n\t\t\t<\/div>\n\n\n\n<div class=\"wp-block-column is-vertically-aligned-center is-layout-flow wp-block-column-is-layout-flow\">\n<div class=\"wp-block-uagb-blockquote uagb-block-88786924 uagb-blockquote__skin-border uagb-blockquote__stack-img-none\"><blockquote class=\"uagb-blockquote\"><div class=\"uagb-blockquote__content\">El responsable del proyecto es Francisco L\u00f3pez Castej\u00f3n, profesor en la Universidad Polit\u00e9cnica de Cartagena y fundador de CORI. \u00c9l se ha encargado de la primera toma de contacto de los alumnos con el medio marino. Para ello, ha impartido la charla \u2018Las siete maravillas de la costa de la Regi\u00f3n de Murcia\u2019 en cada uno de los centros. Al finalizar la actividad, invit\u00f3 a los alumnos a escoger un punto de la costa regional, que han sido elegidos\u00a0<strong>desde la zona de Mazarr\u00f3n hasta La Manga<\/strong>. <\/div><footer><div class=\"uagb-blockquote__author-wrap uagb-blockquote__author-at-left\"><\/div><\/footer><\/blockquote><\/div>\n<\/div>\n<\/div>\n\n\n\n<figure class=\"wp-block-image aligncenter size-full is-resized has-custom-border\"><img decoding=\"async\" width=\"1000\" height=\"538\" src=\"https:\/\/cori.institute\/wp-content\/uploads\/2023\/08\/charla-fondos-submarinos-upct.jpg\" alt=\"charla-fondos-submarinos-upct\" class=\"wp-image-1976\" style=\"border-radius:50px;width:700px;height:undefinedpx\" srcset=\"https:\/\/cori.institute\/wp-content\/uploads\/2023\/08\/charla-fondos-submarinos-upct.jpg 1000w, https:\/\/cori.institute\/wp-content\/uploads\/2023\/08\/charla-fondos-submarinos-upct-300x161.jpg 300w, https:\/\/cori.institute\/wp-content\/uploads\/2023\/08\/charla-fondos-submarinos-upct-768x413.jpg 768w\" sizes=\"(max-width: 1000px) 100vw, 1000px\" \/><\/figure>\n\n\n\n<h2 class=\"wp-block-heading\" style=\"padding-top:var(--wp--preset--spacing--60);padding-right:var(--wp--preset--spacing--50);padding-bottom:0;padding-left:var(--wp--preset--spacing--50)\">Una nueva forma de dar a conocer la costa de la Regi\u00f3n de Murcia <\/h2>\n\n\n\n<p style=\"padding-right:var(--wp--preset--spacing--50);padding-left:var(--wp--preset--spacing--50)\">Esta es la segunda vertiente de un proyecto que se ha dividido en dos accidones durante todo este curso. La primera fue el <strong>desarrollo e instalaci\u00f3n, con la ayuda de alumnos de Formaci\u00f3n Profesional, de una estaci\u00f3n subacu\u00e1tica en el Puerto de Cartagena<\/strong>, como la desarrollada en el <a href=\"https:\/\/cori.institute\/index.php\/2022\/12\/26\/loco-bouy-sigue-creciendo\/\" target=\"_blank\" rel=\"noreferrer noopener\">proyecto LoCoBuoy<\/a>, compuesta por una c\u00e1mara que emit\u00eda im\u00e1genes del fondo marino en directo y en abierto las 24 horas durante tres semanas.<\/p>\n\n\n\n<p style=\"padding-right:var(--wp--preset--spacing--50);padding-left:var(--wp--preset--spacing--50)\">La segunda acci\u00f3n es esta iniciativa de ciencia ciudadana en la que se explorar\u00e1 el fondo oce\u00e1nico de cinco puntos de la costa de la Regi\u00f3n de Murcia. Esta parte se ha realizado junto a los cinco institutos, y tiene previsto finalizar con la inmersi\u00f3n del robot submarino este mes de junio. De esta manera, los alumnos tendr\u00e1n la oportunidad de<strong>&nbsp;ver toda la biodiversidad que existe en las zonas que ellos mismos han escogido<\/strong>. Adem\u00e1s, incluso podr\u00e1n utilizar esa informaci\u00f3n para realizar trabajos para el instituto.<\/p>\n\n\n\n<div class=\"wp-block-columns is-layout-flex wp-container-core-columns-is-layout-c47336c3 wp-block-columns-is-layout-flex\" style=\"margin-top:0;margin-bottom:0;padding-top:var(--wp--preset--spacing--60);padding-bottom:var(--wp--preset--spacing--60)\">\n<div class=\"wp-block-column is-vertically-aligned-center is-layout-flow wp-block-column-is-layout-flow\" style=\"flex-basis:10%\">      \n\n\t<div class=\"uagb-icon-wrapper uagb-block-261235d8 \"\t>\n\t<span class=\"uagb-svg-wrapper\" aria-label=&quot;users&quot;>\t\t\n\t\t\t\t\t\t\t<svg xmlns=\"https:\/\/www.w3.org\/2000\/svg\" viewBox= \"0 0 640 512\" role=\"graphics-symbol\" aria-hidden=\"false\" aria-label=\"\"><path d=\"M319.9 320c57.41 0 103.1-46.56 103.1-104c0-57.44-46.54-104-103.1-104c-57.41 0-103.1 46.56-103.1 104C215.9 273.4 262.5 320 319.9 320zM369.9 352H270.1C191.6 352 128 411.7 128 485.3C128 500.1 140.7 512 156.4 512h327.2C499.3 512 512 500.1 512 485.3C512 411.7 448.4 352 369.9 352zM512 160c44.18 0 80-35.82 80-80S556.2 0 512 0c-44.18 0-80 35.82-80 80S467.8 160 512 160zM183.9 216c0-5.449 .9824-10.63 1.609-15.91C174.6 194.1 162.6 192 149.9 192H88.08C39.44 192 0 233.8 0 285.3C0 295.6 7.887 304 17.62 304h199.5C196.7 280.2 183.9 249.7 183.9 216zM128 160c44.18 0 80-35.82 80-80S172.2 0 128 0C83.82 0 48 35.82 48 80S83.82 160 128 160zM551.9 192h-61.84c-12.8 0-24.88 3.037-35.86 8.24C454.8 205.5 455.8 210.6 455.8 216c0 33.71-12.78 64.21-33.16 88h199.7C632.1 304 640 295.6 640 285.3C640 233.8 600.6 192 551.9 192z\"><\/path><\/svg>\n\t\t\t\t\t<\/span>\n\t<\/div>\n\n\t\t\t<\/div>\n\n\n\n<div class=\"wp-block-column is-vertically-aligned-center is-layout-flow wp-block-column-is-layout-flow\">\n<div class=\"wp-block-uagb-blockquote uagb-block-cfca003a uagb-blockquote__skin-border uagb-blockquote__stack-img-none\"><blockquote class=\"uagb-blockquote\"><div class=\"uagb-blockquote__content\">En el proyecto OCO han participado conjuntamente la <a href=\"https:\/\/www.upct.es\/\" target=\"_blank\" rel=\"noreferrer noopener\">UPCT<\/a>, CORI (Cartagena Oceanographic Research Institute), y los centros de Formaci\u00f3n Profesional Hesp\u00e9rides y Polit\u00e9cnico de Cartagena. Tambi\u00e9n cinco institutos de la Regi\u00f3n de Murcia (IES Felipe II, de Mazarr\u00f3n; el IES Antonio Men\u00e1rguez Costa, de Los Alc\u00e1zares; y los IES Mediterr\u00e1neo, Ben Arab\u00ed y San Isidoro, de Cartagena). La iniciativa cuenta con la colaboraci\u00f3n de la <a href=\"https:\/\/www.fecyt.es\/\" target=\"_blank\" rel=\"noreferrer noopener\">Fundaci\u00f3n Espa\u00f1ola para la Ciencia y la Tecnolog\u00eda \u2013 Ministerio de Ciencia e Innovaci\u00f3n.<\/a><\/div><footer><div class=\"uagb-blockquote__author-wrap uagb-blockquote__author-at-left\"><\/div><\/footer><\/blockquote><\/div>\n<\/div>\n<\/div>\n\n\n\n<div class=\"wp-block-cover alignfull\" style=\"padding-top:var(--wp--preset--spacing--50);padding-right:var(--wp--preset--spacing--50);padding-bottom:var(--wp--preset--spacing--50);padding-left:var(--wp--preset--spacing--50)\"><span aria-hidden=\"true\" class=\"wp-block-cover__background has-background-dim-100 has-background-dim\" style=\"background-color:#0e0f26\"><\/span><div class=\"wp-block-cover__inner-container is-layout-flow wp-block-cover-is-layout-flow\">\n<h2 class=\"wp-block-heading\">\u00daltimos Proyectos<\/h2>\n\n\n\n\t\t\t<div class=\"wp-block-uagb-post-carousel uagb-post-grid  uagb-post__image-position-top uagb-post__image-enabled uagb-block-c8c383e3     uagb-post__arrow-outside uagb-slick-carousel uagb-post__items uagb-post__columns-3 is-carousel uagb-post__columns-tablet-2 uagb-post__columns-mobile-1 uagb-post__carousel_equal-height\" data-total=\"2\" style=\"\">\n\n\t\t\t\t\t\t\t\t\t\t\t\t<article class=\"uagb-post__inner-wrap\">\t\t\t\t\t\t\t\t<div class='uagb-post__image'>\n\t\t\t\t\t\t\t\t\t<a href=\"https:\/\/cori.institute\/index.php\/2026\/04\/26\/plantilla-entradas-proyectos-2\/\" target=\"_self\" rel=\"bookmark noopener noreferrer\"><img decoding=\"async\" width=\"1920\" height=\"1275\" src=\"https:\/\/cori.institute\/wp-content\/uploads\/2026\/04\/Palma_Aquarium-Pez_guitarra.jpg\" class=\"attachment-full size-full\" alt=\"\" srcset=\"https:\/\/cori.institute\/wp-content\/uploads\/2026\/04\/Palma_Aquarium-Pez_guitarra.jpg 1920w, https:\/\/cori.institute\/wp-content\/uploads\/2026\/04\/Palma_Aquarium-Pez_guitarra-300x199.jpg 300w, https:\/\/cori.institute\/wp-content\/uploads\/2026\/04\/Palma_Aquarium-Pez_guitarra-1024x680.jpg 1024w, https:\/\/cori.institute\/wp-content\/uploads\/2026\/04\/Palma_Aquarium-Pez_guitarra-768x510.jpg 768w, https:\/\/cori.institute\/wp-content\/uploads\/2026\/04\/Palma_Aquarium-Pez_guitarra-1536x1020.jpg 1536w\" sizes=\"(max-width: 1920px) 100vw, 1920px\" \/>\t\t\t\t\t<\/a>\n\t\t\t\t\t\t\t\t\t<\/div>\n\t\t\t\t\t\t<h3 class=\"uagb-post__title uagb-post__text\">\n\t\t\t\t<a href=\"https:\/\/cori.institute\/index.php\/2026\/04\/26\/plantilla-entradas-proyectos-2\/\" target=\"_self\" rel=\"bookmark noopener noreferrer\">Guitar-Hero 2<\/a>\n\t\t\t<\/h3>\n\t\t\t\t\t\t<div class='uagb-post__text uagb-post-grid-byline'>\n\t\t\t\t\t\t\t<\/div>\n\t\t\t\t\t\t<div class=\"uagb-post__text uagb-post__cta wp-block-button\">\n\t\t\t\t<a class=\"wp-block-button__link uagb-text-link\" href=\"https:\/\/cori.institute\/index.php\/2026\/04\/26\/plantilla-entradas-proyectos-2\/\" target=\"_self\" rel=\"bookmark noopener noreferrer\">Read More<\/a>\n\t\t\t<\/div>\n\t\t\t\t\t\t\t\t\t\t\t\t<\/article>\n\t\t\t\t\t\t\t\t\t\t\t\t\t\t\t\t<article class=\"uagb-post__inner-wrap\">\t\t\t\t\t\t\t\t<div class='uagb-post__image'>\n\t\t\t\t\t\t\t\t\t<a href=\"https:\/\/cori.institute\/index.php\/2026\/04\/25\/plantilla-entradas-proyectos\/\" target=\"_self\" rel=\"bookmark noopener noreferrer\"><img loading=\"lazy\" decoding=\"async\" width=\"2560\" height=\"1439\" src=\"https:\/\/cori.institute\/wp-content\/uploads\/2026\/04\/vlcsnap-2025-08-22-13h58m59s135-scaled.png\" class=\"attachment-full size-full\" alt=\"\" srcset=\"https:\/\/cori.institute\/wp-content\/uploads\/2026\/04\/vlcsnap-2025-08-22-13h58m59s135-scaled.png 2560w, https:\/\/cori.institute\/wp-content\/uploads\/2026\/04\/vlcsnap-2025-08-22-13h58m59s135-300x169.png 300w, https:\/\/cori.institute\/wp-content\/uploads\/2026\/04\/vlcsnap-2025-08-22-13h58m59s135-1024x576.png 1024w, https:\/\/cori.institute\/wp-content\/uploads\/2026\/04\/vlcsnap-2025-08-22-13h58m59s135-768x432.png 768w, https:\/\/cori.institute\/wp-content\/uploads\/2026\/04\/vlcsnap-2025-08-22-13h58m59s135-1536x863.png 1536w, https:\/\/cori.institute\/wp-content\/uploads\/2026\/04\/vlcsnap-2025-08-22-13h58m59s135-2048x1151.png 2048w\" sizes=\"(max-width: 2560px) 100vw, 2560px\" \/>\t\t\t\t\t<\/a>\n\t\t\t\t\t\t\t\t\t<\/div>\n\t\t\t\t\t\t<h3 class=\"uagb-post__title uagb-post__text\">\n\t\t\t\t<a href=\"https:\/\/cori.institute\/index.php\/2026\/04\/25\/plantilla-entradas-proyectos\/\" target=\"_self\" rel=\"bookmark noopener noreferrer\">400 + 100<\/a>\n\t\t\t<\/h3>\n\t\t\t\t\t\t<div class='uagb-post__text uagb-post-grid-byline'>\n\t\t\t\t\t\t\t<\/div>\n\t\t\t\t\t\t<div class=\"uagb-post__text uagb-post__cta wp-block-button\">\n\t\t\t\t<a class=\"wp-block-button__link uagb-text-link\" href=\"https:\/\/cori.institute\/index.php\/2026\/04\/25\/plantilla-entradas-proyectos\/\" target=\"_self\" rel=\"bookmark noopener noreferrer\">Read More<\/a>\n\t\t\t<\/div>\n\t\t\t\t\t\t\t\t\t\t\t\t<\/article>\n\t\t\t\t\t\t\t\t\t\t\t\t\t\t\t\t<article class=\"uagb-post__inner-wrap\">\t\t\t\t\t\t\t\t<div class='uagb-post__image'>\n\t\t\t\t\t\t\t\t\t<a href=\"https:\/\/cori.institute\/index.php\/2026\/04\/25\/cangodeep\/\" target=\"_self\" rel=\"bookmark noopener noreferrer\"><img loading=\"lazy\" decoding=\"async\" width=\"2560\" height=\"1920\" src=\"https:\/\/cori.institute\/wp-content\/uploads\/2026\/04\/IMG_20260421_102841-scaled.jpg\" class=\"attachment-full size-full\" alt=\"\" srcset=\"https:\/\/cori.institute\/wp-content\/uploads\/2026\/04\/IMG_20260421_102841-scaled.jpg 2560w, https:\/\/cori.institute\/wp-content\/uploads\/2026\/04\/IMG_20260421_102841-300x225.jpg 300w, https:\/\/cori.institute\/wp-content\/uploads\/2026\/04\/IMG_20260421_102841-1024x768.jpg 1024w, https:\/\/cori.institute\/wp-content\/uploads\/2026\/04\/IMG_20260421_102841-768x576.jpg 768w, https:\/\/cori.institute\/wp-content\/uploads\/2026\/04\/IMG_20260421_102841-1536x1152.jpg 1536w, https:\/\/cori.institute\/wp-content\/uploads\/2026\/04\/IMG_20260421_102841-2048x1536.jpg 2048w\" sizes=\"(max-width: 2560px) 100vw, 2560px\" \/>\t\t\t\t\t<\/a>\n\t\t\t\t\t\t\t\t\t<\/div>\n\t\t\t\t\t\t<h3 class=\"uagb-post__title uagb-post__text\">\n\t\t\t\t<a href=\"https:\/\/cori.institute\/index.php\/2026\/04\/25\/cangodeep\/\" target=\"_self\" rel=\"bookmark noopener noreferrer\">CanGoDeep<\/a>\n\t\t\t<\/h3>\n\t\t\t\t\t\t<div class='uagb-post__text uagb-post-grid-byline'>\n\t\t\t\t\t\t\t<\/div>\n\t\t\t\t\t\t<div class=\"uagb-post__text uagb-post__cta wp-block-button\">\n\t\t\t\t<a class=\"wp-block-button__link uagb-text-link\" href=\"https:\/\/cori.institute\/index.php\/2026\/04\/25\/cangodeep\/\" target=\"_self\" rel=\"bookmark noopener noreferrer\">Read More<\/a>\n\t\t\t<\/div>\n\t\t\t\t\t\t\t\t\t\t\t\t<\/article>\n\t\t\t\t\t\t\t\t\t\t\t\t\t\t\t\t<article class=\"uagb-post__inner-wrap\">\t\t\t\t\t\t\t\t<div class='uagb-post__image'>\n\t\t\t\t\t\t\t\t\t<a href=\"https:\/\/cori.institute\/index.php\/2023\/09\/15\/aladroque-efectos-del-cambio-climatico\/\" target=\"_self\" rel=\"bookmark noopener noreferrer\"><img loading=\"lazy\" decoding=\"async\" width=\"2560\" height=\"1920\" src=\"https:\/\/cori.institute\/wp-content\/uploads\/2022\/12\/bed4c93e-07a5-44cf-9c29-89f84e5aa3e6-scaled.jpg\" class=\"attachment-full size-full\" alt=\"\" srcset=\"https:\/\/cori.institute\/wp-content\/uploads\/2022\/12\/bed4c93e-07a5-44cf-9c29-89f84e5aa3e6-scaled.jpg 2560w, https:\/\/cori.institute\/wp-content\/uploads\/2022\/12\/bed4c93e-07a5-44cf-9c29-89f84e5aa3e6-300x225.jpg 300w, https:\/\/cori.institute\/wp-content\/uploads\/2022\/12\/bed4c93e-07a5-44cf-9c29-89f84e5aa3e6-1024x768.jpg 1024w, https:\/\/cori.institute\/wp-content\/uploads\/2022\/12\/bed4c93e-07a5-44cf-9c29-89f84e5aa3e6-768x576.jpg 768w, https:\/\/cori.institute\/wp-content\/uploads\/2022\/12\/bed4c93e-07a5-44cf-9c29-89f84e5aa3e6-1536x1152.jpg 1536w, https:\/\/cori.institute\/wp-content\/uploads\/2022\/12\/bed4c93e-07a5-44cf-9c29-89f84e5aa3e6-2048x1536.jpg 2048w\" sizes=\"(max-width: 2560px) 100vw, 2560px\" \/>\t\t\t\t\t<\/a>\n\t\t\t\t\t\t\t\t\t<\/div>\n\t\t\t\t\t\t<h3 class=\"uagb-post__title uagb-post__text\">\n\t\t\t\t<a href=\"https:\/\/cori.institute\/index.php\/2023\/09\/15\/aladroque-efectos-del-cambio-climatico\/\" target=\"_self\" rel=\"bookmark noopener noreferrer\">Aladroque<\/a>\n\t\t\t<\/h3>\n\t\t\t\t\t\t<div class='uagb-post__text uagb-post-grid-byline'>\n\t\t\t\t\t\t\t<\/div>\n\t\t\t\t\t\t<div class=\"uagb-post__text uagb-post__cta wp-block-button\">\n\t\t\t\t<a class=\"wp-block-button__link uagb-text-link\" href=\"https:\/\/cori.institute\/index.php\/2023\/09\/15\/aladroque-efectos-del-cambio-climatico\/\" target=\"_self\" rel=\"bookmark noopener noreferrer\">Read More<\/a>\n\t\t\t<\/div>\n\t\t\t\t\t\t\t\t\t\t\t\t<\/article>\n\t\t\t\t\t\t\t\t\t\t\t\t\t\t\t\t<article class=\"uagb-post__inner-wrap\">\t\t\t\t\t\t\t\t<div class='uagb-post__image'>\n\t\t\t\t\t\t\t\t\t<a href=\"https:\/\/cori.institute\/index.php\/2023\/03\/03\/mesofotict-estudio-de-los-fondos-mesofoticos\/\" target=\"_self\" rel=\"bookmark noopener noreferrer\"><img loading=\"lazy\" decoding=\"async\" width=\"3840\" height=\"2160\" src=\"https:\/\/cori.institute\/wp-content\/uploads\/2023\/03\/morena-escondida.png\" class=\"attachment-full size-full\" alt=\"morena-escondida\" srcset=\"https:\/\/cori.institute\/wp-content\/uploads\/2023\/03\/morena-escondida.png 3840w, https:\/\/cori.institute\/wp-content\/uploads\/2023\/03\/morena-escondida-300x169.png 300w, https:\/\/cori.institute\/wp-content\/uploads\/2023\/03\/morena-escondida-1024x576.png 1024w, https:\/\/cori.institute\/wp-content\/uploads\/2023\/03\/morena-escondida-768x432.png 768w, https:\/\/cori.institute\/wp-content\/uploads\/2023\/03\/morena-escondida-1536x864.png 1536w, https:\/\/cori.institute\/wp-content\/uploads\/2023\/03\/morena-escondida-2048x1152.png 2048w\" sizes=\"(max-width: 3840px) 100vw, 3840px\" \/>\t\t\t\t\t<\/a>\n\t\t\t\t\t\t\t\t\t<\/div>\n\t\t\t\t\t\t<h3 class=\"uagb-post__title uagb-post__text\">\n\t\t\t\t<a href=\"https:\/\/cori.institute\/index.php\/2023\/03\/03\/mesofotict-estudio-de-los-fondos-mesofoticos\/\" target=\"_self\" rel=\"bookmark noopener noreferrer\">MesoFotiCT, estudio de los fondos mesof\u00f3ticos de la costa de la Regi\u00f3n de Murcia<\/a>\n\t\t\t<\/h3>\n\t\t\t\t\t\t<div class='uagb-post__text uagb-post-grid-byline'>\n\t\t\t\t\t\t\t<\/div>\n\t\t\t\t\t\t<div class=\"uagb-post__text uagb-post__cta wp-block-button\">\n\t\t\t\t<a class=\"wp-block-button__link uagb-text-link\" href=\"https:\/\/cori.institute\/index.php\/2023\/03\/03\/mesofotict-estudio-de-los-fondos-mesofoticos\/\" target=\"_self\" rel=\"bookmark noopener noreferrer\">Read More<\/a>\n\t\t\t<\/div>\n\t\t\t\t\t\t\t\t\t\t\t\t<\/article>\n\t\t\t\t\t\t\t\t\t\t\t<\/div>\n\t\t\t<\/div><\/div>\n","protected":false},"excerpt":{"rendered":"<p>OCO es un proyecto de ciencia ciudadana en el que se grabar\u00e1 con un robot submarino (ROV) el fondo oce\u00e1nico de cinco puntos de la costa de la Regi\u00f3n de Murcia distintos elegidos por los alumnos de institutos. Las inmersiones del ROV ser\u00e1n la culminaci\u00f3n del proyecto&nbsp;\u2018Observatorio ciudadano oceanogr\u00e1fico\u2019 (OCO). Este proyecto tiene como objetivo, [&hellip;]<\/p>\n","protected":false},"author":2,"featured_media":1313,"comment_status":"closed","ping_status":"open","sticky":false,"template":"","format":"standard","meta":{"_uag_custom_page_level_css":"","site-sidebar-layout":"default","site-content-layout":"","ast-site-content-layout":"default","site-content-style":"default","site-sidebar-style":"default","ast-global-header-display":"","ast-banner-title-visibility":"","ast-main-header-display":"","ast-hfb-above-header-display":"","ast-hfb-below-header-display":"","ast-hfb-mobile-header-display":"","site-post-title":"disabled","ast-breadcrumbs-content":"","ast-featured-img":"disabled","footer-sml-layout":"","theme-transparent-header-meta":"","adv-header-id-meta":"","stick-header-meta":"","header-above-stick-meta":"","header-main-stick-meta":"","header-below-stick-meta":"","astra-migrate-meta-layouts":"set","ast-page-background-enabled":"default","ast-page-background-meta":{"desktop":{"background-color":"var(--ast-global-color-4)","background-image":"","background-repeat":"repeat","background-position":"center center","background-size":"auto","background-attachment":"scroll","background-type":"","background-media":"","overlay-type":"","overlay-color":"","overlay-gradient":""},"tablet":{"background-color":"","background-image":"","background-repeat":"repeat","background-position":"center center","background-size":"auto","background-attachment":"scroll","background-type":"","background-media":"","overlay-type":"","overlay-color":"","overlay-gradient":""},"mobile":{"background-color":"","background-image":"","background-repeat":"repeat","background-position":"center center","background-size":"auto","background-attachment":"scroll","background-type":"","background-media":"","overlay-type":"","overlay-color":"","overlay-gradient":""}},"ast-content-background-meta":{"desktop":{"background-color":"var(--ast-global-color-5)","background-image":"","background-repeat":"repeat","background-position":"center center","background-size":"auto","background-attachment":"scroll","background-type":"","background-media":"","overlay-type":"","overlay-color":"","overlay-gradient":""},"tablet":{"background-color":"var(--ast-global-color-5)","background-image":"","background-repeat":"repeat","background-position":"center center","background-size":"auto","background-attachment":"scroll","background-type":"","background-media":"","overlay-type":"","overlay-color":"","overlay-gradient":""},"mobile":{"background-color":"var(--ast-global-color-5)","background-image":"","background-repeat":"repeat","background-position":"center center","background-size":"auto","background-attachment":"scroll","background-type":"","background-media":"","overlay-type":"","overlay-color":"","overlay-gradient":""}},"_themeisle_gutenberg_block_has_review":false,"footnotes":""},"categories":[6],"tags":[],"class_list":["post-1305","post","type-post","status-publish","format-standard","has-post-thumbnail","hentry","category-proyectos"],"yoast_head":"<!-- This site is optimized with the Yoast SEO plugin v22.3 - https:\/\/yoast.com\/wordpress\/plugins\/seo\/ -->\n<title>Explorar las Profundidades Marinas de la Regi\u00f3n de Murcia - OCO<\/title>\n<meta name=\"description\" content=\"Proyecto para grabar las profundidades marinas de la Regi\u00f3n de Murcia y descubrir los animales y peces del fondo del mar.\" \/>\n<meta name=\"robots\" content=\"index, follow, max-snippet:-1, max-image-preview:large, max-video-preview:-1\" \/>\n<link rel=\"canonical\" href=\"https:\/\/cori.institute\/index.php\/2023\/06\/14\/observatorio-ciudadano-oceanografico-oco\/\" \/>\n<meta property=\"og:locale\" content=\"en_US\" \/>\n<meta property=\"og:type\" content=\"article\" \/>\n<meta property=\"og:title\" content=\"Explorar las Profundidades Marinas de la Regi\u00f3n de Murcia - OCO\" \/>\n<meta property=\"og:description\" content=\"Proyecto para grabar las profundidades marinas de la Regi\u00f3n de Murcia y descubrir los animales y peces del fondo del mar.\" \/>\n<meta property=\"og:url\" content=\"https:\/\/cori.institute\/index.php\/2023\/06\/14\/observatorio-ciudadano-oceanografico-oco\/\" \/>\n<meta property=\"article:published_time\" content=\"2023-06-14T15:39:02+00:00\" \/>\n<meta property=\"article:modified_time\" content=\"2026-04-25T18:13:21+00:00\" \/>\n<meta property=\"og:image\" content=\"https:\/\/cori.institute\/wp-content\/uploads\/2023\/06\/oco.jpeg\" \/>\n\t<meta property=\"og:image:width\" content=\"1049\" \/>\n\t<meta property=\"og:image:height\" content=\"645\" \/>\n\t<meta property=\"og:image:type\" content=\"image\/jpeg\" \/>\n<meta name=\"author\" content=\"Marina\" \/>\n<meta name=\"twitter:card\" content=\"summary_large_image\" \/>\n<meta name=\"twitter:label1\" content=\"Written by\" \/>\n\t<meta name=\"twitter:data1\" content=\"Marina\" \/>\n\t<meta name=\"twitter:label2\" content=\"Est. reading time\" \/>\n\t<meta name=\"twitter:data2\" content=\"2 minutes\" \/>\n<script type=\"application\/ld+json\" class=\"yoast-schema-graph\">{\"@context\":\"https:\/\/schema.org\",\"@graph\":[{\"@type\":\"WebPage\",\"@id\":\"https:\/\/cori.institute\/index.php\/2023\/06\/14\/observatorio-ciudadano-oceanografico-oco\/\",\"url\":\"https:\/\/cori.institute\/index.php\/2023\/06\/14\/observatorio-ciudadano-oceanografico-oco\/\",\"name\":\"Explorar las Profundidades Marinas de la Regi\u00f3n de Murcia - OCO\",\"isPartOf\":{\"@id\":\"https:\/\/cori.institute\/#website\"},\"primaryImageOfPage\":{\"@id\":\"https:\/\/cori.institute\/index.php\/2023\/06\/14\/observatorio-ciudadano-oceanografico-oco\/#primaryimage\"},\"image\":{\"@id\":\"https:\/\/cori.institute\/index.php\/2023\/06\/14\/observatorio-ciudadano-oceanografico-oco\/#primaryimage\"},\"thumbnailUrl\":\"https:\/\/cori.institute\/wp-content\/uploads\/2023\/06\/oco.jpeg\",\"datePublished\":\"2023-06-14T15:39:02+00:00\",\"dateModified\":\"2026-04-25T18:13:21+00:00\",\"author\":{\"@id\":\"https:\/\/cori.institute\/#\/schema\/person\/22c0b0090fd99161e4b55d25dc27018a\"},\"description\":\"Proyecto para grabar las profundidades marinas de la Regi\u00f3n de Murcia y descubrir los animales y peces del fondo del mar.\",\"breadcrumb\":{\"@id\":\"https:\/\/cori.institute\/index.php\/2023\/06\/14\/observatorio-ciudadano-oceanografico-oco\/#breadcrumb\"},\"inLanguage\":\"en-US\",\"potentialAction\":[{\"@type\":\"ReadAction\",\"target\":[\"https:\/\/cori.institute\/index.php\/2023\/06\/14\/observatorio-ciudadano-oceanografico-oco\/\"]}]},{\"@type\":\"ImageObject\",\"inLanguage\":\"en-US\",\"@id\":\"https:\/\/cori.institute\/index.php\/2023\/06\/14\/observatorio-ciudadano-oceanografico-oco\/#primaryimage\",\"url\":\"https:\/\/cori.institute\/wp-content\/uploads\/2023\/06\/oco.jpeg\",\"contentUrl\":\"https:\/\/cori.institute\/wp-content\/uploads\/2023\/06\/oco.jpeg\",\"width\":1049,\"height\":645,\"caption\":\"cinco puntos elegidos por institutos para explorar con una c\u00e1mara subacu\u00e1tica en la Regi\u00f3n de Murcia\"},{\"@type\":\"BreadcrumbList\",\"@id\":\"https:\/\/cori.institute\/index.php\/2023\/06\/14\/observatorio-ciudadano-oceanografico-oco\/#breadcrumb\",\"itemListElement\":[{\"@type\":\"ListItem\",\"position\":1,\"name\":\"Portada\",\"item\":\"https:\/\/cori.institute\/\"},{\"@type\":\"ListItem\",\"position\":2,\"name\":\"OCO:explorar el fondo oce\u00e1nico de cinco puntos de la costa de la Regi\u00f3n de Murcia\"}]},{\"@type\":\"WebSite\",\"@id\":\"https:\/\/cori.institute\/#website\",\"url\":\"https:\/\/cori.institute\/\",\"name\":\"\",\"description\":\"Descubriendo el oc\u00e9ano invisible\",\"potentialAction\":[{\"@type\":\"SearchAction\",\"target\":{\"@type\":\"EntryPoint\",\"urlTemplate\":\"https:\/\/cori.institute\/?s={search_term_string}\"},\"query-input\":\"required name=search_term_string\"}],\"inLanguage\":\"en-US\"},{\"@type\":\"Person\",\"@id\":\"https:\/\/cori.institute\/#\/schema\/person\/22c0b0090fd99161e4b55d25dc27018a\",\"name\":\"Marina\",\"image\":{\"@type\":\"ImageObject\",\"inLanguage\":\"en-US\",\"@id\":\"https:\/\/cori.institute\/#\/schema\/person\/image\/\",\"url\":\"https:\/\/secure.gravatar.com\/avatar\/f6e61f3c0a90145b6c28bae31d494e281804247062f24f8f102470996b6678d9?s=96&d=mm&r=g\",\"contentUrl\":\"https:\/\/secure.gravatar.com\/avatar\/f6e61f3c0a90145b6c28bae31d494e281804247062f24f8f102470996b6678d9?s=96&d=mm&r=g\",\"caption\":\"Marina\"}}]}<\/script>\n<!-- \/ Yoast SEO plugin. -->","yoast_head_json":{"title":"Explorar las Profundidades Marinas de la Regi\u00f3n de Murcia - OCO","description":"Proyecto para grabar las profundidades marinas de la Regi\u00f3n de Murcia y descubrir los animales y peces del fondo del mar.","robots":{"index":"index","follow":"follow","max-snippet":"max-snippet:-1","max-image-preview":"max-image-preview:large","max-video-preview":"max-video-preview:-1"},"canonical":"https:\/\/cori.institute\/index.php\/2023\/06\/14\/observatorio-ciudadano-oceanografico-oco\/","og_locale":"en_US","og_type":"article","og_title":"Explorar las Profundidades Marinas de la Regi\u00f3n de Murcia - OCO","og_description":"Proyecto para grabar las profundidades marinas de la Regi\u00f3n de Murcia y descubrir los animales y peces del fondo del mar.","og_url":"https:\/\/cori.institute\/index.php\/2023\/06\/14\/observatorio-ciudadano-oceanografico-oco\/","article_published_time":"2023-06-14T15:39:02+00:00","article_modified_time":"2026-04-25T18:13:21+00:00","og_image":[{"width":1049,"height":645,"url":"https:\/\/cori.institute\/wp-content\/uploads\/2023\/06\/oco.jpeg","type":"image\/jpeg"}],"author":"Marina","twitter_card":"summary_large_image","twitter_misc":{"Written by":"Marina","Est. reading time":"2 minutes"},"schema":{"@context":"https:\/\/schema.org","@graph":[{"@type":"WebPage","@id":"https:\/\/cori.institute\/index.php\/2023\/06\/14\/observatorio-ciudadano-oceanografico-oco\/","url":"https:\/\/cori.institute\/index.php\/2023\/06\/14\/observatorio-ciudadano-oceanografico-oco\/","name":"Explorar las Profundidades Marinas de la Regi\u00f3n de Murcia - OCO","isPartOf":{"@id":"https:\/\/cori.institute\/#website"},"primaryImageOfPage":{"@id":"https:\/\/cori.institute\/index.php\/2023\/06\/14\/observatorio-ciudadano-oceanografico-oco\/#primaryimage"},"image":{"@id":"https:\/\/cori.institute\/index.php\/2023\/06\/14\/observatorio-ciudadano-oceanografico-oco\/#primaryimage"},"thumbnailUrl":"https:\/\/cori.institute\/wp-content\/uploads\/2023\/06\/oco.jpeg","datePublished":"2023-06-14T15:39:02+00:00","dateModified":"2026-04-25T18:13:21+00:00","author":{"@id":"https:\/\/cori.institute\/#\/schema\/person\/22c0b0090fd99161e4b55d25dc27018a"},"description":"Proyecto para grabar las profundidades marinas de la Regi\u00f3n de Murcia y descubrir los animales y peces del fondo del mar.","breadcrumb":{"@id":"https:\/\/cori.institute\/index.php\/2023\/06\/14\/observatorio-ciudadano-oceanografico-oco\/#breadcrumb"},"inLanguage":"en-US","potentialAction":[{"@type":"ReadAction","target":["https:\/\/cori.institute\/index.php\/2023\/06\/14\/observatorio-ciudadano-oceanografico-oco\/"]}]},{"@type":"ImageObject","inLanguage":"en-US","@id":"https:\/\/cori.institute\/index.php\/2023\/06\/14\/observatorio-ciudadano-oceanografico-oco\/#primaryimage","url":"https:\/\/cori.institute\/wp-content\/uploads\/2023\/06\/oco.jpeg","contentUrl":"https:\/\/cori.institute\/wp-content\/uploads\/2023\/06\/oco.jpeg","width":1049,"height":645,"caption":"cinco puntos elegidos por institutos para explorar con una c\u00e1mara subacu\u00e1tica en la Regi\u00f3n de Murcia"},{"@type":"BreadcrumbList","@id":"https:\/\/cori.institute\/index.php\/2023\/06\/14\/observatorio-ciudadano-oceanografico-oco\/#breadcrumb","itemListElement":[{"@type":"ListItem","position":1,"name":"Portada","item":"https:\/\/cori.institute\/"},{"@type":"ListItem","position":2,"name":"OCO:explorar el fondo oce\u00e1nico de cinco puntos de la costa de la Regi\u00f3n de Murcia"}]},{"@type":"WebSite","@id":"https:\/\/cori.institute\/#website","url":"https:\/\/cori.institute\/","name":"","description":"Descubriendo el oc\u00e9ano invisible","potentialAction":[{"@type":"SearchAction","target":{"@type":"EntryPoint","urlTemplate":"https:\/\/cori.institute\/?s={search_term_string}"},"query-input":"required name=search_term_string"}],"inLanguage":"en-US"},{"@type":"Person","@id":"https:\/\/cori.institute\/#\/schema\/person\/22c0b0090fd99161e4b55d25dc27018a","name":"Marina","image":{"@type":"ImageObject","inLanguage":"en-US","@id":"https:\/\/cori.institute\/#\/schema\/person\/image\/","url":"https:\/\/secure.gravatar.com\/avatar\/f6e61f3c0a90145b6c28bae31d494e281804247062f24f8f102470996b6678d9?s=96&d=mm&r=g","contentUrl":"https:\/\/secure.gravatar.com\/avatar\/f6e61f3c0a90145b6c28bae31d494e281804247062f24f8f102470996b6678d9?s=96&d=mm&r=g","caption":"Marina"}}]}},"uagb_featured_image_src":{"full":["https:\/\/cori.institute\/wp-content\/uploads\/2023\/06\/oco.jpeg",1049,645,false],"thumbnail":["https:\/\/cori.institute\/wp-content\/uploads\/2023\/06\/oco-150x150.jpeg",150,150,true],"medium":["https:\/\/cori.institute\/wp-content\/uploads\/2023\/06\/oco-300x184.jpeg",300,184,true],"medium_large":["https:\/\/cori.institute\/wp-content\/uploads\/2023\/06\/oco-768x472.jpeg",768,472,true],"large":["https:\/\/cori.institute\/wp-content\/uploads\/2023\/06\/oco-1024x630.jpeg",1024,630,true],"1536x1536":["https:\/\/cori.institute\/wp-content\/uploads\/2023\/06\/oco.jpeg",1049,645,false],"2048x2048":["https:\/\/cori.institute\/wp-content\/uploads\/2023\/06\/oco.jpeg",1049,645,false]},"uagb_author_info":{"display_name":"Marina","author_link":"https:\/\/cori.institute\/index.php\/author\/marina\/"},"uagb_comment_info":0,"uagb_excerpt":"OCO es un proyecto de ciencia ciudadana en el que se grabar\u00e1 con un robot submarino (ROV) el fondo oce\u00e1nico de cinco puntos de la costa de la Regi\u00f3n de Murcia distintos elegidos por los alumnos de institutos. Las inmersiones del ROV ser\u00e1n la culminaci\u00f3n del proyecto&nbsp;\u2018Observatorio ciudadano oceanogr\u00e1fico\u2019 (OCO). Este proyecto tiene como objetivo,&hellip;","_links":{"self":[{"href":"https:\/\/cori.institute\/index.php\/wp-json\/wp\/v2\/posts\/1305","targetHints":{"allow":["GET"]}}],"collection":[{"href":"https:\/\/cori.institute\/index.php\/wp-json\/wp\/v2\/posts"}],"about":[{"href":"https:\/\/cori.institute\/index.php\/wp-json\/wp\/v2\/types\/post"}],"author":[{"embeddable":true,"href":"https:\/\/cori.institute\/index.php\/wp-json\/wp\/v2\/users\/2"}],"replies":[{"embeddable":true,"href":"https:\/\/cori.institute\/index.php\/wp-json\/wp\/v2\/comments?post=1305"}],"version-history":[{"count":4,"href":"https:\/\/cori.institute\/index.php\/wp-json\/wp\/v2\/posts\/1305\/revisions"}],"predecessor-version":[{"id":2746,"href":"https:\/\/cori.institute\/index.php\/wp-json\/wp\/v2\/posts\/1305\/revisions\/2746"}],"wp:featuredmedia":[{"embeddable":true,"href":"https:\/\/cori.institute\/index.php\/wp-json\/wp\/v2\/media\/1313"}],"wp:attachment":[{"href":"https:\/\/cori.institute\/index.php\/wp-json\/wp\/v2\/media?parent=1305"}],"wp:term":[{"taxonomy":"category","embeddable":true,"href":"https:\/\/cori.institute\/index.php\/wp-json\/wp\/v2\/categories?post=1305"},{"taxonomy":"post_tag","embeddable":true,"href":"https:\/\/cori.institute\/index.php\/wp-json\/wp\/v2\/tags?post=1305"}],"curies":[{"name":"wp","href":"https:\/\/api.w.org\/{rel}","templated":true}]}}