{"id":60,"date":"2022-12-22T18:58:03","date_gmt":"2022-12-22T18:58:03","guid":{"rendered":"https:\/\/cori.institute\/?p=60"},"modified":"2026-04-25T18:16:22","modified_gmt":"2026-04-25T18:16:22","slug":"loco-buoy","status":"publish","type":"post","link":"https:\/\/cori.institute\/index.php\/2022\/12\/22\/loco-buoy\/","title":{"rendered":"LoCo Buoy"},"content":{"rendered":"\n<div class=\"wp-block-cover alignfull is-light\" style=\"min-height:511px;aspect-ratio:unset;\"><span aria-hidden=\"true\" class=\"wp-block-cover__background has-background-dim-100 has-background-dim has-background-gradient\" style=\"background:linear-gradient(180deg,rgb(14,15,38) 62%,rgb(255,255,255) 62%)\"><\/span><div class=\"wp-block-cover__inner-container is-layout-flow wp-block-cover-is-layout-flow\">\n<h1 class=\"wp-block-heading has-ast-global-color-5-color has-text-color has-link-color wp-elements-f93fa078306145d04bd6d6bad3414c91\" style=\"margin-top:0;margin-right:var(--wp--preset--spacing--50);margin-bottom:var(--wp--preset--spacing--80);margin-left:var(--wp--preset--spacing--50)\"><strong>LoCo Buoy: una forma de acercar el mar a todos<\/strong><\/h1>\n\n\n\n<figure class=\"wp-block-image aligncenter size-full is-resized has-custom-border\"><img fetchpriority=\"high\" decoding=\"async\" width=\"1024\" height=\"768\" src=\"https:\/\/cori.institute\/wp-content\/uploads\/2022\/12\/locobuoy-1-4.jpg\" alt=\"equipo realizando el anclaje de una c\u00e1mara subacu\u00e1tuca en el puerto de cartagena\" class=\"wp-image-178\" style=\"border-radius:50px;object-fit:cover;width:700px;height:400px\" srcset=\"https:\/\/cori.institute\/wp-content\/uploads\/2022\/12\/locobuoy-1-4.jpg 1024w, https:\/\/cori.institute\/wp-content\/uploads\/2022\/12\/locobuoy-1-4-300x225.jpg 300w, https:\/\/cori.institute\/wp-content\/uploads\/2022\/12\/locobuoy-1-4-768x576.jpg 768w\" sizes=\"(max-width: 1024px) 100vw, 1024px\" \/><\/figure>\n<\/div><\/div>\n\n\n\n<ul style=\"padding-right:var(--wp--preset--spacing--50);padding-left:var(--wp--preset--spacing--50)\" class=\"wp-block-list\">\n<li>El&nbsp;<strong>objetivo&nbsp;<\/strong>de este proyecto es&nbsp;<strong>crear un dispositivo asequible para observar el oc\u00e9ano<\/strong>.<\/li>\n\n\n\n<li>Se trata de una&nbsp;<strong>estaci\u00f3n submarina&nbsp;instalada en las aguas del Puerto de Cartagena&nbsp;compuesta por una boya de bajo coste y una c\u00e1mara incorporada emitiendo en directo<\/strong>.<\/li>\n<\/ul>\n\n\n\n<div class=\"wp-block-columns is-layout-flex wp-container-core-columns-is-layout-c47336c3 wp-block-columns-is-layout-flex\" style=\"margin-top:0;margin-bottom:0;padding-top:var(--wp--preset--spacing--60);padding-bottom:var(--wp--preset--spacing--60)\">\n<div class=\"wp-block-column is-vertically-aligned-center is-layout-flow wp-block-column-is-layout-flow\" style=\"flex-basis:10%\">      \n\n\t<div class=\"uagb-icon-wrapper uagb-block-2fbb3474 \"\t>\n\t<span class=\"uagb-svg-wrapper\" aria-label=&quot;bullseye&quot;>\t\t\n\t\t\t\t\t\t\t<svg xmlns=\"https:\/\/www.w3.org\/2000\/svg\" viewBox= \"0 0 512 512\" role=\"graphics-symbol\" aria-hidden=\"false\" aria-label=\"\"><path d=\"M288 256C288 273.7 273.7 288 256 288C238.3 288 224 273.7 224 256C224 238.3 238.3 224 256 224C273.7 224 288 238.3 288 256zM112 256C112 176.5 176.5 112 256 112C335.5 112 400 176.5 400 256C400 335.5 335.5 400 256 400C176.5 400 112 335.5 112 256zM256 336C300.2 336 336 300.2 336 256C336 211.8 300.2 176 256 176C211.8 176 176 211.8 176 256C176 300.2 211.8 336 256 336zM512 256C512 397.4 397.4 512 256 512C114.6 512 0 397.4 0 256C0 114.6 114.6 0 256 0C397.4 0 512 114.6 512 256zM256 64C149.1 64 64 149.1 64 256C64 362 149.1 448 256 448C362 448 448 362 448 256C448 149.1 362 64 256 64z\"><\/path><\/svg>\n\t\t\t\t\t<\/span>\n\t<\/div>\n\n\t\t\t<\/div>\n\n\n\n<div class=\"wp-block-column is-vertically-aligned-center is-layout-flow wp-block-column-is-layout-flow\">\n<div class=\"wp-block-uagb-blockquote uagb-block-88786924 uagb-blockquote__skin-border uagb-blockquote__stack-img-none\"><blockquote class=\"uagb-blockquote\"><div class=\"uagb-blockquote__content\">El principal objetivo de\u00a0<strong>LoCo Buoy<\/strong>\u00a0(Low Cost Buoy) es el de disponer de un\u00a0<strong>punto de medici\u00f3n en el mar que pueda registrar par\u00e1metros oceanogr\u00e1ficos<\/strong>\u00a0como la temperatura o la claridad de las aguas. Sin embargo, la instalaci\u00f3n de la boya tambi\u00e9n permiti\u00f3 la incorporaci\u00f3n de una\u00a0<strong>c\u00e1mara sumergida\u00a0<\/strong>con la que se pudo observar el fondo marino de una zona costera de Cartagena\u00a0<strong>en directo y en abierto las 24 horas<\/strong>\u00a0durante tres semanas, con el fin de acercar el mar a todo aquel que quisiera ver las im\u00e1genes que esta c\u00e1mara retrasmit\u00eda en directo.<\/div><footer><div class=\"uagb-blockquote__author-wrap uagb-blockquote__author-at-left\"><\/div><\/footer><\/blockquote><\/div>\n<\/div>\n<\/div>\n\n\n\n<div class=\"wp-block-cover alignfull\" style=\"margin-top:var(--wp--preset--spacing--60);margin-bottom:var(--wp--preset--spacing--60);min-height:343px;aspect-ratio:unset;\"><span aria-hidden=\"true\" class=\"wp-block-cover__background has-background-dim-100 has-background-dim\" style=\"background-color:#0e0f26\"><\/span><div class=\"wp-block-cover__inner-container is-layout-constrained wp-block-cover-is-layout-constrained\">\n<div class=\"wp-block-columns is-layout-flex wp-container-core-columns-is-layout-b653aba5 wp-block-columns-is-layout-flex\" style=\"padding-top:var(--wp--preset--spacing--50);padding-right:var(--wp--preset--spacing--50);padding-bottom:var(--wp--preset--spacing--50);padding-left:var(--wp--preset--spacing--50)\">\n<div class=\"wp-block-column is-vertically-aligned-center is-layout-flow wp-block-column-is-layout-flow\">\n<figure class=\"wp-block-image aligncenter size-full is-resized has-custom-border\"><img decoding=\"async\" width=\"1024\" height=\"412\" src=\"https:\/\/cori.institute\/wp-content\/uploads\/2022\/12\/locobuoy-1-3.jpg\" alt=\"boya lowcost y anclaje de una c\u00e1mara que retrasmite 24 horas desde el puerto\" class=\"wp-image-176\" style=\"border-radius:50px;object-fit:cover;width:450px;height:300px\" srcset=\"https:\/\/cori.institute\/wp-content\/uploads\/2022\/12\/locobuoy-1-3.jpg 1024w, https:\/\/cori.institute\/wp-content\/uploads\/2022\/12\/locobuoy-1-3-300x121.jpg 300w, https:\/\/cori.institute\/wp-content\/uploads\/2022\/12\/locobuoy-1-3-768x309.jpg 768w\" sizes=\"(max-width: 1024px) 100vw, 1024px\" \/><\/figure>\n<\/div>\n\n\n\n<div class=\"wp-block-column is-vertically-aligned-center is-layout-flow wp-block-column-is-layout-flow\">\n<p>Durante los ocho meses que se prolong\u00f3, esta iniciativa no solo&nbsp;<strong>gener\u00f3 un valioso material oceanogr\u00e1fico<\/strong>, sino que tambi\u00e9n cumpli\u00f3 con otros objetivos, como son el&nbsp;<strong>fomento del cuidado y respeto a las zonas costeras<\/strong>&nbsp;o el de la difusi\u00f3n continua de la vida submarina en im\u00e1genes en vivo. Adem\u00e1s, los estudiantes de las instituciones acad\u00e9micas que participaron en LoCo Buoy pudieron conocer de primera mano la puesta en marcha de un proyecto de&nbsp;<strong>ingenier\u00eda subacu\u00e1tica<\/strong>&nbsp;con las correspondientes dificultades que supone. Mediante este sistema, los alumnos podr\u00e1n poner en valor muchos de los conocimientos te\u00f3ricos adquiridos en su formaci\u00f3n en materias como la electr\u00f3nica o la transmisi\u00f3n y recepci\u00f3n de datos.<\/p>\n<\/div>\n<\/div>\n<\/div><\/div>\n\n\n\n<p style=\"padding-right:var(--wp--preset--spacing--50);padding-left:var(--wp--preset--spacing--50)\">Para este 2022,&nbsp;<strong>se pretende que LoCo Bouy siga creciendo y cumpliendo nuevos retos<\/strong>. Entre ellos, la adaptaci\u00f3n de una c\u00e1mara de tecnolog\u00eda m\u00e1s avanzada o la inserci\u00f3n de un mayor n\u00famero de sensores m\u00e1s potentes.<\/p>\n\n\n\n<figure class=\"wp-block-image aligncenter size-full is-resized has-custom-border\"><img decoding=\"async\" width=\"1024\" height=\"361\" src=\"https:\/\/cori.institute\/wp-content\/uploads\/2022\/12\/locobuoy-1-2-copia.jpg\" alt=\"boya lowcost y anclaje de una c\u00e1mara que retrasmite 24 horas desde el puerto\" class=\"wp-image-174\" style=\"border-radius:50px;object-fit:cover;width:600px;height:300px\" srcset=\"https:\/\/cori.institute\/wp-content\/uploads\/2022\/12\/locobuoy-1-2-copia.jpg 1024w, https:\/\/cori.institute\/wp-content\/uploads\/2022\/12\/locobuoy-1-2-copia-300x106.jpg 300w, https:\/\/cori.institute\/wp-content\/uploads\/2022\/12\/locobuoy-1-2-copia-768x271.jpg 768w\" sizes=\"(max-width: 1024px) 100vw, 1024px\" \/><\/figure>\n\n\n\n<h2 class=\"wp-block-heading\" style=\"padding-top:var(--wp--preset--spacing--50);padding-right:var(--wp--preset--spacing--50);padding-bottom:var(--wp--preset--spacing--30);padding-left:var(--wp--preset--spacing--50)\"><strong>Participantes en el proyecto<\/strong><\/h2>\n\n\n\n<div class=\"wp-block-columns is-layout-flex wp-container-core-columns-is-layout-5b7f07c0 wp-block-columns-is-layout-flex\" style=\"margin-top:0;margin-bottom:0;padding-top:0;padding-bottom:var(--wp--preset--spacing--60)\">\n<div class=\"wp-block-column is-vertically-aligned-center is-layout-flow wp-block-column-is-layout-flow\" style=\"flex-basis:10%\">      \n\n\t<div class=\"uagb-icon-wrapper uagb-block-7503fe05 \"\t>\n\t<span class=\"uagb-svg-wrapper\" aria-label=&quot;users&quot;>\t\t\n\t\t\t\t\t\t\t<svg xmlns=\"https:\/\/www.w3.org\/2000\/svg\" viewBox= \"0 0 640 512\" role=\"graphics-symbol\" aria-hidden=\"false\" aria-label=\"\"><path d=\"M319.9 320c57.41 0 103.1-46.56 103.1-104c0-57.44-46.54-104-103.1-104c-57.41 0-103.1 46.56-103.1 104C215.9 273.4 262.5 320 319.9 320zM369.9 352H270.1C191.6 352 128 411.7 128 485.3C128 500.1 140.7 512 156.4 512h327.2C499.3 512 512 500.1 512 485.3C512 411.7 448.4 352 369.9 352zM512 160c44.18 0 80-35.82 80-80S556.2 0 512 0c-44.18 0-80 35.82-80 80S467.8 160 512 160zM183.9 216c0-5.449 .9824-10.63 1.609-15.91C174.6 194.1 162.6 192 149.9 192H88.08C39.44 192 0 233.8 0 285.3C0 295.6 7.887 304 17.62 304h199.5C196.7 280.2 183.9 249.7 183.9 216zM128 160c44.18 0 80-35.82 80-80S172.2 0 128 0C83.82 0 48 35.82 48 80S83.82 160 128 160zM551.9 192h-61.84c-12.8 0-24.88 3.037-35.86 8.24C454.8 205.5 455.8 210.6 455.8 216c0 33.71-12.78 64.21-33.16 88h199.7C632.1 304 640 295.6 640 285.3C640 233.8 600.6 192 551.9 192z\"><\/path><\/svg>\n\t\t\t\t\t<\/span>\n\t<\/div>\n\n\t\t\t<\/div>\n\n\n\n<div class=\"wp-block-column is-vertically-aligned-center is-layout-flow wp-block-column-is-layout-flow\">\n<div class=\"wp-block-uagb-blockquote uagb-block-a7ec1ede uagb-blockquote__skin-border uagb-blockquote__stack-img-none\"><blockquote class=\"uagb-blockquote\"><div class=\"uagb-blockquote__content\">Las instituciones que participaron junto a CORI en el desarrollo de este proyecto fueron: la\u00a0<a href=\"https:\/\/www.upct.es\/\" target=\"_blank\" rel=\"noreferrer noopener\">Universidad Polit\u00e9cnica de Cartagena<strong>\u00a0(UPCT)<\/strong><\/a><strong>,<\/strong>\u00a0el\u00a0<a href=\"https:\/\/cifphesperides.es\/\" target=\"_blank\" rel=\"noreferrer noopener\">C.I.F.P Hesp\u00e9rides<\/a>\u00a0y el\u00a0<a href=\"http:\/\/politecnicocartagena.es\/\" target=\"_blank\" rel=\"noreferrer noopener\">I.E.S Polit\u00e9cnico Cartagena<\/a>.<\/div><footer><div class=\"uagb-blockquote__author-wrap uagb-blockquote__author-at-left\"><\/div><\/footer><\/blockquote><\/div>\n<\/div>\n<\/div>\n\n\n\n<p style=\"padding-right:var(--wp--preset--spacing--50);padding-left:var(--wp--preset--spacing--50)\">Cada una de ellas tuvo una tarea para la total realizaci\u00f3n de esta iniciativa. Por ejemplo, la&nbsp;<strong>Universidad Polit\u00e9cnica de Cartagena<\/strong>&nbsp;fue la encargada de gestionar los contenidos multimedia a trav\u00e9s de<a href=\"https:\/\/www.upct.es\/unidad-cultura-cientifica\/es\/loco-buoy\/conexion-en-vivo-con-el-fondo-marino-en-el-proyecto-loco-buoy\" target=\"_blank\" rel=\"noreferrer noopener\">&nbsp;YouTube<\/a>. Por otro lado, el&nbsp;<strong>C.I.F.P Hesp\u00e9rides<\/strong>&nbsp;<strong>cedi\u00f3 sus instalaciones en El Espalmador<\/strong>&nbsp;para la inmersi\u00f3n de la infraestructura, adem\u00e1s de encargarse del mantenimiento y la instalaci\u00f3n de los dispositivos necesarios para los fondeos, mientras que de la&nbsp;<strong>parte electr\u00f3nica<\/strong>&nbsp;se ocup\u00f3 el&nbsp;<strong>Instituto Polit\u00e9cnico de Cartagena.<\/strong><\/p>\n\n\n\n<figure class=\"wp-block-embed aligncenter is-type-video is-provider-youtube wp-block-embed-youtube wp-embed-aspect-16-9 wp-has-aspect-ratio\" style=\"margin-top:var(--wp--preset--spacing--50);margin-bottom:var(--wp--preset--spacing--50)\"><div class=\"wp-block-embed__wrapper\"> <div class=\"ast-oembed-container \" style=\"height: 100%;\"><iframe title=\"VideoInstalacionCAMARA\" width=\"500\" height=\"281\" src=\"https:\/\/www.youtube.com\/embed\/zII2rQPLEOU?feature=oembed\" frameborder=\"0\" allow=\"accelerometer; autoplay; clipboard-write; encrypted-media; gyroscope; picture-in-picture; web-share\" referrerpolicy=\"strict-origin-when-cross-origin\" allowfullscreen><\/iframe><\/div> <\/div><\/figure>\n\n\n\n<div class=\"wp-block-cover alignfull\" style=\"padding-top:var(--wp--preset--spacing--50);padding-right:var(--wp--preset--spacing--50);padding-bottom:var(--wp--preset--spacing--50);padding-left:var(--wp--preset--spacing--50)\"><span aria-hidden=\"true\" class=\"wp-block-cover__background has-background-dim-100 has-background-dim\" style=\"background-color:#0e0f26\"><\/span><div class=\"wp-block-cover__inner-container is-layout-flow wp-block-cover-is-layout-flow\">\n<h2 class=\"wp-block-heading\">\u00daltimos Proyectos<\/h2>\n\n\n\n\t\t\t<div class=\"wp-block-uagb-post-carousel uagb-post-grid  uagb-post__image-position-top uagb-post__image-enabled uagb-block-aac8845b     uagb-post__arrow-outside uagb-slick-carousel uagb-post__items uagb-post__columns-3 is-carousel uagb-post__columns-tablet-2 uagb-post__columns-mobile-1 uagb-post__carousel_equal-height\" data-total=\"2\" style=\"\">\n\n\t\t\t\t\t\t\t\t\t\t\t\t<article class=\"uagb-post__inner-wrap\">\t\t\t\t\t\t\t\t<div class='uagb-post__image'>\n\t\t\t\t\t\t\t\t\t<a href=\"https:\/\/cori.institute\/index.php\/2026\/04\/26\/plantilla-entradas-proyectos-2\/\" target=\"_self\" rel=\"bookmark noopener noreferrer\"><img loading=\"lazy\" decoding=\"async\" width=\"1920\" height=\"1275\" src=\"https:\/\/cori.institute\/wp-content\/uploads\/2026\/04\/Palma_Aquarium-Pez_guitarra.jpg\" class=\"attachment-full size-full\" alt=\"\" srcset=\"https:\/\/cori.institute\/wp-content\/uploads\/2026\/04\/Palma_Aquarium-Pez_guitarra.jpg 1920w, https:\/\/cori.institute\/wp-content\/uploads\/2026\/04\/Palma_Aquarium-Pez_guitarra-300x199.jpg 300w, https:\/\/cori.institute\/wp-content\/uploads\/2026\/04\/Palma_Aquarium-Pez_guitarra-1024x680.jpg 1024w, https:\/\/cori.institute\/wp-content\/uploads\/2026\/04\/Palma_Aquarium-Pez_guitarra-768x510.jpg 768w, https:\/\/cori.institute\/wp-content\/uploads\/2026\/04\/Palma_Aquarium-Pez_guitarra-1536x1020.jpg 1536w\" sizes=\"(max-width: 1920px) 100vw, 1920px\" \/>\t\t\t\t\t<\/a>\n\t\t\t\t\t\t\t\t\t<\/div>\n\t\t\t\t\t\t<h3 class=\"uagb-post__title uagb-post__text\">\n\t\t\t\t<a href=\"https:\/\/cori.institute\/index.php\/2026\/04\/26\/plantilla-entradas-proyectos-2\/\" target=\"_self\" rel=\"bookmark noopener noreferrer\">Guitar-Hero 2<\/a>\n\t\t\t<\/h3>\n\t\t\t\t\t\t<div class='uagb-post__text uagb-post-grid-byline'>\n\t\t\t\t\t\t\t<\/div>\n\t\t\t\t\t\t<div class=\"uagb-post__text uagb-post__cta wp-block-button\">\n\t\t\t\t<a class=\"wp-block-button__link uagb-text-link\" href=\"https:\/\/cori.institute\/index.php\/2026\/04\/26\/plantilla-entradas-proyectos-2\/\" target=\"_self\" rel=\"bookmark noopener noreferrer\">Read More<\/a>\n\t\t\t<\/div>\n\t\t\t\t\t\t\t\t\t\t\t\t<\/article>\n\t\t\t\t\t\t\t\t\t\t\t\t\t\t\t\t<article class=\"uagb-post__inner-wrap\">\t\t\t\t\t\t\t\t<div class='uagb-post__image'>\n\t\t\t\t\t\t\t\t\t<a href=\"https:\/\/cori.institute\/index.php\/2026\/04\/25\/plantilla-entradas-proyectos\/\" target=\"_self\" rel=\"bookmark noopener noreferrer\"><img loading=\"lazy\" decoding=\"async\" width=\"2560\" height=\"1439\" src=\"https:\/\/cori.institute\/wp-content\/uploads\/2026\/04\/vlcsnap-2025-08-22-13h58m59s135-scaled.png\" class=\"attachment-full size-full\" alt=\"\" srcset=\"https:\/\/cori.institute\/wp-content\/uploads\/2026\/04\/vlcsnap-2025-08-22-13h58m59s135-scaled.png 2560w, https:\/\/cori.institute\/wp-content\/uploads\/2026\/04\/vlcsnap-2025-08-22-13h58m59s135-300x169.png 300w, https:\/\/cori.institute\/wp-content\/uploads\/2026\/04\/vlcsnap-2025-08-22-13h58m59s135-1024x576.png 1024w, https:\/\/cori.institute\/wp-content\/uploads\/2026\/04\/vlcsnap-2025-08-22-13h58m59s135-768x432.png 768w, https:\/\/cori.institute\/wp-content\/uploads\/2026\/04\/vlcsnap-2025-08-22-13h58m59s135-1536x863.png 1536w, https:\/\/cori.institute\/wp-content\/uploads\/2026\/04\/vlcsnap-2025-08-22-13h58m59s135-2048x1151.png 2048w\" sizes=\"(max-width: 2560px) 100vw, 2560px\" \/>\t\t\t\t\t<\/a>\n\t\t\t\t\t\t\t\t\t<\/div>\n\t\t\t\t\t\t<h3 class=\"uagb-post__title uagb-post__text\">\n\t\t\t\t<a href=\"https:\/\/cori.institute\/index.php\/2026\/04\/25\/plantilla-entradas-proyectos\/\" target=\"_self\" rel=\"bookmark noopener noreferrer\">400 + 100<\/a>\n\t\t\t<\/h3>\n\t\t\t\t\t\t<div class='uagb-post__text uagb-post-grid-byline'>\n\t\t\t\t\t\t\t<\/div>\n\t\t\t\t\t\t<div class=\"uagb-post__text uagb-post__cta wp-block-button\">\n\t\t\t\t<a class=\"wp-block-button__link uagb-text-link\" href=\"https:\/\/cori.institute\/index.php\/2026\/04\/25\/plantilla-entradas-proyectos\/\" target=\"_self\" rel=\"bookmark noopener noreferrer\">Read More<\/a>\n\t\t\t<\/div>\n\t\t\t\t\t\t\t\t\t\t\t\t<\/article>\n\t\t\t\t\t\t\t\t\t\t\t\t\t\t\t\t<article class=\"uagb-post__inner-wrap\">\t\t\t\t\t\t\t\t<div class='uagb-post__image'>\n\t\t\t\t\t\t\t\t\t<a href=\"https:\/\/cori.institute\/index.php\/2026\/04\/25\/cangodeep\/\" target=\"_self\" rel=\"bookmark noopener noreferrer\"><img loading=\"lazy\" decoding=\"async\" width=\"2560\" height=\"1920\" src=\"https:\/\/cori.institute\/wp-content\/uploads\/2026\/04\/IMG_20260421_102841-scaled.jpg\" class=\"attachment-full size-full\" alt=\"\" srcset=\"https:\/\/cori.institute\/wp-content\/uploads\/2026\/04\/IMG_20260421_102841-scaled.jpg 2560w, https:\/\/cori.institute\/wp-content\/uploads\/2026\/04\/IMG_20260421_102841-300x225.jpg 300w, https:\/\/cori.institute\/wp-content\/uploads\/2026\/04\/IMG_20260421_102841-1024x768.jpg 1024w, https:\/\/cori.institute\/wp-content\/uploads\/2026\/04\/IMG_20260421_102841-768x576.jpg 768w, https:\/\/cori.institute\/wp-content\/uploads\/2026\/04\/IMG_20260421_102841-1536x1152.jpg 1536w, https:\/\/cori.institute\/wp-content\/uploads\/2026\/04\/IMG_20260421_102841-2048x1536.jpg 2048w\" sizes=\"(max-width: 2560px) 100vw, 2560px\" \/>\t\t\t\t\t<\/a>\n\t\t\t\t\t\t\t\t\t<\/div>\n\t\t\t\t\t\t<h3 class=\"uagb-post__title uagb-post__text\">\n\t\t\t\t<a href=\"https:\/\/cori.institute\/index.php\/2026\/04\/25\/cangodeep\/\" target=\"_self\" rel=\"bookmark noopener noreferrer\">CanGoDeep<\/a>\n\t\t\t<\/h3>\n\t\t\t\t\t\t<div class='uagb-post__text uagb-post-grid-byline'>\n\t\t\t\t\t\t\t<\/div>\n\t\t\t\t\t\t<div class=\"uagb-post__text uagb-post__cta wp-block-button\">\n\t\t\t\t<a class=\"wp-block-button__link uagb-text-link\" href=\"https:\/\/cori.institute\/index.php\/2026\/04\/25\/cangodeep\/\" target=\"_self\" rel=\"bookmark noopener noreferrer\">Read More<\/a>\n\t\t\t<\/div>\n\t\t\t\t\t\t\t\t\t\t\t\t<\/article>\n\t\t\t\t\t\t\t\t\t\t\t\t\t\t\t\t<article class=\"uagb-post__inner-wrap\">\t\t\t\t\t\t\t\t<div class='uagb-post__image'>\n\t\t\t\t\t\t\t\t\t<a href=\"https:\/\/cori.institute\/index.php\/2023\/09\/15\/aladroque-efectos-del-cambio-climatico\/\" target=\"_self\" rel=\"bookmark noopener noreferrer\"><img loading=\"lazy\" decoding=\"async\" width=\"2560\" height=\"1920\" src=\"https:\/\/cori.institute\/wp-content\/uploads\/2022\/12\/bed4c93e-07a5-44cf-9c29-89f84e5aa3e6-scaled.jpg\" class=\"attachment-full size-full\" alt=\"\" srcset=\"https:\/\/cori.institute\/wp-content\/uploads\/2022\/12\/bed4c93e-07a5-44cf-9c29-89f84e5aa3e6-scaled.jpg 2560w, https:\/\/cori.institute\/wp-content\/uploads\/2022\/12\/bed4c93e-07a5-44cf-9c29-89f84e5aa3e6-300x225.jpg 300w, https:\/\/cori.institute\/wp-content\/uploads\/2022\/12\/bed4c93e-07a5-44cf-9c29-89f84e5aa3e6-1024x768.jpg 1024w, https:\/\/cori.institute\/wp-content\/uploads\/2022\/12\/bed4c93e-07a5-44cf-9c29-89f84e5aa3e6-768x576.jpg 768w, https:\/\/cori.institute\/wp-content\/uploads\/2022\/12\/bed4c93e-07a5-44cf-9c29-89f84e5aa3e6-1536x1152.jpg 1536w, https:\/\/cori.institute\/wp-content\/uploads\/2022\/12\/bed4c93e-07a5-44cf-9c29-89f84e5aa3e6-2048x1536.jpg 2048w\" sizes=\"(max-width: 2560px) 100vw, 2560px\" \/>\t\t\t\t\t<\/a>\n\t\t\t\t\t\t\t\t\t<\/div>\n\t\t\t\t\t\t<h3 class=\"uagb-post__title uagb-post__text\">\n\t\t\t\t<a href=\"https:\/\/cori.institute\/index.php\/2023\/09\/15\/aladroque-efectos-del-cambio-climatico\/\" target=\"_self\" rel=\"bookmark noopener noreferrer\">Aladroque<\/a>\n\t\t\t<\/h3>\n\t\t\t\t\t\t<div class='uagb-post__text uagb-post-grid-byline'>\n\t\t\t\t\t\t\t<\/div>\n\t\t\t\t\t\t<div class=\"uagb-post__text uagb-post__cta wp-block-button\">\n\t\t\t\t<a class=\"wp-block-button__link uagb-text-link\" href=\"https:\/\/cori.institute\/index.php\/2023\/09\/15\/aladroque-efectos-del-cambio-climatico\/\" target=\"_self\" rel=\"bookmark noopener noreferrer\">Read More<\/a>\n\t\t\t<\/div>\n\t\t\t\t\t\t\t\t\t\t\t\t<\/article>\n\t\t\t\t\t\t\t\t\t\t\t\t\t\t\t\t<article class=\"uagb-post__inner-wrap\">\t\t\t\t\t\t\t\t<div class='uagb-post__image'>\n\t\t\t\t\t\t\t\t\t<a href=\"https:\/\/cori.institute\/index.php\/2023\/06\/14\/observatorio-ciudadano-oceanografico-oco\/\" target=\"_self\" rel=\"bookmark noopener noreferrer\"><img loading=\"lazy\" decoding=\"async\" width=\"1049\" height=\"645\" src=\"https:\/\/cori.institute\/wp-content\/uploads\/2023\/06\/oco.jpeg\" class=\"attachment-full size-full\" alt=\"cinco puntos elegidos por institutos para explorar con una c\u00e1mara subacu\u00e1tica en la Regi\u00f3n de Murcia\" srcset=\"https:\/\/cori.institute\/wp-content\/uploads\/2023\/06\/oco.jpeg 1049w, https:\/\/cori.institute\/wp-content\/uploads\/2023\/06\/oco-300x184.jpeg 300w, https:\/\/cori.institute\/wp-content\/uploads\/2023\/06\/oco-1024x630.jpeg 1024w, https:\/\/cori.institute\/wp-content\/uploads\/2023\/06\/oco-768x472.jpeg 768w\" sizes=\"(max-width: 1049px) 100vw, 1049px\" \/>\t\t\t\t\t<\/a>\n\t\t\t\t\t\t\t\t\t<\/div>\n\t\t\t\t\t\t<h3 class=\"uagb-post__title uagb-post__text\">\n\t\t\t\t<a href=\"https:\/\/cori.institute\/index.php\/2023\/06\/14\/observatorio-ciudadano-oceanografico-oco\/\" target=\"_self\" rel=\"bookmark noopener noreferrer\">OCO:explorar el fondo oce\u00e1nico de cinco puntos de la costa de la Regi\u00f3n de Murcia<\/a>\n\t\t\t<\/h3>\n\t\t\t\t\t\t<div class='uagb-post__text uagb-post-grid-byline'>\n\t\t\t\t\t\t\t<\/div>\n\t\t\t\t\t\t<div class=\"uagb-post__text uagb-post__cta wp-block-button\">\n\t\t\t\t<a class=\"wp-block-button__link uagb-text-link\" href=\"https:\/\/cori.institute\/index.php\/2023\/06\/14\/observatorio-ciudadano-oceanografico-oco\/\" target=\"_self\" rel=\"bookmark noopener noreferrer\">Read More<\/a>\n\t\t\t<\/div>\n\t\t\t\t\t\t\t\t\t\t\t\t<\/article>\n\t\t\t\t\t\t\t\t\t\t\t<\/div>\n\t\t\t<\/div><\/div>\n","protected":false},"excerpt":{"rendered":"<p>Para este 2022,&nbsp;se pretende que LoCo Bouy siga creciendo y cumpliendo nuevos retos. Entre ellos, la adaptaci\u00f3n de una c\u00e1mara de tecnolog\u00eda m\u00e1s avanzada o la inserci\u00f3n de un mayor n\u00famero de sensores m\u00e1s potentes. Participantes en el proyecto Cada una de ellas tuvo una tarea para la total realizaci\u00f3n de esta iniciativa. Por ejemplo, [&hellip;]<\/p>\n","protected":false},"author":2,"featured_media":178,"comment_status":"closed","ping_status":"open","sticky":false,"template":"","format":"standard","meta":{"_uag_custom_page_level_css":"","site-sidebar-layout":"default","site-content-layout":"","ast-site-content-layout":"default","site-content-style":"default","site-sidebar-style":"default","ast-global-header-display":"","ast-banner-title-visibility":"","ast-main-header-display":"","ast-hfb-above-header-display":"","ast-hfb-below-header-display":"","ast-hfb-mobile-header-display":"","site-post-title":"disabled","ast-breadcrumbs-content":"","ast-featured-img":"disabled","footer-sml-layout":"","theme-transparent-header-meta":"","adv-header-id-meta":"","stick-header-meta":"","header-above-stick-meta":"","header-main-stick-meta":"","header-below-stick-meta":"","astra-migrate-meta-layouts":"set","ast-page-background-enabled":"default","ast-page-background-meta":{"desktop":{"background-color":"var(--ast-global-color-4)","background-image":"","background-repeat":"repeat","background-position":"center center","background-size":"auto","background-attachment":"scroll","background-type":"","background-media":"","overlay-type":"","overlay-color":"","overlay-gradient":""},"tablet":{"background-color":"","background-image":"","background-repeat":"repeat","background-position":"center center","background-size":"auto","background-attachment":"scroll","background-type":"","background-media":"","overlay-type":"","overlay-color":"","overlay-gradient":""},"mobile":{"background-color":"","background-image":"","background-repeat":"repeat","background-position":"center center","background-size":"auto","background-attachment":"scroll","background-type":"","background-media":"","overlay-type":"","overlay-color":"","overlay-gradient":""}},"ast-content-background-meta":{"desktop":{"background-color":"var(--ast-global-color-5)","background-image":"","background-repeat":"repeat","background-position":"center center","background-size":"auto","background-attachment":"scroll","background-type":"","background-media":"","overlay-type":"","overlay-color":"","overlay-gradient":""},"tablet":{"background-color":"var(--ast-global-color-5)","background-image":"","background-repeat":"repeat","background-position":"center center","background-size":"auto","background-attachment":"scroll","background-type":"","background-media":"","overlay-type":"","overlay-color":"","overlay-gradient":""},"mobile":{"background-color":"var(--ast-global-color-5)","background-image":"","background-repeat":"repeat","background-position":"center center","background-size":"auto","background-attachment":"scroll","background-type":"","background-media":"","overlay-type":"","overlay-color":"","overlay-gradient":""}},"_themeisle_gutenberg_block_has_review":false,"footnotes":""},"categories":[6],"tags":[7],"class_list":["post-60","post","type-post","status-publish","format-standard","has-post-thumbnail","hentry","category-proyectos","tag-tecnologias"],"yoast_head":"<!-- This site is optimized with the Yoast SEO plugin v22.3 - https:\/\/yoast.com\/wordpress\/plugins\/seo\/ -->\n<title>Estaci\u00f3n Submarina para Emitir en Directo el Fondo del Mar<\/title>\n<meta name=\"description\" content=\"Estaci\u00f3n submarina\u00a0instalada en las aguas de Cartagena\u00a0compuesta por una boya de bajo coste y una c\u00e1mara incorporada emitiendo en directo.\" \/>\n<meta name=\"robots\" content=\"index, follow, max-snippet:-1, max-image-preview:large, max-video-preview:-1\" \/>\n<link rel=\"canonical\" href=\"https:\/\/cori.institute\/index.php\/2022\/12\/22\/loco-buoy\/\" \/>\n<meta property=\"og:locale\" content=\"en_US\" \/>\n<meta property=\"og:type\" content=\"article\" \/>\n<meta property=\"og:title\" content=\"Estaci\u00f3n Submarina para Emitir en Directo el Fondo del Mar\" \/>\n<meta property=\"og:description\" content=\"Estaci\u00f3n submarina\u00a0instalada en las aguas de Cartagena\u00a0compuesta por una boya de bajo coste y una c\u00e1mara incorporada emitiendo en directo.\" \/>\n<meta property=\"og:url\" content=\"https:\/\/cori.institute\/index.php\/2022\/12\/22\/loco-buoy\/\" \/>\n<meta property=\"article:published_time\" content=\"2022-12-22T18:58:03+00:00\" \/>\n<meta property=\"article:modified_time\" content=\"2026-04-25T18:16:22+00:00\" \/>\n<meta property=\"og:image\" content=\"https:\/\/cori.institute\/wp-content\/uploads\/2022\/12\/locobuoy-1-4.jpg\" \/>\n\t<meta property=\"og:image:width\" content=\"1024\" \/>\n\t<meta property=\"og:image:height\" content=\"768\" \/>\n\t<meta property=\"og:image:type\" content=\"image\/jpeg\" \/>\n<meta name=\"author\" content=\"Marina\" \/>\n<meta name=\"twitter:card\" content=\"summary_large_image\" \/>\n<meta name=\"twitter:label1\" content=\"Written by\" \/>\n\t<meta name=\"twitter:data1\" content=\"Marina\" \/>\n\t<meta name=\"twitter:label2\" content=\"Est. reading time\" \/>\n\t<meta name=\"twitter:data2\" content=\"2 minutes\" \/>\n<script type=\"application\/ld+json\" class=\"yoast-schema-graph\">{\"@context\":\"https:\/\/schema.org\",\"@graph\":[{\"@type\":\"WebPage\",\"@id\":\"https:\/\/cori.institute\/index.php\/2022\/12\/22\/loco-buoy\/\",\"url\":\"https:\/\/cori.institute\/index.php\/2022\/12\/22\/loco-buoy\/\",\"name\":\"Estaci\u00f3n Submarina para Emitir en Directo el Fondo del Mar\",\"isPartOf\":{\"@id\":\"https:\/\/cori.institute\/#website\"},\"primaryImageOfPage\":{\"@id\":\"https:\/\/cori.institute\/index.php\/2022\/12\/22\/loco-buoy\/#primaryimage\"},\"image\":{\"@id\":\"https:\/\/cori.institute\/index.php\/2022\/12\/22\/loco-buoy\/#primaryimage\"},\"thumbnailUrl\":\"https:\/\/cori.institute\/wp-content\/uploads\/2022\/12\/locobuoy-1-4.jpg\",\"datePublished\":\"2022-12-22T18:58:03+00:00\",\"dateModified\":\"2026-04-25T18:16:22+00:00\",\"author\":{\"@id\":\"https:\/\/cori.institute\/#\/schema\/person\/22c0b0090fd99161e4b55d25dc27018a\"},\"description\":\"Estaci\u00f3n submarina\u00a0instalada en las aguas de Cartagena\u00a0compuesta por una boya de bajo coste y una c\u00e1mara incorporada emitiendo en directo.\",\"breadcrumb\":{\"@id\":\"https:\/\/cori.institute\/index.php\/2022\/12\/22\/loco-buoy\/#breadcrumb\"},\"inLanguage\":\"en-US\",\"potentialAction\":[{\"@type\":\"ReadAction\",\"target\":[\"https:\/\/cori.institute\/index.php\/2022\/12\/22\/loco-buoy\/\"]}]},{\"@type\":\"ImageObject\",\"inLanguage\":\"en-US\",\"@id\":\"https:\/\/cori.institute\/index.php\/2022\/12\/22\/loco-buoy\/#primaryimage\",\"url\":\"https:\/\/cori.institute\/wp-content\/uploads\/2022\/12\/locobuoy-1-4.jpg\",\"contentUrl\":\"https:\/\/cori.institute\/wp-content\/uploads\/2022\/12\/locobuoy-1-4.jpg\",\"width\":1024,\"height\":768,\"caption\":\"equipo realizando el anclaje de una c\u00e1mara subacu\u00e1tuca en el puerto de cartagena\"},{\"@type\":\"BreadcrumbList\",\"@id\":\"https:\/\/cori.institute\/index.php\/2022\/12\/22\/loco-buoy\/#breadcrumb\",\"itemListElement\":[{\"@type\":\"ListItem\",\"position\":1,\"name\":\"Portada\",\"item\":\"https:\/\/cori.institute\/\"},{\"@type\":\"ListItem\",\"position\":2,\"name\":\"LoCo Buoy\"}]},{\"@type\":\"WebSite\",\"@id\":\"https:\/\/cori.institute\/#website\",\"url\":\"https:\/\/cori.institute\/\",\"name\":\"\",\"description\":\"Descubriendo el oc\u00e9ano invisible\",\"potentialAction\":[{\"@type\":\"SearchAction\",\"target\":{\"@type\":\"EntryPoint\",\"urlTemplate\":\"https:\/\/cori.institute\/?s={search_term_string}\"},\"query-input\":\"required name=search_term_string\"}],\"inLanguage\":\"en-US\"},{\"@type\":\"Person\",\"@id\":\"https:\/\/cori.institute\/#\/schema\/person\/22c0b0090fd99161e4b55d25dc27018a\",\"name\":\"Marina\",\"image\":{\"@type\":\"ImageObject\",\"inLanguage\":\"en-US\",\"@id\":\"https:\/\/cori.institute\/#\/schema\/person\/image\/\",\"url\":\"https:\/\/secure.gravatar.com\/avatar\/f6e61f3c0a90145b6c28bae31d494e281804247062f24f8f102470996b6678d9?s=96&d=mm&r=g\",\"contentUrl\":\"https:\/\/secure.gravatar.com\/avatar\/f6e61f3c0a90145b6c28bae31d494e281804247062f24f8f102470996b6678d9?s=96&d=mm&r=g\",\"caption\":\"Marina\"}}]}<\/script>\n<!-- \/ Yoast SEO plugin. -->","yoast_head_json":{"title":"Estaci\u00f3n Submarina para Emitir en Directo el Fondo del Mar","description":"Estaci\u00f3n submarina\u00a0instalada en las aguas de Cartagena\u00a0compuesta por una boya de bajo coste y una c\u00e1mara incorporada emitiendo en directo.","robots":{"index":"index","follow":"follow","max-snippet":"max-snippet:-1","max-image-preview":"max-image-preview:large","max-video-preview":"max-video-preview:-1"},"canonical":"https:\/\/cori.institute\/index.php\/2022\/12\/22\/loco-buoy\/","og_locale":"en_US","og_type":"article","og_title":"Estaci\u00f3n Submarina para Emitir en Directo el Fondo del Mar","og_description":"Estaci\u00f3n submarina\u00a0instalada en las aguas de Cartagena\u00a0compuesta por una boya de bajo coste y una c\u00e1mara incorporada emitiendo en directo.","og_url":"https:\/\/cori.institute\/index.php\/2022\/12\/22\/loco-buoy\/","article_published_time":"2022-12-22T18:58:03+00:00","article_modified_time":"2026-04-25T18:16:22+00:00","og_image":[{"width":1024,"height":768,"url":"https:\/\/cori.institute\/wp-content\/uploads\/2022\/12\/locobuoy-1-4.jpg","type":"image\/jpeg"}],"author":"Marina","twitter_card":"summary_large_image","twitter_misc":{"Written by":"Marina","Est. reading time":"2 minutes"},"schema":{"@context":"https:\/\/schema.org","@graph":[{"@type":"WebPage","@id":"https:\/\/cori.institute\/index.php\/2022\/12\/22\/loco-buoy\/","url":"https:\/\/cori.institute\/index.php\/2022\/12\/22\/loco-buoy\/","name":"Estaci\u00f3n Submarina para Emitir en Directo el Fondo del Mar","isPartOf":{"@id":"https:\/\/cori.institute\/#website"},"primaryImageOfPage":{"@id":"https:\/\/cori.institute\/index.php\/2022\/12\/22\/loco-buoy\/#primaryimage"},"image":{"@id":"https:\/\/cori.institute\/index.php\/2022\/12\/22\/loco-buoy\/#primaryimage"},"thumbnailUrl":"https:\/\/cori.institute\/wp-content\/uploads\/2022\/12\/locobuoy-1-4.jpg","datePublished":"2022-12-22T18:58:03+00:00","dateModified":"2026-04-25T18:16:22+00:00","author":{"@id":"https:\/\/cori.institute\/#\/schema\/person\/22c0b0090fd99161e4b55d25dc27018a"},"description":"Estaci\u00f3n submarina\u00a0instalada en las aguas de Cartagena\u00a0compuesta por una boya de bajo coste y una c\u00e1mara incorporada emitiendo en directo.","breadcrumb":{"@id":"https:\/\/cori.institute\/index.php\/2022\/12\/22\/loco-buoy\/#breadcrumb"},"inLanguage":"en-US","potentialAction":[{"@type":"ReadAction","target":["https:\/\/cori.institute\/index.php\/2022\/12\/22\/loco-buoy\/"]}]},{"@type":"ImageObject","inLanguage":"en-US","@id":"https:\/\/cori.institute\/index.php\/2022\/12\/22\/loco-buoy\/#primaryimage","url":"https:\/\/cori.institute\/wp-content\/uploads\/2022\/12\/locobuoy-1-4.jpg","contentUrl":"https:\/\/cori.institute\/wp-content\/uploads\/2022\/12\/locobuoy-1-4.jpg","width":1024,"height":768,"caption":"equipo realizando el anclaje de una c\u00e1mara subacu\u00e1tuca en el puerto de cartagena"},{"@type":"BreadcrumbList","@id":"https:\/\/cori.institute\/index.php\/2022\/12\/22\/loco-buoy\/#breadcrumb","itemListElement":[{"@type":"ListItem","position":1,"name":"Portada","item":"https:\/\/cori.institute\/"},{"@type":"ListItem","position":2,"name":"LoCo Buoy"}]},{"@type":"WebSite","@id":"https:\/\/cori.institute\/#website","url":"https:\/\/cori.institute\/","name":"","description":"Descubriendo el oc\u00e9ano invisible","potentialAction":[{"@type":"SearchAction","target":{"@type":"EntryPoint","urlTemplate":"https:\/\/cori.institute\/?s={search_term_string}"},"query-input":"required name=search_term_string"}],"inLanguage":"en-US"},{"@type":"Person","@id":"https:\/\/cori.institute\/#\/schema\/person\/22c0b0090fd99161e4b55d25dc27018a","name":"Marina","image":{"@type":"ImageObject","inLanguage":"en-US","@id":"https:\/\/cori.institute\/#\/schema\/person\/image\/","url":"https:\/\/secure.gravatar.com\/avatar\/f6e61f3c0a90145b6c28bae31d494e281804247062f24f8f102470996b6678d9?s=96&d=mm&r=g","contentUrl":"https:\/\/secure.gravatar.com\/avatar\/f6e61f3c0a90145b6c28bae31d494e281804247062f24f8f102470996b6678d9?s=96&d=mm&r=g","caption":"Marina"}}]}},"uagb_featured_image_src":{"full":["https:\/\/cori.institute\/wp-content\/uploads\/2022\/12\/locobuoy-1-4.jpg",1024,768,false],"thumbnail":["https:\/\/cori.institute\/wp-content\/uploads\/2022\/12\/locobuoy-1-4-150x150.jpg",150,150,true],"medium":["https:\/\/cori.institute\/wp-content\/uploads\/2022\/12\/locobuoy-1-4-300x225.jpg",300,225,true],"medium_large":["https:\/\/cori.institute\/wp-content\/uploads\/2022\/12\/locobuoy-1-4-768x576.jpg",768,576,true],"large":["https:\/\/cori.institute\/wp-content\/uploads\/2022\/12\/locobuoy-1-4.jpg",1024,768,false],"1536x1536":["https:\/\/cori.institute\/wp-content\/uploads\/2022\/12\/locobuoy-1-4.jpg",1024,768,false],"2048x2048":["https:\/\/cori.institute\/wp-content\/uploads\/2022\/12\/locobuoy-1-4.jpg",1024,768,false]},"uagb_author_info":{"display_name":"Marina","author_link":"https:\/\/cori.institute\/index.php\/author\/marina\/"},"uagb_comment_info":0,"uagb_excerpt":"Para este 2022,&nbsp;se pretende que LoCo Bouy siga creciendo y cumpliendo nuevos retos. Entre ellos, la adaptaci\u00f3n de una c\u00e1mara de tecnolog\u00eda m\u00e1s avanzada o la inserci\u00f3n de un mayor n\u00famero de sensores m\u00e1s potentes. Participantes en el proyecto Cada una de ellas tuvo una tarea para la total realizaci\u00f3n de esta iniciativa. Por ejemplo,&hellip;","_links":{"self":[{"href":"https:\/\/cori.institute\/index.php\/wp-json\/wp\/v2\/posts\/60","targetHints":{"allow":["GET"]}}],"collection":[{"href":"https:\/\/cori.institute\/index.php\/wp-json\/wp\/v2\/posts"}],"about":[{"href":"https:\/\/cori.institute\/index.php\/wp-json\/wp\/v2\/types\/post"}],"author":[{"embeddable":true,"href":"https:\/\/cori.institute\/index.php\/wp-json\/wp\/v2\/users\/2"}],"replies":[{"embeddable":true,"href":"https:\/\/cori.institute\/index.php\/wp-json\/wp\/v2\/comments?post=60"}],"version-history":[{"count":1,"href":"https:\/\/cori.institute\/index.php\/wp-json\/wp\/v2\/posts\/60\/revisions"}],"predecessor-version":[{"id":2749,"href":"https:\/\/cori.institute\/index.php\/wp-json\/wp\/v2\/posts\/60\/revisions\/2749"}],"wp:featuredmedia":[{"embeddable":true,"href":"https:\/\/cori.institute\/index.php\/wp-json\/wp\/v2\/media\/178"}],"wp:attachment":[{"href":"https:\/\/cori.institute\/index.php\/wp-json\/wp\/v2\/media?parent=60"}],"wp:term":[{"taxonomy":"category","embeddable":true,"href":"https:\/\/cori.institute\/index.php\/wp-json\/wp\/v2\/categories?post=60"},{"taxonomy":"post_tag","embeddable":true,"href":"https:\/\/cori.institute\/index.php\/wp-json\/wp\/v2\/tags?post=60"}],"curies":[{"name":"wp","href":"https:\/\/api.w.org\/{rel}","templated":true}]}}