{"id":62,"date":"2022-12-22T18:59:10","date_gmt":"2022-12-22T18:59:10","guid":{"rendered":"https:\/\/cori.institute\/?p=62"},"modified":"2026-04-25T07:27:39","modified_gmt":"2026-04-25T07:27:39","slug":"midas-microplastic-detection-asistant","status":"publish","type":"post","link":"https:\/\/cori.institute\/index.php\/2022\/12\/22\/midas-microplastic-detection-asistant\/","title":{"rendered":"MIDAS (Microplastic Detection ASistant)"},"content":{"rendered":"\n<div class=\"wp-block-cover alignfull is-light\" style=\"min-height:511px;aspect-ratio:unset;\"><span aria-hidden=\"true\" class=\"wp-block-cover__background has-background-dim-100 has-background-dim has-background-gradient\" style=\"background:linear-gradient(180deg,rgb(14,15,38) 62%,rgb(255,255,255) 62%)\"><\/span><div class=\"wp-block-cover__inner-container is-layout-flow wp-block-cover-is-layout-flow\">\n<h1 class=\"wp-block-heading\" style=\"margin-top:0;margin-right:var(--wp--preset--spacing--50);margin-bottom:var(--wp--preset--spacing--80);margin-left:var(--wp--preset--spacing--50)\">Inteligencia artificial para medir los micropl\u00e1sticos en el Puerto de Cartagena<\/h1>\n\n\n\n<figure class=\"wp-block-image aligncenter size-full is-resized has-custom-border\"><img fetchpriority=\"high\" decoding=\"async\" src=\"https:\/\/cori.institute\/wp-content\/uploads\/2022\/12\/microplasticos.jpg\" alt=\"detecci\u00f3n de micropl\u00e1sticos\" class=\"wp-image-193\" style=\"border-radius:50px;object-fit:cover;width:600px;height:400px\" width=\"600\" height=\"400\"\/><\/figure>\n<\/div><\/div>\n\n\n\n<h2 class=\"wp-block-heading has-medium-font-size\" style=\"padding-right:var(--wp--preset--spacing--50);padding-left:var(--wp--preset--spacing--50)\">La c\u00e1tedra Isaac Peral-NAVANTA impulsa el proyecto, de 10 meses de duraci\u00f3n, que realizar\u00e1 con la UPCT y el Cartagena Oceanographic Research Institute (CORI)<\/h2>\n\n\n\n<p style=\"padding-right:var(--wp--preset--spacing--50);padding-left:var(--wp--preset--spacing--50)\"><strong>Se trata de la combinaci\u00f3n de un microscopio impreso en 3D y algoritmos de inteligencia artificial, que ayudar\u00e1 a medir los micropl\u00e1sticos existentes en el Puerto de Cartagena.<\/strong><\/p>\n\n\n\n<div class=\"wp-block-columns is-layout-flex wp-container-core-columns-is-layout-c47336c3 wp-block-columns-is-layout-flex\" style=\"margin-top:0;margin-bottom:0;padding-top:var(--wp--preset--spacing--60);padding-bottom:var(--wp--preset--spacing--60)\">\n<div class=\"wp-block-column is-vertically-aligned-center is-layout-flow wp-block-column-is-layout-flow\" style=\"flex-basis:10%\">      \n\n\t<div class=\"uagb-icon-wrapper uagb-block-7503fe05 \"\t>\n\t<span class=\"uagb-svg-wrapper\" aria-label=&quot;users&quot;>\t\t\n\t\t\t\t\t\t\t<svg xmlns=\"https:\/\/www.w3.org\/2000\/svg\" viewBox= \"0 0 640 512\" role=\"graphics-symbol\" aria-hidden=\"false\" aria-label=\"\"><path d=\"M319.9 320c57.41 0 103.1-46.56 103.1-104c0-57.44-46.54-104-103.1-104c-57.41 0-103.1 46.56-103.1 104C215.9 273.4 262.5 320 319.9 320zM369.9 352H270.1C191.6 352 128 411.7 128 485.3C128 500.1 140.7 512 156.4 512h327.2C499.3 512 512 500.1 512 485.3C512 411.7 448.4 352 369.9 352zM512 160c44.18 0 80-35.82 80-80S556.2 0 512 0c-44.18 0-80 35.82-80 80S467.8 160 512 160zM183.9 216c0-5.449 .9824-10.63 1.609-15.91C174.6 194.1 162.6 192 149.9 192H88.08C39.44 192 0 233.8 0 285.3C0 295.6 7.887 304 17.62 304h199.5C196.7 280.2 183.9 249.7 183.9 216zM128 160c44.18 0 80-35.82 80-80S172.2 0 128 0C83.82 0 48 35.82 48 80S83.82 160 128 160zM551.9 192h-61.84c-12.8 0-24.88 3.037-35.86 8.24C454.8 205.5 455.8 210.6 455.8 216c0 33.71-12.78 64.21-33.16 88h199.7C632.1 304 640 295.6 640 285.3C640 233.8 600.6 192 551.9 192z\"><\/path><\/svg>\n\t\t\t\t\t<\/span>\n\t<\/div>\n\n\t\t\t<\/div>\n\n\n\n<div class=\"wp-block-column is-vertically-aligned-center is-layout-flow wp-block-column-is-layout-flow\">\n<div class=\"wp-block-uagb-blockquote uagb-block-a7ec1ede uagb-blockquote__skin-border uagb-blockquote__stack-img-none\"><blockquote class=\"uagb-blockquote\"><div class=\"uagb-blockquote__content\">En este proyecto, enmarcado dentro de la C\u00e1tedra Isaac Peral-NAVANTIA, participan\u00a0<strong>NAVANTIA<\/strong>, la\u00a0<strong>Universidad Polit\u00e9cnica de Cartagena<\/strong>\u00a0(UPCT) y el\u00a0<strong>Cartagena Oceanographic Research Institute<\/strong>\u00a0(CORI).<\/div><footer><div class=\"uagb-blockquote__author-wrap uagb-blockquote__author-at-left\"><\/div><\/footer><\/blockquote><\/div>\n<\/div>\n<\/div>\n\n\n\n<div class=\"wp-block-columns is-layout-flex wp-container-core-columns-is-layout-c47336c3 wp-block-columns-is-layout-flex\" style=\"margin-top:0;margin-bottom:0;padding-top:var(--wp--preset--spacing--60);padding-bottom:var(--wp--preset--spacing--60)\">\n<div class=\"wp-block-column is-vertically-aligned-center is-layout-flow wp-block-column-is-layout-flow\" style=\"flex-basis:10%\">      \n\n\t<div class=\"uagb-icon-wrapper uagb-block-7503fe05 \"\t>\n\t<span class=\"uagb-svg-wrapper\" aria-label=&quot;bullseye&quot;>\t\t\n\t\t\t\t\t\t\t<svg xmlns=\"https:\/\/www.w3.org\/2000\/svg\" viewBox= \"0 0 512 512\" role=\"graphics-symbol\" aria-hidden=\"false\" aria-label=\"\"><path d=\"M288 256C288 273.7 273.7 288 256 288C238.3 288 224 273.7 224 256C224 238.3 238.3 224 256 224C273.7 224 288 238.3 288 256zM112 256C112 176.5 176.5 112 256 112C335.5 112 400 176.5 400 256C400 335.5 335.5 400 256 400C176.5 400 112 335.5 112 256zM256 336C300.2 336 336 300.2 336 256C336 211.8 300.2 176 256 176C211.8 176 176 211.8 176 256C176 300.2 211.8 336 256 336zM512 256C512 397.4 397.4 512 256 512C114.6 512 0 397.4 0 256C0 114.6 114.6 0 256 0C397.4 0 512 114.6 512 256zM256 64C149.1 64 64 149.1 64 256C64 362 149.1 448 256 448C362 448 448 362 448 256C448 149.1 362 64 256 64z\"><\/path><\/svg>\n\t\t\t\t\t<\/span>\n\t<\/div>\n\n\t\t\t<\/div>\n\n\n\n<div class=\"wp-block-column is-vertically-aligned-center is-layout-flow wp-block-column-is-layout-flow\">\n<div class=\"wp-block-uagb-blockquote uagb-block-a7ec1ede uagb-blockquote__skin-border uagb-blockquote__stack-img-none\"><blockquote class=\"uagb-blockquote\"><div class=\"uagb-blockquote__content\"><strong>El objetivo es avanzar en la capacidad de detectar micropl\u00e1sticos en el agua de mar<\/strong>, uno de los mayores problemas ambientales a los que se enfrenta el medio marino hoy en d\u00eda. Los micropl\u00e1sticos son fragmentos menores de 0,5 cent\u00edmetros que llenan nuestras playas, mares y oc\u00e9anos.\u00a0<strong>Solo en el fondo marino, se estima que puede haber m\u00e1s de 14 millones de toneladas de micropl\u00e1sticos<\/strong>. Debido a su peque\u00f1o tama\u00f1o, es necesario el uso de un microscopio y el ojo de una persona entrenada para su identificaci\u00f3n.\u00a0<\/div><footer><div class=\"uagb-blockquote__author-wrap uagb-blockquote__author-at-left\"><\/div><\/footer><\/blockquote><\/div>\n<\/div>\n<\/div>\n\n\n\n<div class=\"wp-block-cover alignfull\" style=\"margin-top:var(--wp--preset--spacing--60);margin-bottom:var(--wp--preset--spacing--60);min-height:343px;aspect-ratio:unset;\"><span aria-hidden=\"true\" class=\"wp-block-cover__background has-background-dim-100 has-background-dim\" style=\"background-color:#0e0f26\"><\/span><div class=\"wp-block-cover__inner-container is-layout-constrained wp-block-cover-is-layout-constrained\">\n<div class=\"wp-block-columns is-layout-flex wp-container-core-columns-is-layout-b653aba5 wp-block-columns-is-layout-flex\" style=\"padding-top:var(--wp--preset--spacing--50);padding-right:var(--wp--preset--spacing--50);padding-bottom:var(--wp--preset--spacing--50);padding-left:var(--wp--preset--spacing--50)\">\n<div class=\"wp-block-column is-vertically-aligned-center is-layout-flow wp-block-column-is-layout-flow\">\n<figure class=\"wp-block-image aligncenter size-large has-custom-border\"><img decoding=\"async\" width=\"1024\" height=\"769\" src=\"https:\/\/cori.institute\/wp-content\/uploads\/2022\/12\/microplasticos-1024x769.jpeg\" alt=\"microplasticos\" class=\"wp-image-2214\" style=\"border-radius:50px\" srcset=\"https:\/\/cori.institute\/wp-content\/uploads\/2022\/12\/microplasticos-1024x769.jpeg 1024w, https:\/\/cori.institute\/wp-content\/uploads\/2022\/12\/microplasticos-300x225.jpeg 300w, https:\/\/cori.institute\/wp-content\/uploads\/2022\/12\/microplasticos-768x577.jpeg 768w, https:\/\/cori.institute\/wp-content\/uploads\/2022\/12\/microplasticos.jpeg 1280w\" sizes=\"(max-width: 1024px) 100vw, 1024px\" \/><\/figure>\n<\/div>\n\n\n\n<div class=\"wp-block-column is-vertically-aligned-center is-layout-flow wp-block-column-is-layout-flow\">\n<p>Gracias a este proyecto, se investig\u00f3 en el uso de\u00a0<strong>algoritmos de Inteligencia Artificial<\/strong>\u00a0que ayuden en el proceso de caracterizar micropl\u00e1sticos en muestras de agua de mar, que fueron recogidas en la zona portuaria de Cartagena por voluntarios de NAVANTIA.\u00a0<strong>Un microscopio de c\u00f3digo abierto e impreso en 3D fue el encargado de la toma autom\u00e1tica de las im\u00e1genes<\/strong>\u00a0de las muestras necesarias para ejecutar el algoritmo.\u00a0<\/p>\n<\/div>\n<\/div>\n<\/div><\/div>\n\n\n\n<p style=\"padding-right:var(--wp--preset--spacing--50);padding-left:var(--wp--preset--spacing--50)\">Todo el c\u00f3digo que se desarrolle y el conocimiento adquirido estar\u00e1 disponible en abierto, para, de esta manera, permitir que otros investigadores o personas interesados puedan seguir trabajando en \u00e9l en un futuro.&nbsp;<\/p>\n\n\n\n<figure class=\"wp-block-embed aligncenter is-type-video is-provider-youtube wp-block-embed-youtube wp-embed-aspect-16-9 wp-has-aspect-ratio\"><div class=\"wp-block-embed__wrapper\"> <div class=\"ast-oembed-container \" style=\"height: 100%;\"><iframe title=\"Inteligencia artificial para medir los micropl\u00e1sticos en el Puerto de Cartagena\" width=\"500\" height=\"281\" src=\"https:\/\/www.youtube.com\/embed\/r3kMLKkDBFU?feature=oembed\" frameborder=\"0\" allow=\"accelerometer; autoplay; clipboard-write; encrypted-media; gyroscope; picture-in-picture; web-share\" referrerpolicy=\"strict-origin-when-cross-origin\" allowfullscreen><\/iframe><\/div> <\/div><\/figure>\n\n\n\n<div class=\"wp-block-columns is-layout-flex wp-container-core-columns-is-layout-c47336c3 wp-block-columns-is-layout-flex\" style=\"margin-top:0;margin-bottom:0;padding-top:var(--wp--preset--spacing--60);padding-bottom:var(--wp--preset--spacing--60)\">\n<div class=\"wp-block-column is-vertically-aligned-center is-layout-flow wp-block-column-is-layout-flow\" style=\"flex-basis:10%\">      \n\n\t<div class=\"uagb-icon-wrapper uagb-block-5faef3c3 \"\t>\n\t<span class=\"uagb-svg-wrapper\" aria-label=&quot;calendar-days&quot;>\t\t\n\t\t\t\t\t\t\t<svg xmlns=\"https:\/\/www.w3.org\/2000\/svg\" viewBox= \"0 0 448 512\" role=\"graphics-symbol\" aria-hidden=\"false\" aria-label=\"\"><path d=\"M160 32V64H288V32C288 14.33 302.3 0 320 0C337.7 0 352 14.33 352 32V64H400C426.5 64 448 85.49 448 112V160H0V112C0 85.49 21.49 64 48 64H96V32C96 14.33 110.3 0 128 0C145.7 0 160 14.33 160 32zM0 192H448V464C448 490.5 426.5 512 400 512H48C21.49 512 0 490.5 0 464V192zM64 304C64 312.8 71.16 320 80 320H112C120.8 320 128 312.8 128 304V272C128 263.2 120.8 256 112 256H80C71.16 256 64 263.2 64 272V304zM192 304C192 312.8 199.2 320 208 320H240C248.8 320 256 312.8 256 304V272C256 263.2 248.8 256 240 256H208C199.2 256 192 263.2 192 272V304zM336 256C327.2 256 320 263.2 320 272V304C320 312.8 327.2 320 336 320H368C376.8 320 384 312.8 384 304V272C384 263.2 376.8 256 368 256H336zM64 432C64 440.8 71.16 448 80 448H112C120.8 448 128 440.8 128 432V400C128 391.2 120.8 384 112 384H80C71.16 384 64 391.2 64 400V432zM208 384C199.2 384 192 391.2 192 400V432C192 440.8 199.2 448 208 448H240C248.8 448 256 440.8 256 432V400C256 391.2 248.8 384 240 384H208zM320 432C320 440.8 327.2 448 336 448H368C376.8 448 384 440.8 384 432V400C384 391.2 376.8 384 368 384H336C327.2 384 320 391.2 320 400V432z\"><\/path><\/svg>\n\t\t\t\t\t<\/span>\n\t<\/div>\n\n\t\t\t<\/div>\n\n\n\n<div class=\"wp-block-column is-vertically-aligned-center is-layout-flow wp-block-column-is-layout-flow\">\n<div class=\"wp-block-uagb-blockquote uagb-block-ce4dc325 uagb-blockquote__skin-border uagb-blockquote__stack-img-none\"><blockquote class=\"uagb-blockquote\"><div class=\"uagb-blockquote__content\">El proyecto tiene una duraci\u00f3n de 10 meses, que abarcar\u00e1 diferentes fases. La primera se centra en la fabricaci\u00f3n del microscopio, imprimiendo las piezas para su construcci\u00f3n y realizando las primeras pruebas de toma de im\u00e1genes. En la segunda, se trabajar\u00e1 en el desarrollo del algoritmo que facilite la detecci\u00f3n de micropl\u00e1sticos. Y, por \u00faltimo, se har\u00e1 la recogida de muestras en el Puerto de Cartagena por personal voluntario de NAVANTIA.\u00a0<\/div><footer><div class=\"uagb-blockquote__author-wrap uagb-blockquote__author-at-left\"><\/div><\/footer><\/blockquote><\/div>\n<\/div>\n<\/div>\n\n\n\n<div class=\"wp-block-columns is-layout-flex wp-container-core-columns-is-layout-c47336c3 wp-block-columns-is-layout-flex\" style=\"margin-top:0;margin-bottom:0;padding-top:var(--wp--preset--spacing--60);padding-bottom:var(--wp--preset--spacing--60)\">\n<div class=\"wp-block-column is-vertically-aligned-center is-layout-flow wp-block-column-is-layout-flow\" style=\"flex-basis:10%\">      \n\n\t<div class=\"uagb-icon-wrapper uagb-block-1ca78243 \"\t>\n\t<span class=\"uagb-svg-wrapper\" aria-label=&quot;bullseye&quot;>\t\t\n\t\t\t\t\t\t\t<svg xmlns=\"https:\/\/www.w3.org\/2000\/svg\" viewBox= \"0 0 512 512\" role=\"graphics-symbol\" aria-hidden=\"false\" aria-label=\"\"><path d=\"M288 256C288 273.7 273.7 288 256 288C238.3 288 224 273.7 224 256C224 238.3 238.3 224 256 224C273.7 224 288 238.3 288 256zM112 256C112 176.5 176.5 112 256 112C335.5 112 400 176.5 400 256C400 335.5 335.5 400 256 400C176.5 400 112 335.5 112 256zM256 336C300.2 336 336 300.2 336 256C336 211.8 300.2 176 256 176C211.8 176 176 211.8 176 256C176 300.2 211.8 336 256 336zM512 256C512 397.4 397.4 512 256 512C114.6 512 0 397.4 0 256C0 114.6 114.6 0 256 0C397.4 0 512 114.6 512 256zM256 64C149.1 64 64 149.1 64 256C64 362 149.1 448 256 448C362 448 448 362 448 256C448 149.1 362 64 256 64z\"><\/path><\/svg>\n\t\t\t\t\t<\/span>\n\t<\/div>\n\n\t\t\t<\/div>\n\n\n\n<div class=\"wp-block-column is-vertically-aligned-center is-layout-flow wp-block-column-is-layout-flow\">\n<div class=\"wp-block-uagb-blockquote uagb-block-5d64e27a uagb-blockquote__skin-border uagb-blockquote__stack-img-none\"><blockquote class=\"uagb-blockquote\"><div class=\"uagb-blockquote__content\"><strong>El proyecto MIDAS\u00a0<\/strong>se engloba dentro de la iniciativa europea por un crecimiento azul sostenible que <strong>tiene como objetivo desarrollar un tipo de explotaci\u00f3n de los oc\u00e9anos que asegure su continuidad y que garantice un bajo impacto en el medio ambiente<\/strong>.\u00a0<\/div><footer><div class=\"uagb-blockquote__author-wrap uagb-blockquote__author-at-left\"><\/div><\/footer><\/blockquote><\/div>\n<\/div>\n<\/div>\n\n\n\n<div class=\"wp-block-cover alignfull\" style=\"padding-top:var(--wp--preset--spacing--50);padding-right:var(--wp--preset--spacing--50);padding-bottom:var(--wp--preset--spacing--50);padding-left:var(--wp--preset--spacing--50)\"><span aria-hidden=\"true\" class=\"wp-block-cover__background has-background-dim-100 has-background-dim\" style=\"background-color:#0e0f26\"><\/span><div class=\"wp-block-cover__inner-container is-layout-flow wp-block-cover-is-layout-flow\">\n<h2 class=\"wp-block-heading\">\u00daltimos Proyectos<\/h2>\n\n\n\n\t\t\t<div class=\"wp-block-uagb-post-carousel uagb-post-grid  uagb-post__image-position-top uagb-post__image-enabled uagb-block-df4f3a19     uagb-post__arrow-outside uagb-slick-carousel uagb-post__items uagb-post__columns-3 is-carousel uagb-post__columns-tablet-2 uagb-post__columns-mobile-1 uagb-post__carousel_equal-height\" data-total=\"2\" style=\"\">\n\n\t\t\t\t\t\t\t\t\t\t\t\t<article class=\"uagb-post__inner-wrap\">\t\t\t\t\t\t\t\t<div class='uagb-post__image'>\n\t\t\t\t\t\t\t\t\t<a href=\"https:\/\/cori.institute\/index.php\/2026\/04\/26\/plantilla-entradas-proyectos-2\/\" target=\"_self\" rel=\"bookmark noopener noreferrer\"><img decoding=\"async\" width=\"1920\" height=\"1275\" src=\"https:\/\/cori.institute\/wp-content\/uploads\/2026\/04\/Palma_Aquarium-Pez_guitarra.jpg\" class=\"attachment-full size-full\" alt=\"\" srcset=\"https:\/\/cori.institute\/wp-content\/uploads\/2026\/04\/Palma_Aquarium-Pez_guitarra.jpg 1920w, https:\/\/cori.institute\/wp-content\/uploads\/2026\/04\/Palma_Aquarium-Pez_guitarra-300x199.jpg 300w, https:\/\/cori.institute\/wp-content\/uploads\/2026\/04\/Palma_Aquarium-Pez_guitarra-1024x680.jpg 1024w, https:\/\/cori.institute\/wp-content\/uploads\/2026\/04\/Palma_Aquarium-Pez_guitarra-768x510.jpg 768w, https:\/\/cori.institute\/wp-content\/uploads\/2026\/04\/Palma_Aquarium-Pez_guitarra-1536x1020.jpg 1536w\" sizes=\"(max-width: 1920px) 100vw, 1920px\" \/>\t\t\t\t\t<\/a>\n\t\t\t\t\t\t\t\t\t<\/div>\n\t\t\t\t\t\t<h3 class=\"uagb-post__title uagb-post__text\">\n\t\t\t\t<a href=\"https:\/\/cori.institute\/index.php\/2026\/04\/26\/plantilla-entradas-proyectos-2\/\" target=\"_self\" rel=\"bookmark noopener noreferrer\">Guitar-Hero 2<\/a>\n\t\t\t<\/h3>\n\t\t\t\t\t\t<div class='uagb-post__text uagb-post-grid-byline'>\n\t\t\t\t\t\t\t<\/div>\n\t\t\t\t\t\t<div class=\"uagb-post__text uagb-post__cta wp-block-button\">\n\t\t\t\t<a class=\"wp-block-button__link uagb-text-link\" href=\"https:\/\/cori.institute\/index.php\/2026\/04\/26\/plantilla-entradas-proyectos-2\/\" target=\"_self\" rel=\"bookmark noopener noreferrer\">Read More<\/a>\n\t\t\t<\/div>\n\t\t\t\t\t\t\t\t\t\t\t\t<\/article>\n\t\t\t\t\t\t\t\t\t\t\t\t\t\t\t\t<article class=\"uagb-post__inner-wrap\">\t\t\t\t\t\t\t\t<div class='uagb-post__image'>\n\t\t\t\t\t\t\t\t\t<a href=\"https:\/\/cori.institute\/index.php\/2026\/04\/25\/plantilla-entradas-proyectos\/\" target=\"_self\" rel=\"bookmark noopener noreferrer\"><img loading=\"lazy\" decoding=\"async\" width=\"2560\" height=\"1439\" src=\"https:\/\/cori.institute\/wp-content\/uploads\/2026\/04\/vlcsnap-2025-08-22-13h58m59s135-scaled.png\" class=\"attachment-full size-full\" alt=\"\" srcset=\"https:\/\/cori.institute\/wp-content\/uploads\/2026\/04\/vlcsnap-2025-08-22-13h58m59s135-scaled.png 2560w, https:\/\/cori.institute\/wp-content\/uploads\/2026\/04\/vlcsnap-2025-08-22-13h58m59s135-300x169.png 300w, https:\/\/cori.institute\/wp-content\/uploads\/2026\/04\/vlcsnap-2025-08-22-13h58m59s135-1024x576.png 1024w, https:\/\/cori.institute\/wp-content\/uploads\/2026\/04\/vlcsnap-2025-08-22-13h58m59s135-768x432.png 768w, https:\/\/cori.institute\/wp-content\/uploads\/2026\/04\/vlcsnap-2025-08-22-13h58m59s135-1536x863.png 1536w, https:\/\/cori.institute\/wp-content\/uploads\/2026\/04\/vlcsnap-2025-08-22-13h58m59s135-2048x1151.png 2048w\" sizes=\"(max-width: 2560px) 100vw, 2560px\" \/>\t\t\t\t\t<\/a>\n\t\t\t\t\t\t\t\t\t<\/div>\n\t\t\t\t\t\t<h3 class=\"uagb-post__title uagb-post__text\">\n\t\t\t\t<a href=\"https:\/\/cori.institute\/index.php\/2026\/04\/25\/plantilla-entradas-proyectos\/\" target=\"_self\" rel=\"bookmark noopener noreferrer\">400 + 100<\/a>\n\t\t\t<\/h3>\n\t\t\t\t\t\t<div class='uagb-post__text uagb-post-grid-byline'>\n\t\t\t\t\t\t\t<\/div>\n\t\t\t\t\t\t<div class=\"uagb-post__text uagb-post__cta wp-block-button\">\n\t\t\t\t<a class=\"wp-block-button__link uagb-text-link\" href=\"https:\/\/cori.institute\/index.php\/2026\/04\/25\/plantilla-entradas-proyectos\/\" target=\"_self\" rel=\"bookmark noopener noreferrer\">Read More<\/a>\n\t\t\t<\/div>\n\t\t\t\t\t\t\t\t\t\t\t\t<\/article>\n\t\t\t\t\t\t\t\t\t\t\t\t\t\t\t\t<article class=\"uagb-post__inner-wrap\">\t\t\t\t\t\t\t\t<div class='uagb-post__image'>\n\t\t\t\t\t\t\t\t\t<a href=\"https:\/\/cori.institute\/index.php\/2026\/04\/25\/cangodeep\/\" target=\"_self\" rel=\"bookmark noopener noreferrer\"><img loading=\"lazy\" decoding=\"async\" width=\"2560\" height=\"1920\" src=\"https:\/\/cori.institute\/wp-content\/uploads\/2026\/04\/IMG_20260421_102841-scaled.jpg\" class=\"attachment-full size-full\" alt=\"\" srcset=\"https:\/\/cori.institute\/wp-content\/uploads\/2026\/04\/IMG_20260421_102841-scaled.jpg 2560w, https:\/\/cori.institute\/wp-content\/uploads\/2026\/04\/IMG_20260421_102841-300x225.jpg 300w, https:\/\/cori.institute\/wp-content\/uploads\/2026\/04\/IMG_20260421_102841-1024x768.jpg 1024w, https:\/\/cori.institute\/wp-content\/uploads\/2026\/04\/IMG_20260421_102841-768x576.jpg 768w, https:\/\/cori.institute\/wp-content\/uploads\/2026\/04\/IMG_20260421_102841-1536x1152.jpg 1536w, https:\/\/cori.institute\/wp-content\/uploads\/2026\/04\/IMG_20260421_102841-2048x1536.jpg 2048w\" sizes=\"(max-width: 2560px) 100vw, 2560px\" \/>\t\t\t\t\t<\/a>\n\t\t\t\t\t\t\t\t\t<\/div>\n\t\t\t\t\t\t<h3 class=\"uagb-post__title uagb-post__text\">\n\t\t\t\t<a href=\"https:\/\/cori.institute\/index.php\/2026\/04\/25\/cangodeep\/\" target=\"_self\" rel=\"bookmark noopener noreferrer\">CanGoDeep<\/a>\n\t\t\t<\/h3>\n\t\t\t\t\t\t<div class='uagb-post__text uagb-post-grid-byline'>\n\t\t\t\t\t\t\t<\/div>\n\t\t\t\t\t\t<div class=\"uagb-post__text uagb-post__cta wp-block-button\">\n\t\t\t\t<a class=\"wp-block-button__link uagb-text-link\" href=\"https:\/\/cori.institute\/index.php\/2026\/04\/25\/cangodeep\/\" target=\"_self\" rel=\"bookmark noopener noreferrer\">Read More<\/a>\n\t\t\t<\/div>\n\t\t\t\t\t\t\t\t\t\t\t\t<\/article>\n\t\t\t\t\t\t\t\t\t\t\t\t\t\t\t\t<article class=\"uagb-post__inner-wrap\">\t\t\t\t\t\t\t\t<div class='uagb-post__image'>\n\t\t\t\t\t\t\t\t\t<a href=\"https:\/\/cori.institute\/index.php\/2023\/09\/15\/aladroque-efectos-del-cambio-climatico\/\" target=\"_self\" rel=\"bookmark noopener noreferrer\"><img loading=\"lazy\" decoding=\"async\" width=\"2560\" height=\"1920\" src=\"https:\/\/cori.institute\/wp-content\/uploads\/2022\/12\/bed4c93e-07a5-44cf-9c29-89f84e5aa3e6-scaled.jpg\" class=\"attachment-full size-full\" alt=\"\" srcset=\"https:\/\/cori.institute\/wp-content\/uploads\/2022\/12\/bed4c93e-07a5-44cf-9c29-89f84e5aa3e6-scaled.jpg 2560w, https:\/\/cori.institute\/wp-content\/uploads\/2022\/12\/bed4c93e-07a5-44cf-9c29-89f84e5aa3e6-300x225.jpg 300w, https:\/\/cori.institute\/wp-content\/uploads\/2022\/12\/bed4c93e-07a5-44cf-9c29-89f84e5aa3e6-1024x768.jpg 1024w, https:\/\/cori.institute\/wp-content\/uploads\/2022\/12\/bed4c93e-07a5-44cf-9c29-89f84e5aa3e6-768x576.jpg 768w, https:\/\/cori.institute\/wp-content\/uploads\/2022\/12\/bed4c93e-07a5-44cf-9c29-89f84e5aa3e6-1536x1152.jpg 1536w, https:\/\/cori.institute\/wp-content\/uploads\/2022\/12\/bed4c93e-07a5-44cf-9c29-89f84e5aa3e6-2048x1536.jpg 2048w\" sizes=\"(max-width: 2560px) 100vw, 2560px\" \/>\t\t\t\t\t<\/a>\n\t\t\t\t\t\t\t\t\t<\/div>\n\t\t\t\t\t\t<h3 class=\"uagb-post__title uagb-post__text\">\n\t\t\t\t<a href=\"https:\/\/cori.institute\/index.php\/2023\/09\/15\/aladroque-efectos-del-cambio-climatico\/\" target=\"_self\" rel=\"bookmark noopener noreferrer\">Aladroque<\/a>\n\t\t\t<\/h3>\n\t\t\t\t\t\t<div class='uagb-post__text uagb-post-grid-byline'>\n\t\t\t\t\t\t\t<\/div>\n\t\t\t\t\t\t<div class=\"uagb-post__text uagb-post__cta wp-block-button\">\n\t\t\t\t<a class=\"wp-block-button__link uagb-text-link\" href=\"https:\/\/cori.institute\/index.php\/2023\/09\/15\/aladroque-efectos-del-cambio-climatico\/\" target=\"_self\" rel=\"bookmark noopener noreferrer\">Read More<\/a>\n\t\t\t<\/div>\n\t\t\t\t\t\t\t\t\t\t\t\t<\/article>\n\t\t\t\t\t\t\t\t\t\t\t\t\t\t\t\t<article class=\"uagb-post__inner-wrap\">\t\t\t\t\t\t\t\t<div class='uagb-post__image'>\n\t\t\t\t\t\t\t\t\t<a href=\"https:\/\/cori.institute\/index.php\/2023\/06\/14\/observatorio-ciudadano-oceanografico-oco\/\" target=\"_self\" rel=\"bookmark noopener noreferrer\"><img loading=\"lazy\" decoding=\"async\" width=\"1049\" height=\"645\" src=\"https:\/\/cori.institute\/wp-content\/uploads\/2023\/06\/oco.jpeg\" class=\"attachment-full size-full\" alt=\"cinco puntos elegidos por institutos para explorar con una c\u00e1mara subacu\u00e1tica en la Regi\u00f3n de Murcia\" srcset=\"https:\/\/cori.institute\/wp-content\/uploads\/2023\/06\/oco.jpeg 1049w, https:\/\/cori.institute\/wp-content\/uploads\/2023\/06\/oco-300x184.jpeg 300w, https:\/\/cori.institute\/wp-content\/uploads\/2023\/06\/oco-1024x630.jpeg 1024w, https:\/\/cori.institute\/wp-content\/uploads\/2023\/06\/oco-768x472.jpeg 768w\" sizes=\"(max-width: 1049px) 100vw, 1049px\" \/>\t\t\t\t\t<\/a>\n\t\t\t\t\t\t\t\t\t<\/div>\n\t\t\t\t\t\t<h3 class=\"uagb-post__title uagb-post__text\">\n\t\t\t\t<a href=\"https:\/\/cori.institute\/index.php\/2023\/06\/14\/observatorio-ciudadano-oceanografico-oco\/\" target=\"_self\" rel=\"bookmark noopener noreferrer\">OCO:explorar el fondo oce\u00e1nico de cinco puntos de la costa de la Regi\u00f3n de Murcia<\/a>\n\t\t\t<\/h3>\n\t\t\t\t\t\t<div class='uagb-post__text uagb-post-grid-byline'>\n\t\t\t\t\t\t\t<\/div>\n\t\t\t\t\t\t<div class=\"uagb-post__text uagb-post__cta wp-block-button\">\n\t\t\t\t<a class=\"wp-block-button__link uagb-text-link\" href=\"https:\/\/cori.institute\/index.php\/2023\/06\/14\/observatorio-ciudadano-oceanografico-oco\/\" target=\"_self\" rel=\"bookmark noopener noreferrer\">Read More<\/a>\n\t\t\t<\/div>\n\t\t\t\t\t\t\t\t\t\t\t\t<\/article>\n\t\t\t\t\t\t\t\t\t\t\t<\/div>\n\t\t\t<\/div><\/div>\n","protected":false},"excerpt":{"rendered":"<p>La c\u00e1tedra Isaac Peral-NAVANTA impulsa el proyecto, de 10 meses de duraci\u00f3n, que realizar\u00e1 con la UPCT y el Cartagena Oceanographic Research Institute (CORI) Se trata de la combinaci\u00f3n de un microscopio impreso en 3D y algoritmos de inteligencia artificial, que ayudar\u00e1 a medir los micropl\u00e1sticos existentes en el Puerto de Cartagena. Todo el c\u00f3digo [&hellip;]<\/p>\n","protected":false},"author":2,"featured_media":193,"comment_status":"closed","ping_status":"open","sticky":false,"template":"","format":"standard","meta":{"_uag_custom_page_level_css":"","site-sidebar-layout":"default","site-content-layout":"","ast-site-content-layout":"default","site-content-style":"default","site-sidebar-style":"default","ast-global-header-display":"","ast-banner-title-visibility":"","ast-main-header-display":"","ast-hfb-above-header-display":"","ast-hfb-below-header-display":"","ast-hfb-mobile-header-display":"","site-post-title":"disabled","ast-breadcrumbs-content":"","ast-featured-img":"disabled","footer-sml-layout":"","theme-transparent-header-meta":"","adv-header-id-meta":"","stick-header-meta":"","header-above-stick-meta":"","header-main-stick-meta":"","header-below-stick-meta":"","astra-migrate-meta-layouts":"set","ast-page-background-enabled":"default","ast-page-background-meta":{"desktop":{"background-color":"var(--ast-global-color-4)","background-image":"","background-repeat":"repeat","background-position":"center center","background-size":"auto","background-attachment":"scroll","background-type":"","background-media":"","overlay-type":"","overlay-color":"","overlay-gradient":""},"tablet":{"background-color":"","background-image":"","background-repeat":"repeat","background-position":"center center","background-size":"auto","background-attachment":"scroll","background-type":"","background-media":"","overlay-type":"","overlay-color":"","overlay-gradient":""},"mobile":{"background-color":"","background-image":"","background-repeat":"repeat","background-position":"center center","background-size":"auto","background-attachment":"scroll","background-type":"","background-media":"","overlay-type":"","overlay-color":"","overlay-gradient":""}},"ast-content-background-meta":{"desktop":{"background-color":"var(--ast-global-color-5)","background-image":"","background-repeat":"repeat","background-position":"center center","background-size":"auto","background-attachment":"scroll","background-type":"","background-media":"","overlay-type":"","overlay-color":"","overlay-gradient":""},"tablet":{"background-color":"var(--ast-global-color-5)","background-image":"","background-repeat":"repeat","background-position":"center center","background-size":"auto","background-attachment":"scroll","background-type":"","background-media":"","overlay-type":"","overlay-color":"","overlay-gradient":""},"mobile":{"background-color":"var(--ast-global-color-5)","background-image":"","background-repeat":"repeat","background-position":"center center","background-size":"auto","background-attachment":"scroll","background-type":"","background-media":"","overlay-type":"","overlay-color":"","overlay-gradient":""}},"_themeisle_gutenberg_block_has_review":false,"footnotes":""},"categories":[1],"tags":[8],"class_list":["post-62","post","type-post","status-publish","format-standard","has-post-thumbnail","hentry","category-sin-categoria","tag-exploracion"],"yoast_head":"<!-- This site is optimized with the Yoast SEO plugin v22.3 - https:\/\/yoast.com\/wordpress\/plugins\/seo\/ -->\n<title>Inteligencia Artificial para medir los micro pl\u00e1sticos en el agua<\/title>\n<meta name=\"description\" content=\"En este proyecto se desarrolla Inteligencia Artificial para medir los micro pl\u00e1sticos en el agua y la contaminaci\u00f3n marina de Cartagena\" \/>\n<meta name=\"robots\" content=\"index, follow, max-snippet:-1, max-image-preview:large, max-video-preview:-1\" \/>\n<link rel=\"canonical\" href=\"https:\/\/cori.institute\/index.php\/2022\/12\/22\/midas-microplastic-detection-asistant\/\" \/>\n<meta property=\"og:locale\" content=\"en_US\" \/>\n<meta property=\"og:type\" content=\"article\" \/>\n<meta property=\"og:title\" content=\"Inteligencia Artificial para medir los micro pl\u00e1sticos en el agua\" \/>\n<meta property=\"og:description\" content=\"En este proyecto se desarrolla Inteligencia Artificial para medir los micro pl\u00e1sticos en el agua y la contaminaci\u00f3n marina de Cartagena\" \/>\n<meta property=\"og:url\" content=\"https:\/\/cori.institute\/index.php\/2022\/12\/22\/midas-microplastic-detection-asistant\/\" \/>\n<meta property=\"article:published_time\" content=\"2022-12-22T18:59:10+00:00\" \/>\n<meta property=\"article:modified_time\" content=\"2026-04-25T07:27:39+00:00\" \/>\n<meta property=\"og:image\" content=\"https:\/\/cori.institute\/wp-content\/uploads\/2022\/12\/microplasticos.jpg\" \/>\n\t<meta property=\"og:image:width\" content=\"1024\" \/>\n\t<meta property=\"og:image:height\" content=\"769\" \/>\n\t<meta property=\"og:image:type\" content=\"image\/jpeg\" \/>\n<meta name=\"author\" content=\"Marina\" \/>\n<meta name=\"twitter:card\" content=\"summary_large_image\" \/>\n<meta name=\"twitter:label1\" content=\"Written by\" \/>\n\t<meta name=\"twitter:data1\" content=\"Marina\" \/>\n\t<meta name=\"twitter:label2\" content=\"Est. reading time\" \/>\n\t<meta name=\"twitter:data2\" content=\"2 minutes\" \/>\n<script type=\"application\/ld+json\" class=\"yoast-schema-graph\">{\"@context\":\"https:\/\/schema.org\",\"@graph\":[{\"@type\":\"WebPage\",\"@id\":\"https:\/\/cori.institute\/index.php\/2022\/12\/22\/midas-microplastic-detection-asistant\/\",\"url\":\"https:\/\/cori.institute\/index.php\/2022\/12\/22\/midas-microplastic-detection-asistant\/\",\"name\":\"Inteligencia Artificial para medir los micro pl\u00e1sticos en el agua\",\"isPartOf\":{\"@id\":\"https:\/\/cori.institute\/#website\"},\"primaryImageOfPage\":{\"@id\":\"https:\/\/cori.institute\/index.php\/2022\/12\/22\/midas-microplastic-detection-asistant\/#primaryimage\"},\"image\":{\"@id\":\"https:\/\/cori.institute\/index.php\/2022\/12\/22\/midas-microplastic-detection-asistant\/#primaryimage\"},\"thumbnailUrl\":\"https:\/\/cori.institute\/wp-content\/uploads\/2022\/12\/microplasticos.jpg\",\"datePublished\":\"2022-12-22T18:59:10+00:00\",\"dateModified\":\"2026-04-25T07:27:39+00:00\",\"author\":{\"@id\":\"https:\/\/cori.institute\/#\/schema\/person\/22c0b0090fd99161e4b55d25dc27018a\"},\"description\":\"En este proyecto se desarrolla Inteligencia Artificial para medir los micro pl\u00e1sticos en el agua y la contaminaci\u00f3n marina de Cartagena\",\"breadcrumb\":{\"@id\":\"https:\/\/cori.institute\/index.php\/2022\/12\/22\/midas-microplastic-detection-asistant\/#breadcrumb\"},\"inLanguage\":\"en-US\",\"potentialAction\":[{\"@type\":\"ReadAction\",\"target\":[\"https:\/\/cori.institute\/index.php\/2022\/12\/22\/midas-microplastic-detection-asistant\/\"]}]},{\"@type\":\"ImageObject\",\"inLanguage\":\"en-US\",\"@id\":\"https:\/\/cori.institute\/index.php\/2022\/12\/22\/midas-microplastic-detection-asistant\/#primaryimage\",\"url\":\"https:\/\/cori.institute\/wp-content\/uploads\/2022\/12\/microplasticos.jpg\",\"contentUrl\":\"https:\/\/cori.institute\/wp-content\/uploads\/2022\/12\/microplasticos.jpg\",\"width\":1024,\"height\":769,\"caption\":\"detecci\u00f3n de micropl\u00e1sticos\"},{\"@type\":\"BreadcrumbList\",\"@id\":\"https:\/\/cori.institute\/index.php\/2022\/12\/22\/midas-microplastic-detection-asistant\/#breadcrumb\",\"itemListElement\":[{\"@type\":\"ListItem\",\"position\":1,\"name\":\"Portada\",\"item\":\"https:\/\/cori.institute\/\"},{\"@type\":\"ListItem\",\"position\":2,\"name\":\"MIDAS (Microplastic Detection ASistant)\"}]},{\"@type\":\"WebSite\",\"@id\":\"https:\/\/cori.institute\/#website\",\"url\":\"https:\/\/cori.institute\/\",\"name\":\"\",\"description\":\"Descubriendo el oc\u00e9ano invisible\",\"potentialAction\":[{\"@type\":\"SearchAction\",\"target\":{\"@type\":\"EntryPoint\",\"urlTemplate\":\"https:\/\/cori.institute\/?s={search_term_string}\"},\"query-input\":\"required name=search_term_string\"}],\"inLanguage\":\"en-US\"},{\"@type\":\"Person\",\"@id\":\"https:\/\/cori.institute\/#\/schema\/person\/22c0b0090fd99161e4b55d25dc27018a\",\"name\":\"Marina\",\"image\":{\"@type\":\"ImageObject\",\"inLanguage\":\"en-US\",\"@id\":\"https:\/\/cori.institute\/#\/schema\/person\/image\/\",\"url\":\"https:\/\/secure.gravatar.com\/avatar\/f6e61f3c0a90145b6c28bae31d494e281804247062f24f8f102470996b6678d9?s=96&d=mm&r=g\",\"contentUrl\":\"https:\/\/secure.gravatar.com\/avatar\/f6e61f3c0a90145b6c28bae31d494e281804247062f24f8f102470996b6678d9?s=96&d=mm&r=g\",\"caption\":\"Marina\"}}]}<\/script>\n<!-- \/ Yoast SEO plugin. -->","yoast_head_json":{"title":"Inteligencia Artificial para medir los micro pl\u00e1sticos en el agua","description":"En este proyecto se desarrolla Inteligencia Artificial para medir los micro pl\u00e1sticos en el agua y la contaminaci\u00f3n marina de Cartagena","robots":{"index":"index","follow":"follow","max-snippet":"max-snippet:-1","max-image-preview":"max-image-preview:large","max-video-preview":"max-video-preview:-1"},"canonical":"https:\/\/cori.institute\/index.php\/2022\/12\/22\/midas-microplastic-detection-asistant\/","og_locale":"en_US","og_type":"article","og_title":"Inteligencia Artificial para medir los micro pl\u00e1sticos en el agua","og_description":"En este proyecto se desarrolla Inteligencia Artificial para medir los micro pl\u00e1sticos en el agua y la contaminaci\u00f3n marina de Cartagena","og_url":"https:\/\/cori.institute\/index.php\/2022\/12\/22\/midas-microplastic-detection-asistant\/","article_published_time":"2022-12-22T18:59:10+00:00","article_modified_time":"2026-04-25T07:27:39+00:00","og_image":[{"width":1024,"height":769,"url":"https:\/\/cori.institute\/wp-content\/uploads\/2022\/12\/microplasticos.jpg","type":"image\/jpeg"}],"author":"Marina","twitter_card":"summary_large_image","twitter_misc":{"Written by":"Marina","Est. reading time":"2 minutes"},"schema":{"@context":"https:\/\/schema.org","@graph":[{"@type":"WebPage","@id":"https:\/\/cori.institute\/index.php\/2022\/12\/22\/midas-microplastic-detection-asistant\/","url":"https:\/\/cori.institute\/index.php\/2022\/12\/22\/midas-microplastic-detection-asistant\/","name":"Inteligencia Artificial para medir los micro pl\u00e1sticos en el agua","isPartOf":{"@id":"https:\/\/cori.institute\/#website"},"primaryImageOfPage":{"@id":"https:\/\/cori.institute\/index.php\/2022\/12\/22\/midas-microplastic-detection-asistant\/#primaryimage"},"image":{"@id":"https:\/\/cori.institute\/index.php\/2022\/12\/22\/midas-microplastic-detection-asistant\/#primaryimage"},"thumbnailUrl":"https:\/\/cori.institute\/wp-content\/uploads\/2022\/12\/microplasticos.jpg","datePublished":"2022-12-22T18:59:10+00:00","dateModified":"2026-04-25T07:27:39+00:00","author":{"@id":"https:\/\/cori.institute\/#\/schema\/person\/22c0b0090fd99161e4b55d25dc27018a"},"description":"En este proyecto se desarrolla Inteligencia Artificial para medir los micro pl\u00e1sticos en el agua y la contaminaci\u00f3n marina de Cartagena","breadcrumb":{"@id":"https:\/\/cori.institute\/index.php\/2022\/12\/22\/midas-microplastic-detection-asistant\/#breadcrumb"},"inLanguage":"en-US","potentialAction":[{"@type":"ReadAction","target":["https:\/\/cori.institute\/index.php\/2022\/12\/22\/midas-microplastic-detection-asistant\/"]}]},{"@type":"ImageObject","inLanguage":"en-US","@id":"https:\/\/cori.institute\/index.php\/2022\/12\/22\/midas-microplastic-detection-asistant\/#primaryimage","url":"https:\/\/cori.institute\/wp-content\/uploads\/2022\/12\/microplasticos.jpg","contentUrl":"https:\/\/cori.institute\/wp-content\/uploads\/2022\/12\/microplasticos.jpg","width":1024,"height":769,"caption":"detecci\u00f3n de micropl\u00e1sticos"},{"@type":"BreadcrumbList","@id":"https:\/\/cori.institute\/index.php\/2022\/12\/22\/midas-microplastic-detection-asistant\/#breadcrumb","itemListElement":[{"@type":"ListItem","position":1,"name":"Portada","item":"https:\/\/cori.institute\/"},{"@type":"ListItem","position":2,"name":"MIDAS (Microplastic Detection ASistant)"}]},{"@type":"WebSite","@id":"https:\/\/cori.institute\/#website","url":"https:\/\/cori.institute\/","name":"","description":"Descubriendo el oc\u00e9ano invisible","potentialAction":[{"@type":"SearchAction","target":{"@type":"EntryPoint","urlTemplate":"https:\/\/cori.institute\/?s={search_term_string}"},"query-input":"required name=search_term_string"}],"inLanguage":"en-US"},{"@type":"Person","@id":"https:\/\/cori.institute\/#\/schema\/person\/22c0b0090fd99161e4b55d25dc27018a","name":"Marina","image":{"@type":"ImageObject","inLanguage":"en-US","@id":"https:\/\/cori.institute\/#\/schema\/person\/image\/","url":"https:\/\/secure.gravatar.com\/avatar\/f6e61f3c0a90145b6c28bae31d494e281804247062f24f8f102470996b6678d9?s=96&d=mm&r=g","contentUrl":"https:\/\/secure.gravatar.com\/avatar\/f6e61f3c0a90145b6c28bae31d494e281804247062f24f8f102470996b6678d9?s=96&d=mm&r=g","caption":"Marina"}}]}},"uagb_featured_image_src":{"full":["https:\/\/cori.institute\/wp-content\/uploads\/2022\/12\/microplasticos.jpg",1024,769,false],"thumbnail":["https:\/\/cori.institute\/wp-content\/uploads\/2022\/12\/microplasticos-150x150.jpg",150,150,true],"medium":["https:\/\/cori.institute\/wp-content\/uploads\/2022\/12\/microplasticos-300x225.jpg",300,225,true],"medium_large":["https:\/\/cori.institute\/wp-content\/uploads\/2022\/12\/microplasticos-768x577.jpg",768,577,true],"large":["https:\/\/cori.institute\/wp-content\/uploads\/2022\/12\/microplasticos.jpg",1024,769,false],"1536x1536":["https:\/\/cori.institute\/wp-content\/uploads\/2022\/12\/microplasticos.jpg",1024,769,false],"2048x2048":["https:\/\/cori.institute\/wp-content\/uploads\/2022\/12\/microplasticos.jpg",1024,769,false]},"uagb_author_info":{"display_name":"Marina","author_link":"https:\/\/cori.institute\/index.php\/author\/marina\/"},"uagb_comment_info":0,"uagb_excerpt":"La c\u00e1tedra Isaac Peral-NAVANTA impulsa el proyecto, de 10 meses de duraci\u00f3n, que realizar\u00e1 con la UPCT y el Cartagena Oceanographic Research Institute (CORI) Se trata de la combinaci\u00f3n de un microscopio impreso en 3D y algoritmos de inteligencia artificial, que ayudar\u00e1 a medir los micropl\u00e1sticos existentes en el Puerto de Cartagena. Todo el c\u00f3digo&hellip;","_links":{"self":[{"href":"https:\/\/cori.institute\/index.php\/wp-json\/wp\/v2\/posts\/62","targetHints":{"allow":["GET"]}}],"collection":[{"href":"https:\/\/cori.institute\/index.php\/wp-json\/wp\/v2\/posts"}],"about":[{"href":"https:\/\/cori.institute\/index.php\/wp-json\/wp\/v2\/types\/post"}],"author":[{"embeddable":true,"href":"https:\/\/cori.institute\/index.php\/wp-json\/wp\/v2\/users\/2"}],"replies":[{"embeddable":true,"href":"https:\/\/cori.institute\/index.php\/wp-json\/wp\/v2\/comments?post=62"}],"version-history":[{"count":1,"href":"https:\/\/cori.institute\/index.php\/wp-json\/wp\/v2\/posts\/62\/revisions"}],"predecessor-version":[{"id":2710,"href":"https:\/\/cori.institute\/index.php\/wp-json\/wp\/v2\/posts\/62\/revisions\/2710"}],"wp:featuredmedia":[{"embeddable":true,"href":"https:\/\/cori.institute\/index.php\/wp-json\/wp\/v2\/media\/193"}],"wp:attachment":[{"href":"https:\/\/cori.institute\/index.php\/wp-json\/wp\/v2\/media?parent=62"}],"wp:term":[{"taxonomy":"category","embeddable":true,"href":"https:\/\/cori.institute\/index.php\/wp-json\/wp\/v2\/categories?post=62"},{"taxonomy":"post_tag","embeddable":true,"href":"https:\/\/cori.institute\/index.php\/wp-json\/wp\/v2\/tags?post=62"}],"curies":[{"name":"wp","href":"https:\/\/api.w.org\/{rel}","templated":true}]}}