{"id":671,"date":"2022-12-26T11:45:33","date_gmt":"2022-12-26T11:45:33","guid":{"rendered":"https:\/\/cori.institute\/?p=671"},"modified":"2023-09-13T11:37:31","modified_gmt":"2023-09-13T11:37:31","slug":"loco-bouy-sigue-creciendo","status":"publish","type":"post","link":"https:\/\/cori.institute\/index.php\/2022\/12\/26\/loco-bouy-sigue-creciendo\/","title":{"rendered":"LoCo Bouy, un proyecto de medici\u00f3n y divulgaci\u00f3n oce\u00e1nica, sigue creciendo"},"content":{"rendered":"\n<div style=\"height:33px\" aria-hidden=\"true\" class=\"wp-block-spacer\"><\/div>\n\n\n\n<h1 class=\"wp-block-heading\">LoCo Bouy, un proyecto de medici\u00f3n y divulgaci\u00f3n oce\u00e1nica, sigue creciendo<\/h1>\n\n\n\n<p class=\"has-link-color wp-elements-866b019e8be8756a4420b74051b9107d\">LoCo Buoy es un proyecto de medici\u00f3n y divulgaci\u00f3n oce\u00e1nica. Naci\u00f3 en 2021 con la instalaci\u00f3n de una&nbsp;<strong>estaci\u00f3n submarina en las aguas del Puerto de Cartagena&nbsp;compuesta por una boya de bajo coste y una c\u00e1mara incorporada emitiendo en directo<\/strong>. Ahora, el&nbsp;<a href=\"https:\/\/cori.institute\/index.php\/proyectos-2\/\" target=\"_blank\" rel=\"noreferrer noopener\">proyecto<\/a>&nbsp;finciado por&nbsp;<a href=\"https:\/\/www.fecyt.es\/\" target=\"_blank\" rel=\"noreferrer noopener\">FECYT<\/a>&nbsp;crece e implementa nuevas mejoras, tanto a la c\u00e1mara subacu\u00e1tica como a la boya.<\/p>\n\n\n\n<figure class=\"wp-block-gallery has-nested-images columns-default is-cropped wp-block-gallery-1 is-layout-flex wp-block-gallery-is-layout-flex\">\n<figure class=\"wp-block-image size-large has-custom-border\"><img fetchpriority=\"high\" decoding=\"async\" width=\"1024\" height=\"576\" data-id=\"182\" src=\"https:\/\/cori.institute\/wp-content\/uploads\/2022\/12\/locobuoy-2-1.jpeg\" alt=\"ROV DE NIDO ROBOTICS\" class=\"wp-image-182\" style=\"border-radius:30px\" srcset=\"https:\/\/cori.institute\/wp-content\/uploads\/2022\/12\/locobuoy-2-1.jpeg 1024w, https:\/\/cori.institute\/wp-content\/uploads\/2022\/12\/locobuoy-2-1-300x169.jpeg 300w, https:\/\/cori.institute\/wp-content\/uploads\/2022\/12\/locobuoy-2-1-768x432.jpeg 768w\" sizes=\"(max-width: 1024px) 100vw, 1024px\" \/><\/figure>\n\n\n\n<figure class=\"wp-block-image size-large has-custom-border\"><img decoding=\"async\" width=\"1024\" height=\"576\" data-id=\"180\" src=\"https:\/\/cori.institute\/wp-content\/uploads\/2022\/12\/locobuoy-2-copia.jpeg\" alt=\"PROYECTO LOCOBUOY, UNA BOYA PARA MONITORIZAR PAR\u00c1METROS Y UNA C\u00c1MARA SUBACU\u00c1TICA\" class=\"wp-image-180\" style=\"border-radius:30px\" srcset=\"https:\/\/cori.institute\/wp-content\/uploads\/2022\/12\/locobuoy-2-copia.jpeg 1024w, https:\/\/cori.institute\/wp-content\/uploads\/2022\/12\/locobuoy-2-copia-300x169.jpeg 300w, https:\/\/cori.institute\/wp-content\/uploads\/2022\/12\/locobuoy-2-copia-768x432.jpeg 768w\" sizes=\"(max-width: 1024px) 100vw, 1024px\" \/><\/figure>\n\n\n\n<figure class=\"wp-block-image size-large has-custom-border\"><img decoding=\"async\" width=\"1024\" height=\"623\" data-id=\"186\" src=\"https:\/\/cori.institute\/wp-content\/uploads\/2022\/12\/locobuoy-2-5-copia.jpeg\" alt=\"PROYECTO LOCOBUOY, UNA BOYA PARA MONITORIZAR PAR\u00c1METROS Y UNA C\u00c1MARA SUBACU\u00c1TICA\" class=\"wp-image-186\" style=\"border-radius:30px\" srcset=\"https:\/\/cori.institute\/wp-content\/uploads\/2022\/12\/locobuoy-2-5-copia.jpeg 1024w, https:\/\/cori.institute\/wp-content\/uploads\/2022\/12\/locobuoy-2-5-copia-300x183.jpeg 300w, https:\/\/cori.institute\/wp-content\/uploads\/2022\/12\/locobuoy-2-5-copia-768x467.jpeg 768w\" sizes=\"(max-width: 1024px) 100vw, 1024px\" \/><\/figure>\n<\/figure>\n\n\n\n<div style=\"height:20px\" aria-hidden=\"true\" class=\"wp-block-spacer\"><\/div>\n\n\n\n<p class=\"has-link-color wp-elements-eefeefed0279535afcfbba01aa0b0ff8\"><a href=\"https:\/\/cori.institute\/index.php\/loco-buoy\/\" target=\"_blank\" rel=\"noreferrer noopener\"><strong>LoCo Buoy<\/strong><\/a>&nbsp;tiene la finalidad de crear un&nbsp;<strong>punto de medici\u00f3n en el mar que pueda registrar par\u00e1metros oceanogr\u00e1ficos<\/strong>. Entre esos par\u00e1metros est\u00e1 la temperatura o la claridad de las aguas. Adem\u00e1s, este proyecto crea una ventana&nbsp;<strong>en directo y en abierto las 24 horas<\/strong>&nbsp;del fondo marino de uno de los puntos del Puerto de Cartagena.&nbsp;<\/p>\n\n\n\n<p class=\"has-link-color wp-elements-6e013e495fc7afefeafbe6abb2d98eb0\">Este 2022, la c\u00e1mara subacu\u00e1tica se mantendr\u00e1 instalada hasta finales de mayo. Esta c\u00e1mara cuenta con la incorporaci\u00f3n de luces infrarrojas que permiten observar todo lo que ocurre en la estaci\u00f3n subacu\u00e1tica tambi\u00e9n de noche. Por otro lado,&nbsp;<strong>la boya a\u00fan no se ha instalado<\/strong>, ya que todav\u00eda est\u00e1 en proceso de mejora para poder a\u00f1adir sensores que midan nuevos par\u00e1metros.<\/p>\n\n\n\n<figure class=\"wp-block-gallery has-nested-images columns-3 is-cropped wp-block-gallery-2 is-layout-flex wp-block-gallery-is-layout-flex\">\n<figure class=\"wp-block-image size-full is-resized has-custom-border\"><img decoding=\"async\" data-id=\"183\" src=\"https:\/\/cori.institute\/wp-content\/uploads\/2022\/12\/locobuoy-2-3.jpeg\" alt=\"PROYECTO LOCOBUOY, UNA BOYA PARA MONITORIZAR PAR\u00c1METROS Y UNA C\u00c1MARA SUBACU\u00c1TICA\" class=\"wp-image-183\" style=\"border-radius:50px;height:600px\" height=\"600\" srcset=\"https:\/\/cori.institute\/wp-content\/uploads\/2022\/12\/locobuoy-2-3.jpeg 576w, https:\/\/cori.institute\/wp-content\/uploads\/2022\/12\/locobuoy-2-3-169x300.jpeg 169w\" sizes=\"(max-width: 576px) 100vw, 576px\" \/><\/figure>\n\n\n\n<figure class=\"wp-block-image size-full is-resized has-custom-border\"><img decoding=\"async\" data-id=\"184\" src=\"https:\/\/cori.institute\/wp-content\/uploads\/2022\/12\/locobuoy-2-4-copia.jpeg\" alt=\"PROYECTO LOCOBUOY\" class=\"wp-image-184\" style=\"border-radius:50px;height:600px\" height=\"600\" srcset=\"https:\/\/cori.institute\/wp-content\/uploads\/2022\/12\/locobuoy-2-4-copia.jpeg 576w, https:\/\/cori.institute\/wp-content\/uploads\/2022\/12\/locobuoy-2-4-copia-169x300.jpeg 169w\" sizes=\"(max-width: 576px) 100vw, 576px\" \/><\/figure>\n<\/figure>\n\n\n\n<div style=\"height:30px\" aria-hidden=\"true\" class=\"wp-block-spacer\"><\/div>\n\n\n\n<h2 id=\"wp-block-themeisle-blocks-advanced-heading-71a07bdb\" class=\"wp-block-themeisle-blocks-advanced-heading wp-block-themeisle-blocks-advanced-heading-71a07bdb\">Proyecto de colaboraci\u00f3n con institutos<\/h2>\n\n\n\n<p class=\"has-link-color wp-elements-0c3edc79087cf387bae25533fe636673\">De este modo, los estudiantes de las instituciones que participaron junto a CORI en el desarrollo de este proyecto de de medici\u00f3n y divulgaci\u00f3n oce\u00e1nica (<a href=\"https:\/\/www.upct.es\/\" target=\"_blank\" rel=\"noreferrer noopener\">Universidad Polit\u00e9cnica de Cartagena<\/a><strong> (UPCT),<\/strong>&nbsp;<a href=\"https:\/\/cifphesperides.es\/\" target=\"_blank\" rel=\"noreferrer noopener\">C.I.F.P Hesp\u00e9rides<\/a>&nbsp;y&nbsp;<a href=\"http:\/\/politecnicocartagena.es\/\" target=\"_blank\" rel=\"noreferrer noopener\">I.E.S Polit\u00e9cnico Cartagena<\/a>) pudieron implicarse nuevamente en la puesta en marcha de la estaci\u00f3n subacu\u00e1tica, tanto por parte de los alumnos del C.I.F.P. Hesp\u00e9rides, que participaron en el fondeo de la c\u00e1mara en El Espalmador, como por parte de los alumnos del Instituto Polit\u00e9cnico de Cartagena, quienes se encargaron de la&nbsp;<strong>parte electr\u00f3nica<\/strong>.<\/p>\n\n\n\n<p class=\"has-link-color wp-elements-1e240717b7a6b0347f7758b9c286c6c1\">Adem\u00e1s, durante la joranada, los alumnos del Instituto Pol\u00edtecnico tambi\u00e9n sumergieron un&nbsp;<strong>dron cedido por&nbsp;<a href=\"https:\/\/www.nidorobotics.com\/\" target=\"_blank\" rel=\"noreferrer noopener\">NidoRobotics<\/a><\/strong>&nbsp;con el que pudieron ver en movimiento todo el fondo de la zona costera de El Espalmador.<\/p>\n\n\n\n<p>Desde&nbsp;<strong>Cartagena Oceanographic Research Institute<\/strong>&nbsp;participamos en las tareas de asesoramiento cient\u00edfico y de difusi\u00f3n de las im\u00e1genes en streaming que la c\u00e1mara recoge, junto a la UPCT.<\/p>\n\n\n\n<figure class=\"wp-block-embed aligncenter is-type-video is-provider-youtube wp-block-embed-youtube wp-embed-aspect-16-9 wp-has-aspect-ratio\"><div class=\"wp-block-embed__wrapper\"> <div class=\"ast-oembed-container \" style=\"height: 100%;\"><iframe title=\"Loco Buoy: temperatura y calidad del agua\" width=\"500\" height=\"281\" src=\"https:\/\/www.youtube.com\/embed\/uS8GNYpU0O4?feature=oembed\" frameborder=\"0\" allow=\"accelerometer; autoplay; clipboard-write; encrypted-media; gyroscope; picture-in-picture; web-share\" referrerpolicy=\"strict-origin-when-cross-origin\" allowfullscreen><\/iframe><\/div> <\/div><\/figure>\n\n\n\n<p>Participan:<\/p>\n\n\n\n<figure class=\"wp-block-image aligncenter size-full\"><img loading=\"lazy\" decoding=\"async\" width=\"886\" height=\"130\" src=\"https:\/\/cori.institute\/wp-content\/uploads\/2022\/12\/image-7.png\" alt=\"\" class=\"wp-image-672\" srcset=\"https:\/\/cori.institute\/wp-content\/uploads\/2022\/12\/image-7.png 886w, https:\/\/cori.institute\/wp-content\/uploads\/2022\/12\/image-7-300x44.png 300w, https:\/\/cori.institute\/wp-content\/uploads\/2022\/12\/image-7-768x113.png 768w\" sizes=\"(max-width: 886px) 100vw, 886px\" \/><\/figure>\n\n\n\n<div class=\"wp-block-cover alignfull\"><span aria-hidden=\"true\" class=\"wp-block-cover__background has-background-dim-100 has-background-dim\" style=\"background-color:#0e0f26\"><\/span><div class=\"wp-block-cover__inner-container is-layout-constrained wp-block-cover-is-layout-constrained\">\n<h2 class=\"wp-block-heading\">\u00daltimas Noticias<\/h2>\n\n\n\n\t\t\t<div class=\"wp-block-uagb-post-carousel uagb-post-grid  uagb-post__image-position-top uagb-post__image-enabled uagb-block-d60a9147     uagb-post__arrow-outside uagb-slick-carousel uagb-post__items uagb-post__columns-3 is-carousel uagb-post__columns-tablet-2 uagb-post__columns-mobile-1 uagb-post__carousel_equal-height\" data-total=\"5\" style=\"\">\n\n\t\t\t\t\t\t\t\t\t\t\t\t<article class=\"uagb-post__inner-wrap\">\t\t\t\t\t\t\t\t<div class='uagb-post__image'>\n\t\t\t\t\t\t\t\t\t<a href=\"https:\/\/cori.institute\/index.php\/2023\/06\/05\/contaminacion-por-plastico-en-los-oceanos\/\" target=\"_self\" rel=\"bookmark noopener noreferrer\"><img loading=\"lazy\" decoding=\"async\" width=\"620\" height=\"349\" src=\"https:\/\/cori.institute\/wp-content\/uploads\/2023\/06\/plastico-playa.jpg\" class=\"attachment-full size-full\" alt=\"plastico en la playa\" srcset=\"https:\/\/cori.institute\/wp-content\/uploads\/2023\/06\/plastico-playa.jpg 620w, https:\/\/cori.institute\/wp-content\/uploads\/2023\/06\/plastico-playa-300x169.jpg 300w\" sizes=\"(max-width: 620px) 100vw, 620px\" \/>\t\t\t\t\t<\/a>\n\t\t\t\t\t\t\t\t\t<\/div>\n\t\t\t\t\t\t<h3 class=\"uagb-post__title uagb-post__text\">\n\t\t\t\t<a href=\"https:\/\/cori.institute\/index.php\/2023\/06\/05\/contaminacion-por-plastico-en-los-oceanos\/\" target=\"_self\" rel=\"bookmark noopener noreferrer\">La contaminaci\u00f3n por pl\u00e1sticos en los oc\u00e9anos<\/a>\n\t\t\t<\/h3>\n\t\t\t\t\t\t<div class='uagb-post__text uagb-post-grid-byline'>\n\t\t\t\t\t\t\t<\/div>\n\t\t\t\t\t\t<div class=\"uagb-post__text uagb-post__cta wp-block-button\">\n\t\t\t\t<a class=\"wp-block-button__link uagb-text-link\" href=\"https:\/\/cori.institute\/index.php\/2023\/06\/05\/contaminacion-por-plastico-en-los-oceanos\/\" target=\"_self\" rel=\"bookmark noopener noreferrer\">Read More<\/a>\n\t\t\t<\/div>\n\t\t\t\t\t\t\t\t\t\t\t\t<\/article>\n\t\t\t\t\t\t\t\t\t\t\t\t\t\t\t\t<article class=\"uagb-post__inner-wrap\">\t\t\t\t\t\t\t\t<div class='uagb-post__image'>\n\t\t\t\t\t\t\t\t\t<a href=\"https:\/\/cori.institute\/index.php\/2023\/04\/13\/tecnologia-y-acuicultura\/\" target=\"_self\" rel=\"bookmark noopener noreferrer\"><img loading=\"lazy\" decoding=\"async\" width=\"400\" height=\"354\" src=\"https:\/\/cori.institute\/wp-content\/uploads\/2023\/04\/acuicultura.jpg\" class=\"attachment-full size-full\" alt=\"acuicultura y tecnolog\u00eda\" srcset=\"https:\/\/cori.institute\/wp-content\/uploads\/2023\/04\/acuicultura.jpg 400w, https:\/\/cori.institute\/wp-content\/uploads\/2023\/04\/acuicultura-300x266.jpg 300w\" sizes=\"(max-width: 400px) 100vw, 400px\" \/>\t\t\t\t\t<\/a>\n\t\t\t\t\t\t\t\t\t<\/div>\n\t\t\t\t\t\t<h3 class=\"uagb-post__title uagb-post__text\">\n\t\t\t\t<a href=\"https:\/\/cori.institute\/index.php\/2023\/04\/13\/tecnologia-y-acuicultura\/\" target=\"_self\" rel=\"bookmark noopener noreferrer\">La influencia de la tecnolog\u00eda en la acuicultura<\/a>\n\t\t\t<\/h3>\n\t\t\t\t\t\t<div class='uagb-post__text uagb-post-grid-byline'>\n\t\t\t\t\t\t\t<\/div>\n\t\t\t\t\t\t<div class=\"uagb-post__text uagb-post__cta wp-block-button\">\n\t\t\t\t<a class=\"wp-block-button__link uagb-text-link\" href=\"https:\/\/cori.institute\/index.php\/2023\/04\/13\/tecnologia-y-acuicultura\/\" target=\"_self\" rel=\"bookmark noopener noreferrer\">Read More<\/a>\n\t\t\t<\/div>\n\t\t\t\t\t\t\t\t\t\t\t\t<\/article>\n\t\t\t\t\t\t\t\t\t\t\t\t\t\t\t\t<article class=\"uagb-post__inner-wrap\">\t\t\t\t\t\t\t\t<div class='uagb-post__image'>\n\t\t\t\t\t\t\t\t\t<a href=\"https:\/\/cori.institute\/index.php\/2023\/04\/05\/tratado-de-los-oceanos-icues\/\" target=\"_self\" rel=\"bookmark noopener noreferrer\"><img loading=\"lazy\" decoding=\"async\" width=\"1200\" height=\"900\" src=\"https:\/\/cori.institute\/wp-content\/uploads\/2023\/04\/oceano-icues-tratado-de-la-unesco.jpg\" class=\"attachment-full size-full\" alt=\"oceano icues tratado de la unesco\" srcset=\"https:\/\/cori.institute\/wp-content\/uploads\/2023\/04\/oceano-icues-tratado-de-la-unesco.jpg 1200w, https:\/\/cori.institute\/wp-content\/uploads\/2023\/04\/oceano-icues-tratado-de-la-unesco-300x225.jpg 300w, https:\/\/cori.institute\/wp-content\/uploads\/2023\/04\/oceano-icues-tratado-de-la-unesco-1024x768.jpg 1024w, https:\/\/cori.institute\/wp-content\/uploads\/2023\/04\/oceano-icues-tratado-de-la-unesco-768x576.jpg 768w\" sizes=\"(max-width: 1200px) 100vw, 1200px\" \/>\t\t\t\t\t<\/a>\n\t\t\t\t\t\t\t\t\t<\/div>\n\t\t\t\t\t\t<h3 class=\"uagb-post__title uagb-post__text\">\n\t\t\t\t<a href=\"https:\/\/cori.institute\/index.php\/2023\/04\/05\/tratado-de-los-oceanos-icues\/\" target=\"_self\" rel=\"bookmark noopener noreferrer\">El Tratado de los Oceanos, con Sara Garc\u00eda en ICUES<\/a>\n\t\t\t<\/h3>\n\t\t\t\t\t\t<div class='uagb-post__text uagb-post-grid-byline'>\n\t\t\t\t\t\t\t<\/div>\n\t\t\t\t\t\t<div class=\"uagb-post__text uagb-post__cta wp-block-button\">\n\t\t\t\t<a class=\"wp-block-button__link uagb-text-link\" href=\"https:\/\/cori.institute\/index.php\/2023\/04\/05\/tratado-de-los-oceanos-icues\/\" target=\"_self\" rel=\"bookmark noopener noreferrer\">Read More<\/a>\n\t\t\t<\/div>\n\t\t\t\t\t\t\t\t\t\t\t\t<\/article>\n\t\t\t\t\t\t\t\t\t\t\t\t\t\t\t\t<article class=\"uagb-post__inner-wrap\">\t\t\t\t\t\t\t\t<div class='uagb-post__image'>\n\t\t\t\t\t\t\t\t\t<a href=\"https:\/\/cori.institute\/index.php\/2023\/03\/30\/la-espana-azul-y-ies-mediterraneo\/\" target=\"_self\" rel=\"bookmark noopener noreferrer\"><img loading=\"lazy\" decoding=\"async\" width=\"1280\" height=\"720\" src=\"https:\/\/cori.institute\/wp-content\/uploads\/2023\/03\/photo168000017.jpeg\" class=\"attachment-full size-full\" alt=\"la espa\u00f1a azul, con nacho dean, y los alumnos del ies mediterraneo\" srcset=\"https:\/\/cori.institute\/wp-content\/uploads\/2023\/03\/photo168000017.jpeg 1280w, https:\/\/cori.institute\/wp-content\/uploads\/2023\/03\/photo168000017-300x169.jpeg 300w, https:\/\/cori.institute\/wp-content\/uploads\/2023\/03\/photo168000017-1024x576.jpeg 1024w, https:\/\/cori.institute\/wp-content\/uploads\/2023\/03\/photo168000017-768x432.jpeg 768w\" sizes=\"(max-width: 1280px) 100vw, 1280px\" \/>\t\t\t\t\t<\/a>\n\t\t\t\t\t\t\t\t\t<\/div>\n\t\t\t\t\t\t<h3 class=\"uagb-post__title uagb-post__text\">\n\t\t\t\t<a href=\"https:\/\/cori.institute\/index.php\/2023\/03\/30\/la-espana-azul-y-ies-mediterraneo\/\" target=\"_self\" rel=\"bookmark noopener noreferrer\">La Espa\u00f1a Azul, con Nacho Dean y el IES Mediterr\u00e1neo<\/a>\n\t\t\t<\/h3>\n\t\t\t\t\t\t<div class='uagb-post__text uagb-post-grid-byline'>\n\t\t\t\t\t\t\t<\/div>\n\t\t\t\t\t\t<div class=\"uagb-post__text uagb-post__cta wp-block-button\">\n\t\t\t\t<a class=\"wp-block-button__link uagb-text-link\" href=\"https:\/\/cori.institute\/index.php\/2023\/03\/30\/la-espana-azul-y-ies-mediterraneo\/\" target=\"_self\" rel=\"bookmark noopener noreferrer\">Read More<\/a>\n\t\t\t<\/div>\n\t\t\t\t\t\t\t\t\t\t\t\t<\/article>\n\t\t\t\t\t\t\t\t\t\t\t<\/div>\n\t\t\t<\/div><\/div>\n","protected":false},"excerpt":{"rendered":"<p>LoCo Bouy, un proyecto de medici\u00f3n y divulgaci\u00f3n oce\u00e1nica, sigue creciendo LoCo Buoy es un proyecto de medici\u00f3n y divulgaci\u00f3n oce\u00e1nica. Naci\u00f3 en 2021 con la instalaci\u00f3n de una&nbsp;estaci\u00f3n submarina en las aguas del Puerto de Cartagena&nbsp;compuesta por una boya de bajo coste y una c\u00e1mara incorporada emitiendo en directo. Ahora, el&nbsp;proyecto&nbsp;finciado por&nbsp;FECYT&nbsp;crece e implementa [&hellip;]<\/p>\n","protected":false},"author":2,"featured_media":184,"comment_status":"closed","ping_status":"open","sticky":false,"template":"","format":"standard","meta":{"_uag_custom_page_level_css":"","site-sidebar-layout":"default","site-content-layout":"","ast-site-content-layout":"default","site-content-style":"default","site-sidebar-style":"default","ast-global-header-display":"","ast-banner-title-visibility":"","ast-main-header-display":"","ast-hfb-above-header-display":"","ast-hfb-below-header-display":"","ast-hfb-mobile-header-display":"","site-post-title":"disabled","ast-breadcrumbs-content":"","ast-featured-img":"disabled","footer-sml-layout":"","theme-transparent-header-meta":"","adv-header-id-meta":"","stick-header-meta":"","header-above-stick-meta":"","header-main-stick-meta":"","header-below-stick-meta":"","astra-migrate-meta-layouts":"set","ast-page-background-enabled":"default","ast-page-background-meta":{"desktop":{"background-color":"var(--ast-global-color-4)","background-image":"","background-repeat":"repeat","background-position":"center center","background-size":"auto","background-attachment":"scroll","background-type":"","background-media":"","overlay-type":"","overlay-color":"","overlay-gradient":""},"tablet":{"background-color":"","background-image":"","background-repeat":"repeat","background-position":"center center","background-size":"auto","background-attachment":"scroll","background-type":"","background-media":"","overlay-type":"","overlay-color":"","overlay-gradient":""},"mobile":{"background-color":"","background-image":"","background-repeat":"repeat","background-position":"center center","background-size":"auto","background-attachment":"scroll","background-type":"","background-media":"","overlay-type":"","overlay-color":"","overlay-gradient":""}},"ast-content-background-meta":{"desktop":{"background-color":"var(--ast-global-color-5)","background-image":"","background-repeat":"repeat","background-position":"center center","background-size":"auto","background-attachment":"scroll","background-type":"","background-media":"","overlay-type":"","overlay-color":"","overlay-gradient":""},"tablet":{"background-color":"var(--ast-global-color-5)","background-image":"","background-repeat":"repeat","background-position":"center center","background-size":"auto","background-attachment":"scroll","background-type":"","background-media":"","overlay-type":"","overlay-color":"","overlay-gradient":""},"mobile":{"background-color":"var(--ast-global-color-5)","background-image":"","background-repeat":"repeat","background-position":"center center","background-size":"auto","background-attachment":"scroll","background-type":"","background-media":"","overlay-type":"","overlay-color":"","overlay-gradient":""}},"_themeisle_gutenberg_block_has_review":false,"footnotes":""},"categories":[10],"tags":[],"class_list":["post-671","post","type-post","status-publish","format-standard","has-post-thumbnail","hentry","category-noticias"],"yoast_head":"<!-- This site is optimized with the Yoast SEO plugin v22.3 - https:\/\/yoast.com\/wordpress\/plugins\/seo\/ -->\n<title>LoCo Bouy,proyecto de medici\u00f3n y divulgaci\u00f3n oce\u00e1nica - CORI<\/title>\n<meta name=\"description\" content=\"LoCo Buoy (Low Cost Buoy) es un proyecto de medici\u00f3n y divulgaci\u00f3n oce\u00e1nica realizado con la UPCT y los institutos polit\u00e9cnicos de Cartagena.\" \/>\n<meta name=\"robots\" content=\"index, follow, max-snippet:-1, max-image-preview:large, max-video-preview:-1\" \/>\n<link rel=\"canonical\" href=\"https:\/\/cori.institute\/index.php\/2022\/12\/26\/loco-bouy-sigue-creciendo\/\" \/>\n<meta property=\"og:locale\" content=\"en_US\" \/>\n<meta property=\"og:type\" content=\"article\" \/>\n<meta property=\"og:title\" content=\"LoCo Bouy,proyecto de medici\u00f3n y divulgaci\u00f3n oce\u00e1nica - CORI\" \/>\n<meta property=\"og:description\" content=\"LoCo Buoy (Low Cost Buoy) es un proyecto de medici\u00f3n y divulgaci\u00f3n oce\u00e1nica realizado con la UPCT y los institutos polit\u00e9cnicos de Cartagena.\" \/>\n<meta property=\"og:url\" content=\"https:\/\/cori.institute\/index.php\/2022\/12\/26\/loco-bouy-sigue-creciendo\/\" \/>\n<meta property=\"article:published_time\" content=\"2022-12-26T11:45:33+00:00\" \/>\n<meta property=\"article:modified_time\" content=\"2023-09-13T11:37:31+00:00\" \/>\n<meta property=\"og:image\" content=\"https:\/\/cori.institute\/wp-content\/uploads\/2022\/12\/locobuoy-2-4-copia.jpeg\" \/>\n\t<meta property=\"og:image:width\" content=\"576\" \/>\n\t<meta property=\"og:image:height\" content=\"1024\" \/>\n\t<meta property=\"og:image:type\" content=\"image\/jpeg\" \/>\n<meta name=\"author\" content=\"Marina\" \/>\n<meta name=\"twitter:card\" content=\"summary_large_image\" \/>\n<meta name=\"twitter:label1\" content=\"Written by\" \/>\n\t<meta name=\"twitter:data1\" content=\"Marina\" \/>\n\t<meta name=\"twitter:label2\" content=\"Est. reading time\" \/>\n\t<meta name=\"twitter:data2\" content=\"3 minutes\" \/>\n<script type=\"application\/ld+json\" class=\"yoast-schema-graph\">{\"@context\":\"https:\/\/schema.org\",\"@graph\":[{\"@type\":\"WebPage\",\"@id\":\"https:\/\/cori.institute\/index.php\/2022\/12\/26\/loco-bouy-sigue-creciendo\/\",\"url\":\"https:\/\/cori.institute\/index.php\/2022\/12\/26\/loco-bouy-sigue-creciendo\/\",\"name\":\"LoCo Bouy,proyecto de medici\u00f3n y divulgaci\u00f3n oce\u00e1nica - CORI\",\"isPartOf\":{\"@id\":\"https:\/\/cori.institute\/#website\"},\"primaryImageOfPage\":{\"@id\":\"https:\/\/cori.institute\/index.php\/2022\/12\/26\/loco-bouy-sigue-creciendo\/#primaryimage\"},\"image\":{\"@id\":\"https:\/\/cori.institute\/index.php\/2022\/12\/26\/loco-bouy-sigue-creciendo\/#primaryimage\"},\"thumbnailUrl\":\"https:\/\/cori.institute\/wp-content\/uploads\/2022\/12\/locobuoy-2-4-copia.jpeg\",\"datePublished\":\"2022-12-26T11:45:33+00:00\",\"dateModified\":\"2023-09-13T11:37:31+00:00\",\"author\":{\"@id\":\"https:\/\/cori.institute\/#\/schema\/person\/22c0b0090fd99161e4b55d25dc27018a\"},\"description\":\"LoCo Buoy (Low Cost Buoy) es un proyecto de medici\u00f3n y divulgaci\u00f3n oce\u00e1nica realizado con la UPCT y los institutos polit\u00e9cnicos de Cartagena.\",\"breadcrumb\":{\"@id\":\"https:\/\/cori.institute\/index.php\/2022\/12\/26\/loco-bouy-sigue-creciendo\/#breadcrumb\"},\"inLanguage\":\"en-US\",\"potentialAction\":[{\"@type\":\"ReadAction\",\"target\":[\"https:\/\/cori.institute\/index.php\/2022\/12\/26\/loco-bouy-sigue-creciendo\/\"]}]},{\"@type\":\"ImageObject\",\"inLanguage\":\"en-US\",\"@id\":\"https:\/\/cori.institute\/index.php\/2022\/12\/26\/loco-bouy-sigue-creciendo\/#primaryimage\",\"url\":\"https:\/\/cori.institute\/wp-content\/uploads\/2022\/12\/locobuoy-2-4-copia.jpeg\",\"contentUrl\":\"https:\/\/cori.institute\/wp-content\/uploads\/2022\/12\/locobuoy-2-4-copia.jpeg\",\"width\":576,\"height\":1024,\"caption\":\"PROYECTO LOCOBUOY\"},{\"@type\":\"BreadcrumbList\",\"@id\":\"https:\/\/cori.institute\/index.php\/2022\/12\/26\/loco-bouy-sigue-creciendo\/#breadcrumb\",\"itemListElement\":[{\"@type\":\"ListItem\",\"position\":1,\"name\":\"Portada\",\"item\":\"https:\/\/cori.institute\/\"},{\"@type\":\"ListItem\",\"position\":2,\"name\":\"LoCo Bouy, un proyecto de medici\u00f3n y divulgaci\u00f3n oce\u00e1nica, sigue creciendo\"}]},{\"@type\":\"WebSite\",\"@id\":\"https:\/\/cori.institute\/#website\",\"url\":\"https:\/\/cori.institute\/\",\"name\":\"\",\"description\":\"Descubriendo el oc\u00e9ano invisible\",\"potentialAction\":[{\"@type\":\"SearchAction\",\"target\":{\"@type\":\"EntryPoint\",\"urlTemplate\":\"https:\/\/cori.institute\/?s={search_term_string}\"},\"query-input\":\"required name=search_term_string\"}],\"inLanguage\":\"en-US\"},{\"@type\":\"Person\",\"@id\":\"https:\/\/cori.institute\/#\/schema\/person\/22c0b0090fd99161e4b55d25dc27018a\",\"name\":\"Marina\",\"image\":{\"@type\":\"ImageObject\",\"inLanguage\":\"en-US\",\"@id\":\"https:\/\/cori.institute\/#\/schema\/person\/image\/\",\"url\":\"https:\/\/secure.gravatar.com\/avatar\/f6e61f3c0a90145b6c28bae31d494e281804247062f24f8f102470996b6678d9?s=96&d=mm&r=g\",\"contentUrl\":\"https:\/\/secure.gravatar.com\/avatar\/f6e61f3c0a90145b6c28bae31d494e281804247062f24f8f102470996b6678d9?s=96&d=mm&r=g\",\"caption\":\"Marina\"}}]}<\/script>\n<!-- \/ Yoast SEO plugin. -->","yoast_head_json":{"title":"LoCo Bouy,proyecto de medici\u00f3n y divulgaci\u00f3n oce\u00e1nica - CORI","description":"LoCo Buoy (Low Cost Buoy) es un proyecto de medici\u00f3n y divulgaci\u00f3n oce\u00e1nica realizado con la UPCT y los institutos polit\u00e9cnicos de Cartagena.","robots":{"index":"index","follow":"follow","max-snippet":"max-snippet:-1","max-image-preview":"max-image-preview:large","max-video-preview":"max-video-preview:-1"},"canonical":"https:\/\/cori.institute\/index.php\/2022\/12\/26\/loco-bouy-sigue-creciendo\/","og_locale":"en_US","og_type":"article","og_title":"LoCo Bouy,proyecto de medici\u00f3n y divulgaci\u00f3n oce\u00e1nica - CORI","og_description":"LoCo Buoy (Low Cost Buoy) es un proyecto de medici\u00f3n y divulgaci\u00f3n oce\u00e1nica realizado con la UPCT y los institutos polit\u00e9cnicos de Cartagena.","og_url":"https:\/\/cori.institute\/index.php\/2022\/12\/26\/loco-bouy-sigue-creciendo\/","article_published_time":"2022-12-26T11:45:33+00:00","article_modified_time":"2023-09-13T11:37:31+00:00","og_image":[{"width":576,"height":1024,"url":"https:\/\/cori.institute\/wp-content\/uploads\/2022\/12\/locobuoy-2-4-copia.jpeg","type":"image\/jpeg"}],"author":"Marina","twitter_card":"summary_large_image","twitter_misc":{"Written by":"Marina","Est. reading time":"3 minutes"},"schema":{"@context":"https:\/\/schema.org","@graph":[{"@type":"WebPage","@id":"https:\/\/cori.institute\/index.php\/2022\/12\/26\/loco-bouy-sigue-creciendo\/","url":"https:\/\/cori.institute\/index.php\/2022\/12\/26\/loco-bouy-sigue-creciendo\/","name":"LoCo Bouy,proyecto de medici\u00f3n y divulgaci\u00f3n oce\u00e1nica - CORI","isPartOf":{"@id":"https:\/\/cori.institute\/#website"},"primaryImageOfPage":{"@id":"https:\/\/cori.institute\/index.php\/2022\/12\/26\/loco-bouy-sigue-creciendo\/#primaryimage"},"image":{"@id":"https:\/\/cori.institute\/index.php\/2022\/12\/26\/loco-bouy-sigue-creciendo\/#primaryimage"},"thumbnailUrl":"https:\/\/cori.institute\/wp-content\/uploads\/2022\/12\/locobuoy-2-4-copia.jpeg","datePublished":"2022-12-26T11:45:33+00:00","dateModified":"2023-09-13T11:37:31+00:00","author":{"@id":"https:\/\/cori.institute\/#\/schema\/person\/22c0b0090fd99161e4b55d25dc27018a"},"description":"LoCo Buoy (Low Cost Buoy) es un proyecto de medici\u00f3n y divulgaci\u00f3n oce\u00e1nica realizado con la UPCT y los institutos polit\u00e9cnicos de Cartagena.","breadcrumb":{"@id":"https:\/\/cori.institute\/index.php\/2022\/12\/26\/loco-bouy-sigue-creciendo\/#breadcrumb"},"inLanguage":"en-US","potentialAction":[{"@type":"ReadAction","target":["https:\/\/cori.institute\/index.php\/2022\/12\/26\/loco-bouy-sigue-creciendo\/"]}]},{"@type":"ImageObject","inLanguage":"en-US","@id":"https:\/\/cori.institute\/index.php\/2022\/12\/26\/loco-bouy-sigue-creciendo\/#primaryimage","url":"https:\/\/cori.institute\/wp-content\/uploads\/2022\/12\/locobuoy-2-4-copia.jpeg","contentUrl":"https:\/\/cori.institute\/wp-content\/uploads\/2022\/12\/locobuoy-2-4-copia.jpeg","width":576,"height":1024,"caption":"PROYECTO LOCOBUOY"},{"@type":"BreadcrumbList","@id":"https:\/\/cori.institute\/index.php\/2022\/12\/26\/loco-bouy-sigue-creciendo\/#breadcrumb","itemListElement":[{"@type":"ListItem","position":1,"name":"Portada","item":"https:\/\/cori.institute\/"},{"@type":"ListItem","position":2,"name":"LoCo Bouy, un proyecto de medici\u00f3n y divulgaci\u00f3n oce\u00e1nica, sigue creciendo"}]},{"@type":"WebSite","@id":"https:\/\/cori.institute\/#website","url":"https:\/\/cori.institute\/","name":"","description":"Descubriendo el oc\u00e9ano invisible","potentialAction":[{"@type":"SearchAction","target":{"@type":"EntryPoint","urlTemplate":"https:\/\/cori.institute\/?s={search_term_string}"},"query-input":"required name=search_term_string"}],"inLanguage":"en-US"},{"@type":"Person","@id":"https:\/\/cori.institute\/#\/schema\/person\/22c0b0090fd99161e4b55d25dc27018a","name":"Marina","image":{"@type":"ImageObject","inLanguage":"en-US","@id":"https:\/\/cori.institute\/#\/schema\/person\/image\/","url":"https:\/\/secure.gravatar.com\/avatar\/f6e61f3c0a90145b6c28bae31d494e281804247062f24f8f102470996b6678d9?s=96&d=mm&r=g","contentUrl":"https:\/\/secure.gravatar.com\/avatar\/f6e61f3c0a90145b6c28bae31d494e281804247062f24f8f102470996b6678d9?s=96&d=mm&r=g","caption":"Marina"}}]}},"uagb_featured_image_src":{"full":["https:\/\/cori.institute\/wp-content\/uploads\/2022\/12\/locobuoy-2-4-copia.jpeg",576,1024,false],"thumbnail":["https:\/\/cori.institute\/wp-content\/uploads\/2022\/12\/locobuoy-2-4-copia-150x150.jpeg",150,150,true],"medium":["https:\/\/cori.institute\/wp-content\/uploads\/2022\/12\/locobuoy-2-4-copia-169x300.jpeg",169,300,true],"medium_large":["https:\/\/cori.institute\/wp-content\/uploads\/2022\/12\/locobuoy-2-4-copia.jpeg",576,1024,false],"large":["https:\/\/cori.institute\/wp-content\/uploads\/2022\/12\/locobuoy-2-4-copia.jpeg",576,1024,false],"1536x1536":["https:\/\/cori.institute\/wp-content\/uploads\/2022\/12\/locobuoy-2-4-copia.jpeg",576,1024,false],"2048x2048":["https:\/\/cori.institute\/wp-content\/uploads\/2022\/12\/locobuoy-2-4-copia.jpeg",576,1024,false]},"uagb_author_info":{"display_name":"Marina","author_link":"https:\/\/cori.institute\/index.php\/author\/marina\/"},"uagb_comment_info":0,"uagb_excerpt":"LoCo Bouy, un proyecto de medici\u00f3n y divulgaci\u00f3n oce\u00e1nica, sigue creciendo LoCo Buoy es un proyecto de medici\u00f3n y divulgaci\u00f3n oce\u00e1nica. Naci\u00f3 en 2021 con la instalaci\u00f3n de una&nbsp;estaci\u00f3n submarina en las aguas del Puerto de Cartagena&nbsp;compuesta por una boya de bajo coste y una c\u00e1mara incorporada emitiendo en directo. Ahora, el&nbsp;proyecto&nbsp;finciado por&nbsp;FECYT&nbsp;crece e implementa&hellip;","_links":{"self":[{"href":"https:\/\/cori.institute\/index.php\/wp-json\/wp\/v2\/posts\/671","targetHints":{"allow":["GET"]}}],"collection":[{"href":"https:\/\/cori.institute\/index.php\/wp-json\/wp\/v2\/posts"}],"about":[{"href":"https:\/\/cori.institute\/index.php\/wp-json\/wp\/v2\/types\/post"}],"author":[{"embeddable":true,"href":"https:\/\/cori.institute\/index.php\/wp-json\/wp\/v2\/users\/2"}],"replies":[{"embeddable":true,"href":"https:\/\/cori.institute\/index.php\/wp-json\/wp\/v2\/comments?post=671"}],"version-history":[{"count":0,"href":"https:\/\/cori.institute\/index.php\/wp-json\/wp\/v2\/posts\/671\/revisions"}],"wp:featuredmedia":[{"embeddable":true,"href":"https:\/\/cori.institute\/index.php\/wp-json\/wp\/v2\/media\/184"}],"wp:attachment":[{"href":"https:\/\/cori.institute\/index.php\/wp-json\/wp\/v2\/media?parent=671"}],"wp:term":[{"taxonomy":"category","embeddable":true,"href":"https:\/\/cori.institute\/index.php\/wp-json\/wp\/v2\/categories?post=671"},{"taxonomy":"post_tag","embeddable":true,"href":"https:\/\/cori.institute\/index.php\/wp-json\/wp\/v2\/tags?post=671"}],"curies":[{"name":"wp","href":"https:\/\/api.w.org\/{rel}","templated":true}]}}