{"id":674,"date":"2022-12-26T11:50:14","date_gmt":"2022-12-26T11:50:14","guid":{"rendered":"https:\/\/cori.institute\/?p=674"},"modified":"2023-09-13T11:32:59","modified_gmt":"2023-09-13T11:32:59","slug":"dos-institutos-de-la-region-reciben-el-reconocimiento-european-blue-school-gracias-al-impulso-de-cori","status":"publish","type":"post","link":"https:\/\/cori.institute\/index.php\/2022\/12\/26\/dos-institutos-de-la-region-reciben-el-reconocimiento-european-blue-school-gracias-al-impulso-de-cori\/","title":{"rendered":"Dos institutos de la Regi\u00f3n reciben el reconocimiento European Blue School gracias al impulso de CORI"},"content":{"rendered":"\n<div style=\"height:33px\" aria-hidden=\"true\" class=\"wp-block-spacer\"><\/div>\n\n\n\n<h1 class=\"wp-block-heading\">Dos institutos de la Regi\u00f3n reciben el reconocimiento European Blue School gracias al impulso de CORI<\/h1>\n\n\n\n<p>El reconocimiento European Blue School se recibe por iniciativas que vinculan a las insituciones con actividades que despiertan la curiosidad por la protecci\u00f3n de los oc\u00e9anos. <\/p>\n\n\n\n<ul class=\"wp-block-list\">\n<li class=\"ticss-ba29c7c5\"><strong>Estos dos centros participan en el proyecto \u2018<a href=\"https:\/\/cori.institute\/index.php\/etwinning-oceans\/\" target=\"_blank\" rel=\"noreferrer noopener\">Oceans<\/a>\u2019 de eTwinning junto a otras dos instituciones italianas.&nbsp;<\/strong>&nbsp;&nbsp;&nbsp;<\/li>\n\n\n\n<li><strong>El Cartagena Oceanographic Research Institute (CORI) forma parte de la iniciativa EU4Oceans, que ha impulsado el reconocimiento como Blue Schools a las instituciones por su trabajo sobre los oc\u00e9anos.&nbsp;&nbsp;&nbsp;<\/strong>&nbsp;&nbsp;<\/li>\n<\/ul>\n\n\n\n<figure class=\"wp-block-image aligncenter size-full is-resized has-custom-border\"><img decoding=\"async\" src=\"https:\/\/cori.institute\/wp-content\/uploads\/2022\/12\/image-8.png\" alt=\"\" class=\"wp-image-675\" style=\"border-radius:50px;width:500px\" width=\"500\" srcset=\"https:\/\/cori.institute\/wp-content\/uploads\/2022\/12\/image-8.png 886w, https:\/\/cori.institute\/wp-content\/uploads\/2022\/12\/image-8-300x300.png 300w, https:\/\/cori.institute\/wp-content\/uploads\/2022\/12\/image-8-150x150.png 150w, https:\/\/cori.institute\/wp-content\/uploads\/2022\/12\/image-8-768x768.png 768w\" sizes=\"(max-width: 886px) 100vw, 886px\" \/><\/figure>\n\n\n\n<div style=\"height:20px\" aria-hidden=\"true\" class=\"wp-block-spacer\"><\/div>\n\n\n\n<p>CORI y cuatro centros participantes en la plataforma de colaboraci\u00f3n docente europea \u2018<strong><a href=\"http:\/\/etwinning.es\/en\/\" target=\"_blank\" rel=\"noreferrer noopener\">eTwinning<\/a><\/strong>\u2019 han desarrollado el proyecto \u2018OCEANS\u2019, a trav\u00e9s del cual han conseguido la distinci\u00f3n de \u2018<strong>European Blue School<\/strong>\u2019. Las Instituci\u00f3n que lideran este proyecto son el&nbsp;<strong>IES Antonio Men\u00e1rguez Costa de Los&nbsp;Alc\u00e1zares; el IES Felipe II de Mazarr\u00f3n; el ITCG e Liceo Scientifico \u201cLeonardo Da Vinci\u201d de N\u00e1poles y el ICS \u201cE. Vittorini\u201d de Messina, Sicilia<\/strong>.&nbsp;<\/p>\n\n\n\n<p>CORI ha hecho de \u201cpadrino\u201d para estas instituciones que han recibido el reconocimiento European Blue School , seg\u00fan cuenta Isidoro&nbsp;Cayuela, profesor del instituto de Mazarr\u00f3n, ya que la iniciativa&nbsp;<strong>\u2018OCEANS\u2019 trata los aspectos que Blue School pretende promover<\/strong>: \u201ccentros cercanos a la costa que se vuelcan en el estudio de los oc\u00e9anos, promoviendo un uso sostenible del mismo desde el punto de vista medioambiental, a trav\u00e9s de actividades colaborativas\u201d.&nbsp;&nbsp;&nbsp;<\/p>\n\n\n\n<h2 class=\"wp-block-heading\">\u00bfQU\u00c9 ES OCEANS?<\/h2>\n\n\n\n<p>As\u00ed, y gracias al asesoramiento de CORI, naci\u00f3 \u2018OCEANS\u2019. Su desarrollo ha estado basado en la colaboraci\u00f3n simult\u00e1nea de las cuatro instituciones. El objetivo de esta colaboraci\u00f3n es el de contribuir en la concienciaci\u00f3n sobre el&nbsp;<strong>Desarrollo Sostenible n\u00ba 14 de la Uni\u00f3n Europea<\/strong>, seg\u00fan cuenta la profesora del instituto de Los Alc\u00e1zares Elisabet Carmona.&nbsp;&nbsp;&nbsp;&nbsp;<\/p>\n\n\n\n<p>De este modo, \u2018OCEANS\u2019 ha llevado a cabo varias iniciativas. Una de ellas ha sido el<strong>&nbsp;an\u00e1lisis de la red de perfiladores submarina mundial (ARGO)<\/strong>&nbsp;con ayuda de Alberto Rodr\u00edguez, t\u00e9cnico del IOC (Instituto Oceanogr\u00e1fico de Canarias) y Francisco L\u00f3pez (fundador de CORI).&nbsp;&nbsp;&nbsp;&nbsp;<\/p>\n\n\n\n<p class=\"has-link-color wp-elements-feb54dc97ac3fb47d316850f9efbdcad\">A trav\u00e9s de ARGO,&nbsp;<strong>los alumnos tomaron una serie de par\u00e1metros de unas boyas repartidas por el oc\u00e9ano&nbsp;<\/strong>(temperatura, salinidad\u2026). Para ello, y con el fin de que tanto alumnos como profesores conocieran las caracter\u00edsticas de las boyas, Francisco L\u00f3pez se encarg\u00f3 de un explicar y poner en contexto todos los aspectos oceanogr\u00e1ficos m\u00e1s relevantes.&nbsp; A esta actividad se le sumaron otras. Todas ellas con un car\u00e1cter did\u00e1ctico y de concienciaci\u00f3n sobre el medio marino. Un ejemplo es la impartici\u00f3n de&nbsp;<strong>charlas por parte de CORI<\/strong>. En ellas se han tratado temas como la rob\u00f3tica submarina o la que impartir\u00e1 este mes&nbsp;<strong>Pablo Rodr\u00edguez Ros<\/strong>, miembro de CORI, en la que se abordar\u00e1n los principales retos de los oc\u00e9anos y el cambio clim\u00e1tico y c\u00f3mo \u00e9stos nos ayudan a combatirlo. &nbsp;&nbsp;&nbsp;<\/p>\n\n\n\n<h2 class=\"wp-block-heading\">Charla sobre rob\u00f3tica submarina por Francisco L\u00f3pez<\/h2>\n\n\n\n<p>En este programa tambi\u00e9n se dieron otras actividades. Una de ellas es la jornada con los veterinarios del&nbsp;<strong>Centro de Recuperaci\u00f3n de Vida Silvestre el Valle. <\/strong>En ella les contaron a los estudiantes el impacto de los pl\u00e1sticos en los animales marinos. Otra actividad fue una videollamada con&nbsp;<strong>Johanna Rodr\u00edguez<\/strong>, quien transmiti\u00f3 su experiencia con tortugas marinas como voluntaria en Cabo Verde.&nbsp;&nbsp;&nbsp;&nbsp;<\/p>\n\n\n\n<p><strong>#eTwOceans&nbsp;<\/strong>&nbsp;&nbsp;<\/p>\n\n\n\n<div class=\"wp-block-cover alignfull\"><span aria-hidden=\"true\" class=\"wp-block-cover__background has-background-dim-100 has-background-dim\" style=\"background-color:#0e0f26\"><\/span><div class=\"wp-block-cover__inner-container is-layout-constrained wp-block-cover-is-layout-constrained\">\n<h2 class=\"wp-block-heading\">\u00daltimas Noticias<\/h2>\n\n\n\n\t\t\t<div class=\"wp-block-uagb-post-carousel uagb-post-grid  uagb-post__image-position-top uagb-post__image-enabled uagb-block-d60a9147     uagb-post__arrow-outside uagb-slick-carousel uagb-post__items uagb-post__columns-3 is-carousel uagb-post__columns-tablet-2 uagb-post__columns-mobile-1 uagb-post__carousel_equal-height\" data-total=\"5\" style=\"\">\n\n\t\t\t\t\t\t\t\t\t\t\t\t<article class=\"uagb-post__inner-wrap\">\t\t\t\t\t\t\t\t<div class='uagb-post__image'>\n\t\t\t\t\t\t\t\t\t<a href=\"https:\/\/cori.institute\/index.php\/2023\/06\/05\/contaminacion-por-plastico-en-los-oceanos\/\" target=\"_self\" rel=\"bookmark noopener noreferrer\"><img fetchpriority=\"high\" decoding=\"async\" width=\"620\" height=\"349\" src=\"https:\/\/cori.institute\/wp-content\/uploads\/2023\/06\/plastico-playa.jpg\" class=\"attachment-full size-full\" alt=\"plastico en la playa\" srcset=\"https:\/\/cori.institute\/wp-content\/uploads\/2023\/06\/plastico-playa.jpg 620w, https:\/\/cori.institute\/wp-content\/uploads\/2023\/06\/plastico-playa-300x169.jpg 300w\" sizes=\"(max-width: 620px) 100vw, 620px\" \/>\t\t\t\t\t<\/a>\n\t\t\t\t\t\t\t\t\t<\/div>\n\t\t\t\t\t\t<h3 class=\"uagb-post__title uagb-post__text\">\n\t\t\t\t<a href=\"https:\/\/cori.institute\/index.php\/2023\/06\/05\/contaminacion-por-plastico-en-los-oceanos\/\" target=\"_self\" rel=\"bookmark noopener noreferrer\">La contaminaci\u00f3n por pl\u00e1sticos en los oc\u00e9anos<\/a>\n\t\t\t<\/h3>\n\t\t\t\t\t\t<div class='uagb-post__text uagb-post-grid-byline'>\n\t\t\t\t\t\t\t<\/div>\n\t\t\t\t\t\t<div class=\"uagb-post__text uagb-post__cta wp-block-button\">\n\t\t\t\t<a class=\"wp-block-button__link uagb-text-link\" href=\"https:\/\/cori.institute\/index.php\/2023\/06\/05\/contaminacion-por-plastico-en-los-oceanos\/\" target=\"_self\" rel=\"bookmark noopener noreferrer\">Read More<\/a>\n\t\t\t<\/div>\n\t\t\t\t\t\t\t\t\t\t\t\t<\/article>\n\t\t\t\t\t\t\t\t\t\t\t\t\t\t\t\t<article class=\"uagb-post__inner-wrap\">\t\t\t\t\t\t\t\t<div class='uagb-post__image'>\n\t\t\t\t\t\t\t\t\t<a href=\"https:\/\/cori.institute\/index.php\/2023\/04\/13\/tecnologia-y-acuicultura\/\" target=\"_self\" rel=\"bookmark noopener noreferrer\"><img decoding=\"async\" width=\"400\" height=\"354\" src=\"https:\/\/cori.institute\/wp-content\/uploads\/2023\/04\/acuicultura.jpg\" class=\"attachment-full size-full\" alt=\"acuicultura y tecnolog\u00eda\" srcset=\"https:\/\/cori.institute\/wp-content\/uploads\/2023\/04\/acuicultura.jpg 400w, https:\/\/cori.institute\/wp-content\/uploads\/2023\/04\/acuicultura-300x266.jpg 300w\" sizes=\"(max-width: 400px) 100vw, 400px\" \/>\t\t\t\t\t<\/a>\n\t\t\t\t\t\t\t\t\t<\/div>\n\t\t\t\t\t\t<h3 class=\"uagb-post__title uagb-post__text\">\n\t\t\t\t<a href=\"https:\/\/cori.institute\/index.php\/2023\/04\/13\/tecnologia-y-acuicultura\/\" target=\"_self\" rel=\"bookmark noopener noreferrer\">La influencia de la tecnolog\u00eda en la acuicultura<\/a>\n\t\t\t<\/h3>\n\t\t\t\t\t\t<div class='uagb-post__text uagb-post-grid-byline'>\n\t\t\t\t\t\t\t<\/div>\n\t\t\t\t\t\t<div class=\"uagb-post__text uagb-post__cta wp-block-button\">\n\t\t\t\t<a class=\"wp-block-button__link uagb-text-link\" href=\"https:\/\/cori.institute\/index.php\/2023\/04\/13\/tecnologia-y-acuicultura\/\" target=\"_self\" rel=\"bookmark noopener noreferrer\">Read More<\/a>\n\t\t\t<\/div>\n\t\t\t\t\t\t\t\t\t\t\t\t<\/article>\n\t\t\t\t\t\t\t\t\t\t\t\t\t\t\t\t<article class=\"uagb-post__inner-wrap\">\t\t\t\t\t\t\t\t<div class='uagb-post__image'>\n\t\t\t\t\t\t\t\t\t<a href=\"https:\/\/cori.institute\/index.php\/2023\/04\/05\/tratado-de-los-oceanos-icues\/\" target=\"_self\" rel=\"bookmark noopener noreferrer\"><img decoding=\"async\" width=\"1200\" height=\"900\" src=\"https:\/\/cori.institute\/wp-content\/uploads\/2023\/04\/oceano-icues-tratado-de-la-unesco.jpg\" class=\"attachment-full size-full\" alt=\"oceano icues tratado de la unesco\" srcset=\"https:\/\/cori.institute\/wp-content\/uploads\/2023\/04\/oceano-icues-tratado-de-la-unesco.jpg 1200w, https:\/\/cori.institute\/wp-content\/uploads\/2023\/04\/oceano-icues-tratado-de-la-unesco-300x225.jpg 300w, https:\/\/cori.institute\/wp-content\/uploads\/2023\/04\/oceano-icues-tratado-de-la-unesco-1024x768.jpg 1024w, https:\/\/cori.institute\/wp-content\/uploads\/2023\/04\/oceano-icues-tratado-de-la-unesco-768x576.jpg 768w\" sizes=\"(max-width: 1200px) 100vw, 1200px\" \/>\t\t\t\t\t<\/a>\n\t\t\t\t\t\t\t\t\t<\/div>\n\t\t\t\t\t\t<h3 class=\"uagb-post__title uagb-post__text\">\n\t\t\t\t<a href=\"https:\/\/cori.institute\/index.php\/2023\/04\/05\/tratado-de-los-oceanos-icues\/\" target=\"_self\" rel=\"bookmark noopener noreferrer\">El Tratado de los Oceanos, con Sara Garc\u00eda en ICUES<\/a>\n\t\t\t<\/h3>\n\t\t\t\t\t\t<div class='uagb-post__text uagb-post-grid-byline'>\n\t\t\t\t\t\t\t<\/div>\n\t\t\t\t\t\t<div class=\"uagb-post__text uagb-post__cta wp-block-button\">\n\t\t\t\t<a class=\"wp-block-button__link uagb-text-link\" href=\"https:\/\/cori.institute\/index.php\/2023\/04\/05\/tratado-de-los-oceanos-icues\/\" target=\"_self\" rel=\"bookmark noopener noreferrer\">Read More<\/a>\n\t\t\t<\/div>\n\t\t\t\t\t\t\t\t\t\t\t\t<\/article>\n\t\t\t\t\t\t\t\t\t\t\t\t\t\t\t\t<article class=\"uagb-post__inner-wrap\">\t\t\t\t\t\t\t\t<div class='uagb-post__image'>\n\t\t\t\t\t\t\t\t\t<a href=\"https:\/\/cori.institute\/index.php\/2023\/03\/30\/la-espana-azul-y-ies-mediterraneo\/\" target=\"_self\" rel=\"bookmark noopener noreferrer\"><img loading=\"lazy\" decoding=\"async\" width=\"1280\" height=\"720\" src=\"https:\/\/cori.institute\/wp-content\/uploads\/2023\/03\/photo168000017.jpeg\" class=\"attachment-full size-full\" alt=\"la espa\u00f1a azul, con nacho dean, y los alumnos del ies mediterraneo\" srcset=\"https:\/\/cori.institute\/wp-content\/uploads\/2023\/03\/photo168000017.jpeg 1280w, https:\/\/cori.institute\/wp-content\/uploads\/2023\/03\/photo168000017-300x169.jpeg 300w, https:\/\/cori.institute\/wp-content\/uploads\/2023\/03\/photo168000017-1024x576.jpeg 1024w, https:\/\/cori.institute\/wp-content\/uploads\/2023\/03\/photo168000017-768x432.jpeg 768w\" sizes=\"(max-width: 1280px) 100vw, 1280px\" \/>\t\t\t\t\t<\/a>\n\t\t\t\t\t\t\t\t\t<\/div>\n\t\t\t\t\t\t<h3 class=\"uagb-post__title uagb-post__text\">\n\t\t\t\t<a href=\"https:\/\/cori.institute\/index.php\/2023\/03\/30\/la-espana-azul-y-ies-mediterraneo\/\" target=\"_self\" rel=\"bookmark noopener noreferrer\">La Espa\u00f1a Azul, con Nacho Dean y el IES Mediterr\u00e1neo<\/a>\n\t\t\t<\/h3>\n\t\t\t\t\t\t<div class='uagb-post__text uagb-post-grid-byline'>\n\t\t\t\t\t\t\t<\/div>\n\t\t\t\t\t\t<div class=\"uagb-post__text uagb-post__cta wp-block-button\">\n\t\t\t\t<a class=\"wp-block-button__link uagb-text-link\" href=\"https:\/\/cori.institute\/index.php\/2023\/03\/30\/la-espana-azul-y-ies-mediterraneo\/\" target=\"_self\" rel=\"bookmark noopener noreferrer\">Read More<\/a>\n\t\t\t<\/div>\n\t\t\t\t\t\t\t\t\t\t\t\t<\/article>\n\t\t\t\t\t\t\t\t\t\t\t<\/div>\n\t\t\t<\/div><\/div>\n","protected":false},"excerpt":{"rendered":"<p>Dos institutos de la Regi\u00f3n reciben el reconocimiento European Blue School gracias al impulso de CORI El reconocimiento European Blue School se recibe por iniciativas que vinculan a las insituciones con actividades que despiertan la curiosidad por la protecci\u00f3n de los oc\u00e9anos. CORI y cuatro centros participantes en la plataforma de colaboraci\u00f3n docente europea \u2018eTwinning\u2019 [&hellip;]<\/p>\n","protected":false},"author":2,"featured_media":137,"comment_status":"closed","ping_status":"open","sticky":false,"template":"","format":"standard","meta":{"_uag_custom_page_level_css":"","site-sidebar-layout":"default","site-content-layout":"","ast-site-content-layout":"default","site-content-style":"default","site-sidebar-style":"default","ast-global-header-display":"","ast-banner-title-visibility":"","ast-main-header-display":"","ast-hfb-above-header-display":"","ast-hfb-below-header-display":"","ast-hfb-mobile-header-display":"","site-post-title":"disabled","ast-breadcrumbs-content":"","ast-featured-img":"disabled","footer-sml-layout":"","theme-transparent-header-meta":"","adv-header-id-meta":"","stick-header-meta":"","header-above-stick-meta":"","header-main-stick-meta":"","header-below-stick-meta":"","astra-migrate-meta-layouts":"set","ast-page-background-enabled":"default","ast-page-background-meta":{"desktop":{"background-color":"var(--ast-global-color-4)","background-image":"","background-repeat":"repeat","background-position":"center center","background-size":"auto","background-attachment":"scroll","background-type":"","background-media":"","overlay-type":"","overlay-color":"","overlay-gradient":""},"tablet":{"background-color":"","background-image":"","background-repeat":"repeat","background-position":"center center","background-size":"auto","background-attachment":"scroll","background-type":"","background-media":"","overlay-type":"","overlay-color":"","overlay-gradient":""},"mobile":{"background-color":"","background-image":"","background-repeat":"repeat","background-position":"center center","background-size":"auto","background-attachment":"scroll","background-type":"","background-media":"","overlay-type":"","overlay-color":"","overlay-gradient":""}},"ast-content-background-meta":{"desktop":{"background-color":"var(--ast-global-color-5)","background-image":"","background-repeat":"repeat","background-position":"center center","background-size":"auto","background-attachment":"scroll","background-type":"","background-media":"","overlay-type":"","overlay-color":"","overlay-gradient":""},"tablet":{"background-color":"var(--ast-global-color-5)","background-image":"","background-repeat":"repeat","background-position":"center center","background-size":"auto","background-attachment":"scroll","background-type":"","background-media":"","overlay-type":"","overlay-color":"","overlay-gradient":""},"mobile":{"background-color":"var(--ast-global-color-5)","background-image":"","background-repeat":"repeat","background-position":"center center","background-size":"auto","background-attachment":"scroll","background-type":"","background-media":"","overlay-type":"","overlay-color":"","overlay-gradient":""}},"_themeisle_gutenberg_block_has_review":false,"footnotes":""},"categories":[10],"tags":[],"class_list":["post-674","post","type-post","status-publish","format-standard","has-post-thumbnail","hentry","category-noticias"],"yoast_head":"<!-- This site is optimized with the Yoast SEO plugin v22.3 - https:\/\/yoast.com\/wordpress\/plugins\/seo\/ -->\n<title>2 Institutos de la Regi\u00f3n Reciben el European Blue School<\/title>\n<meta name=\"description\" content=\"Dos institutos de la REGI\u00d3N DE MURCIA con los que CORI ha participado han recibido el reconocimiento European Blue School.\" \/>\n<meta name=\"robots\" content=\"index, follow, max-snippet:-1, max-image-preview:large, max-video-preview:-1\" \/>\n<link rel=\"canonical\" href=\"https:\/\/cori.institute\/index.php\/2022\/12\/26\/dos-institutos-de-la-region-reciben-el-reconocimiento-european-blue-school-gracias-al-impulso-de-cori\/\" \/>\n<meta property=\"og:locale\" content=\"en_US\" \/>\n<meta property=\"og:type\" content=\"article\" \/>\n<meta property=\"og:title\" content=\"2 Institutos de la Regi\u00f3n Reciben el European Blue School\" \/>\n<meta property=\"og:description\" content=\"Dos institutos de la REGI\u00d3N DE MURCIA con los que CORI ha participado han recibido el reconocimiento European Blue School.\" \/>\n<meta property=\"og:url\" content=\"https:\/\/cori.institute\/index.php\/2022\/12\/26\/dos-institutos-de-la-region-reciben-el-reconocimiento-european-blue-school-gracias-al-impulso-de-cori\/\" \/>\n<meta property=\"article:published_time\" content=\"2022-12-26T11:50:14+00:00\" \/>\n<meta property=\"article:modified_time\" content=\"2023-09-13T11:32:59+00:00\" \/>\n<meta property=\"og:image\" content=\"https:\/\/cori.institute\/wp-content\/uploads\/2022\/12\/cori-etwining-1-1024x1024-1.jpg\" \/>\n\t<meta property=\"og:image:width\" content=\"1024\" \/>\n\t<meta property=\"og:image:height\" content=\"1024\" \/>\n\t<meta property=\"og:image:type\" content=\"image\/jpeg\" \/>\n<meta name=\"author\" content=\"Marina\" \/>\n<meta name=\"twitter:card\" content=\"summary_large_image\" \/>\n<meta name=\"twitter:label1\" content=\"Written by\" \/>\n\t<meta name=\"twitter:data1\" content=\"Marina\" \/>\n\t<meta name=\"twitter:label2\" content=\"Est. reading time\" \/>\n\t<meta name=\"twitter:data2\" content=\"3 minutes\" \/>\n<script type=\"application\/ld+json\" class=\"yoast-schema-graph\">{\"@context\":\"https:\/\/schema.org\",\"@graph\":[{\"@type\":\"WebPage\",\"@id\":\"https:\/\/cori.institute\/index.php\/2022\/12\/26\/dos-institutos-de-la-region-reciben-el-reconocimiento-european-blue-school-gracias-al-impulso-de-cori\/\",\"url\":\"https:\/\/cori.institute\/index.php\/2022\/12\/26\/dos-institutos-de-la-region-reciben-el-reconocimiento-european-blue-school-gracias-al-impulso-de-cori\/\",\"name\":\"2 Institutos de la Regi\u00f3n Reciben el European Blue School\",\"isPartOf\":{\"@id\":\"https:\/\/cori.institute\/#website\"},\"primaryImageOfPage\":{\"@id\":\"https:\/\/cori.institute\/index.php\/2022\/12\/26\/dos-institutos-de-la-region-reciben-el-reconocimiento-european-blue-school-gracias-al-impulso-de-cori\/#primaryimage\"},\"image\":{\"@id\":\"https:\/\/cori.institute\/index.php\/2022\/12\/26\/dos-institutos-de-la-region-reciben-el-reconocimiento-european-blue-school-gracias-al-impulso-de-cori\/#primaryimage\"},\"thumbnailUrl\":\"https:\/\/cori.institute\/wp-content\/uploads\/2022\/12\/cori-etwining-1-1024x1024-1.jpg\",\"datePublished\":\"2022-12-26T11:50:14+00:00\",\"dateModified\":\"2023-09-13T11:32:59+00:00\",\"author\":{\"@id\":\"https:\/\/cori.institute\/#\/schema\/person\/22c0b0090fd99161e4b55d25dc27018a\"},\"description\":\"Dos institutos de la REGI\u00d3N DE MURCIA con los que CORI ha participado han recibido el reconocimiento European Blue School.\",\"breadcrumb\":{\"@id\":\"https:\/\/cori.institute\/index.php\/2022\/12\/26\/dos-institutos-de-la-region-reciben-el-reconocimiento-european-blue-school-gracias-al-impulso-de-cori\/#breadcrumb\"},\"inLanguage\":\"en-US\",\"potentialAction\":[{\"@type\":\"ReadAction\",\"target\":[\"https:\/\/cori.institute\/index.php\/2022\/12\/26\/dos-institutos-de-la-region-reciben-el-reconocimiento-european-blue-school-gracias-al-impulso-de-cori\/\"]}]},{\"@type\":\"ImageObject\",\"inLanguage\":\"en-US\",\"@id\":\"https:\/\/cori.institute\/index.php\/2022\/12\/26\/dos-institutos-de-la-region-reciben-el-reconocimiento-european-blue-school-gracias-al-impulso-de-cori\/#primaryimage\",\"url\":\"https:\/\/cori.institute\/wp-content\/uploads\/2022\/12\/cori-etwining-1-1024x1024-1.jpg\",\"contentUrl\":\"https:\/\/cori.institute\/wp-content\/uploads\/2022\/12\/cori-etwining-1-1024x1024-1.jpg\",\"width\":1024,\"height\":1024,\"caption\":\"evento de divulgaci\u00f3n etwinning\"},{\"@type\":\"BreadcrumbList\",\"@id\":\"https:\/\/cori.institute\/index.php\/2022\/12\/26\/dos-institutos-de-la-region-reciben-el-reconocimiento-european-blue-school-gracias-al-impulso-de-cori\/#breadcrumb\",\"itemListElement\":[{\"@type\":\"ListItem\",\"position\":1,\"name\":\"Portada\",\"item\":\"https:\/\/cori.institute\/\"},{\"@type\":\"ListItem\",\"position\":2,\"name\":\"Dos institutos de la Regi\u00f3n reciben el reconocimiento European Blue School gracias al impulso de CORI\"}]},{\"@type\":\"WebSite\",\"@id\":\"https:\/\/cori.institute\/#website\",\"url\":\"https:\/\/cori.institute\/\",\"name\":\"\",\"description\":\"Descubriendo el oc\u00e9ano invisible\",\"potentialAction\":[{\"@type\":\"SearchAction\",\"target\":{\"@type\":\"EntryPoint\",\"urlTemplate\":\"https:\/\/cori.institute\/?s={search_term_string}\"},\"query-input\":\"required name=search_term_string\"}],\"inLanguage\":\"en-US\"},{\"@type\":\"Person\",\"@id\":\"https:\/\/cori.institute\/#\/schema\/person\/22c0b0090fd99161e4b55d25dc27018a\",\"name\":\"Marina\",\"image\":{\"@type\":\"ImageObject\",\"inLanguage\":\"en-US\",\"@id\":\"https:\/\/cori.institute\/#\/schema\/person\/image\/\",\"url\":\"https:\/\/secure.gravatar.com\/avatar\/f6e61f3c0a90145b6c28bae31d494e281804247062f24f8f102470996b6678d9?s=96&d=mm&r=g\",\"contentUrl\":\"https:\/\/secure.gravatar.com\/avatar\/f6e61f3c0a90145b6c28bae31d494e281804247062f24f8f102470996b6678d9?s=96&d=mm&r=g\",\"caption\":\"Marina\"}}]}<\/script>\n<!-- \/ Yoast SEO plugin. -->","yoast_head_json":{"title":"2 Institutos de la Regi\u00f3n Reciben el European Blue School","description":"Dos institutos de la REGI\u00d3N DE MURCIA con los que CORI ha participado han recibido el reconocimiento European Blue School.","robots":{"index":"index","follow":"follow","max-snippet":"max-snippet:-1","max-image-preview":"max-image-preview:large","max-video-preview":"max-video-preview:-1"},"canonical":"https:\/\/cori.institute\/index.php\/2022\/12\/26\/dos-institutos-de-la-region-reciben-el-reconocimiento-european-blue-school-gracias-al-impulso-de-cori\/","og_locale":"en_US","og_type":"article","og_title":"2 Institutos de la Regi\u00f3n Reciben el European Blue School","og_description":"Dos institutos de la REGI\u00d3N DE MURCIA con los que CORI ha participado han recibido el reconocimiento European Blue School.","og_url":"https:\/\/cori.institute\/index.php\/2022\/12\/26\/dos-institutos-de-la-region-reciben-el-reconocimiento-european-blue-school-gracias-al-impulso-de-cori\/","article_published_time":"2022-12-26T11:50:14+00:00","article_modified_time":"2023-09-13T11:32:59+00:00","og_image":[{"width":1024,"height":1024,"url":"https:\/\/cori.institute\/wp-content\/uploads\/2022\/12\/cori-etwining-1-1024x1024-1.jpg","type":"image\/jpeg"}],"author":"Marina","twitter_card":"summary_large_image","twitter_misc":{"Written by":"Marina","Est. reading time":"3 minutes"},"schema":{"@context":"https:\/\/schema.org","@graph":[{"@type":"WebPage","@id":"https:\/\/cori.institute\/index.php\/2022\/12\/26\/dos-institutos-de-la-region-reciben-el-reconocimiento-european-blue-school-gracias-al-impulso-de-cori\/","url":"https:\/\/cori.institute\/index.php\/2022\/12\/26\/dos-institutos-de-la-region-reciben-el-reconocimiento-european-blue-school-gracias-al-impulso-de-cori\/","name":"2 Institutos de la Regi\u00f3n Reciben el European Blue School","isPartOf":{"@id":"https:\/\/cori.institute\/#website"},"primaryImageOfPage":{"@id":"https:\/\/cori.institute\/index.php\/2022\/12\/26\/dos-institutos-de-la-region-reciben-el-reconocimiento-european-blue-school-gracias-al-impulso-de-cori\/#primaryimage"},"image":{"@id":"https:\/\/cori.institute\/index.php\/2022\/12\/26\/dos-institutos-de-la-region-reciben-el-reconocimiento-european-blue-school-gracias-al-impulso-de-cori\/#primaryimage"},"thumbnailUrl":"https:\/\/cori.institute\/wp-content\/uploads\/2022\/12\/cori-etwining-1-1024x1024-1.jpg","datePublished":"2022-12-26T11:50:14+00:00","dateModified":"2023-09-13T11:32:59+00:00","author":{"@id":"https:\/\/cori.institute\/#\/schema\/person\/22c0b0090fd99161e4b55d25dc27018a"},"description":"Dos institutos de la REGI\u00d3N DE MURCIA con los que CORI ha participado han recibido el reconocimiento European Blue School.","breadcrumb":{"@id":"https:\/\/cori.institute\/index.php\/2022\/12\/26\/dos-institutos-de-la-region-reciben-el-reconocimiento-european-blue-school-gracias-al-impulso-de-cori\/#breadcrumb"},"inLanguage":"en-US","potentialAction":[{"@type":"ReadAction","target":["https:\/\/cori.institute\/index.php\/2022\/12\/26\/dos-institutos-de-la-region-reciben-el-reconocimiento-european-blue-school-gracias-al-impulso-de-cori\/"]}]},{"@type":"ImageObject","inLanguage":"en-US","@id":"https:\/\/cori.institute\/index.php\/2022\/12\/26\/dos-institutos-de-la-region-reciben-el-reconocimiento-european-blue-school-gracias-al-impulso-de-cori\/#primaryimage","url":"https:\/\/cori.institute\/wp-content\/uploads\/2022\/12\/cori-etwining-1-1024x1024-1.jpg","contentUrl":"https:\/\/cori.institute\/wp-content\/uploads\/2022\/12\/cori-etwining-1-1024x1024-1.jpg","width":1024,"height":1024,"caption":"evento de divulgaci\u00f3n etwinning"},{"@type":"BreadcrumbList","@id":"https:\/\/cori.institute\/index.php\/2022\/12\/26\/dos-institutos-de-la-region-reciben-el-reconocimiento-european-blue-school-gracias-al-impulso-de-cori\/#breadcrumb","itemListElement":[{"@type":"ListItem","position":1,"name":"Portada","item":"https:\/\/cori.institute\/"},{"@type":"ListItem","position":2,"name":"Dos institutos de la Regi\u00f3n reciben el reconocimiento European Blue School gracias al impulso de CORI"}]},{"@type":"WebSite","@id":"https:\/\/cori.institute\/#website","url":"https:\/\/cori.institute\/","name":"","description":"Descubriendo el oc\u00e9ano invisible","potentialAction":[{"@type":"SearchAction","target":{"@type":"EntryPoint","urlTemplate":"https:\/\/cori.institute\/?s={search_term_string}"},"query-input":"required name=search_term_string"}],"inLanguage":"en-US"},{"@type":"Person","@id":"https:\/\/cori.institute\/#\/schema\/person\/22c0b0090fd99161e4b55d25dc27018a","name":"Marina","image":{"@type":"ImageObject","inLanguage":"en-US","@id":"https:\/\/cori.institute\/#\/schema\/person\/image\/","url":"https:\/\/secure.gravatar.com\/avatar\/f6e61f3c0a90145b6c28bae31d494e281804247062f24f8f102470996b6678d9?s=96&d=mm&r=g","contentUrl":"https:\/\/secure.gravatar.com\/avatar\/f6e61f3c0a90145b6c28bae31d494e281804247062f24f8f102470996b6678d9?s=96&d=mm&r=g","caption":"Marina"}}]}},"uagb_featured_image_src":{"full":["https:\/\/cori.institute\/wp-content\/uploads\/2022\/12\/cori-etwining-1-1024x1024-1.jpg",1024,1024,false],"thumbnail":["https:\/\/cori.institute\/wp-content\/uploads\/2022\/12\/cori-etwining-1-1024x1024-1-150x150.jpg",150,150,true],"medium":["https:\/\/cori.institute\/wp-content\/uploads\/2022\/12\/cori-etwining-1-1024x1024-1-300x300.jpg",300,300,true],"medium_large":["https:\/\/cori.institute\/wp-content\/uploads\/2022\/12\/cori-etwining-1-1024x1024-1-768x768.jpg",768,768,true],"large":["https:\/\/cori.institute\/wp-content\/uploads\/2022\/12\/cori-etwining-1-1024x1024-1-1024x1024.jpg",1024,1024,true],"1536x1536":["https:\/\/cori.institute\/wp-content\/uploads\/2022\/12\/cori-etwining-1-1024x1024-1.jpg",1024,1024,false],"2048x2048":["https:\/\/cori.institute\/wp-content\/uploads\/2022\/12\/cori-etwining-1-1024x1024-1.jpg",1024,1024,false]},"uagb_author_info":{"display_name":"Marina","author_link":"https:\/\/cori.institute\/index.php\/author\/marina\/"},"uagb_comment_info":0,"uagb_excerpt":"Dos institutos de la Regi\u00f3n reciben el reconocimiento European Blue School gracias al impulso de CORI El reconocimiento European Blue School se recibe por iniciativas que vinculan a las insituciones con actividades que despiertan la curiosidad por la protecci\u00f3n de los oc\u00e9anos. CORI y cuatro centros participantes en la plataforma de colaboraci\u00f3n docente europea \u2018eTwinning\u2019&hellip;","_links":{"self":[{"href":"https:\/\/cori.institute\/index.php\/wp-json\/wp\/v2\/posts\/674","targetHints":{"allow":["GET"]}}],"collection":[{"href":"https:\/\/cori.institute\/index.php\/wp-json\/wp\/v2\/posts"}],"about":[{"href":"https:\/\/cori.institute\/index.php\/wp-json\/wp\/v2\/types\/post"}],"author":[{"embeddable":true,"href":"https:\/\/cori.institute\/index.php\/wp-json\/wp\/v2\/users\/2"}],"replies":[{"embeddable":true,"href":"https:\/\/cori.institute\/index.php\/wp-json\/wp\/v2\/comments?post=674"}],"version-history":[{"count":0,"href":"https:\/\/cori.institute\/index.php\/wp-json\/wp\/v2\/posts\/674\/revisions"}],"wp:featuredmedia":[{"embeddable":true,"href":"https:\/\/cori.institute\/index.php\/wp-json\/wp\/v2\/media\/137"}],"wp:attachment":[{"href":"https:\/\/cori.institute\/index.php\/wp-json\/wp\/v2\/media?parent=674"}],"wp:term":[{"taxonomy":"category","embeddable":true,"href":"https:\/\/cori.institute\/index.php\/wp-json\/wp\/v2\/categories?post=674"},{"taxonomy":"post_tag","embeddable":true,"href":"https:\/\/cori.institute\/index.php\/wp-json\/wp\/v2\/tags?post=674"}],"curies":[{"name":"wp","href":"https:\/\/api.w.org\/{rel}","templated":true}]}}