{"id":677,"date":"2022-12-26T11:53:04","date_gmt":"2022-12-26T11:53:04","guid":{"rendered":"https:\/\/cori.institute\/?p=677"},"modified":"2023-09-13T11:30:41","modified_gmt":"2023-09-13T11:30:41","slug":"cori-participa-en-un-evento-para-tratar-los-retos-de-los-oceanos-por-el-cambio-climatico","status":"publish","type":"post","link":"https:\/\/cori.institute\/index.php\/2022\/12\/26\/cori-participa-en-un-evento-para-tratar-los-retos-de-los-oceanos-por-el-cambio-climatico\/","title":{"rendered":"CORI participa en una iniciativa para tratar los retos y riesgos de los oc\u00e9anos por el cambio clim\u00e1tico"},"content":{"rendered":"\n<div style=\"height:33px\" aria-hidden=\"true\" class=\"wp-block-spacer\"><\/div>\n\n\n\n<h1 class=\"wp-block-heading\">CORI participa en una iniciativa para tratar los retos y riesgos de los oc\u00e9anos por el cambio clim\u00e1tico<\/h1>\n\n\n\n<p class=\"has-link-color wp-elements-3b270ad90f7ed113e2d964ac9efb7d97\">La \u00faltima actividad en la que CORI ha participado en el proyecto\u00a0<a href=\"https:\/\/cori.institute\/index.php\/etwinning-oceans\/\" target=\"_blank\" rel=\"noreferrer noopener\">OCEANS de eTwinning<\/a>\u00a0ha sido una conferencia para tratar\u00a0<strong>los retos y riesgos de los oc\u00e9anos<\/strong> por <strong>el <a href=\"https:\/\/www.un.org\/es\/climatechange\/what-is-climate-change\" target=\"_blank\" rel=\"noreferrer noopener\">cambio clim\u00e1tico<\/a><\/strong>\u00a0y el impacto que nuestras acciones tienen en ellos.<\/p>\n\n\n\n<figure class=\"wp-block-image aligncenter size-full is-resized has-custom-border\"><img decoding=\"async\" src=\"https:\/\/cori.institute\/wp-content\/uploads\/2022\/12\/image-11.png\" alt=\"subida de la temperatura del mar a causa de la contaminaci\u00f3n\" class=\"wp-image-680\" style=\"border-radius:50px;width:600px\" width=\"600\" srcset=\"https:\/\/cori.institute\/wp-content\/uploads\/2022\/12\/image-11.png 886w, https:\/\/cori.institute\/wp-content\/uploads\/2022\/12\/image-11-300x225.png 300w, https:\/\/cori.institute\/wp-content\/uploads\/2022\/12\/image-11-768x576.png 768w\" sizes=\"(max-width: 886px) 100vw, 886px\" \/><\/figure>\n\n\n\n<div style=\"height:20px\" aria-hidden=\"true\" class=\"wp-block-spacer\"><\/div>\n\n\n\n<p class=\"has-link-color wp-elements-16a1b960e124d289a994dfd3401a7480\">El encargado de impartir esta conferencia fue\u00a0<a href=\"https:\/\/cori.institute\/index.php\/team\/colaboradores\/\" target=\"_blank\" rel=\"noreferrer noopener\"><strong>Pablo Rodr\u00edguez<\/strong><\/a>,\u00a0<strong>ambient\u00f3logo y doctor en ciencias del Mar y vicepresidente de CORI<\/strong>. Su labor cient\u00edfica en pa\u00edses como Estados Unidos, Suiza, Canad\u00e1 o Reino Unido y su participaci\u00f3n en un gran n\u00famero de proyectos oce\u00e1nicos le otorgan una experiencia de la que los alumnos de los institutos\u00a0<strong>I<em>ES Antonio Men\u00e1nguez Costa de Los Alc\u00e1zares<\/em>e<em>\u00a0IES Felipe II de Mazarr\u00f3n<\/em><\/strong> han tenido la oportunidad de aprender en esta conferencia.<\/p>\n\n\n\n<p>En concreto, \u00ab<strong><em>To limit (to 1.5 \u00baC), or not to limit, that is the question<\/em><\/strong>\u00bb ha estado enfocada en\u00a0<strong>el papel que cumplen los oc\u00e9anos en el cambio clim\u00e1tico\u00a0<\/strong>y c\u00f3mo nos ayudan a combatirlo, haciendo especial hincapi\u00e9 en la importancia de\u00a0<strong>limitar el aumento de la temperatura a 1,5\u00baC en 2100<\/strong>\u00a0para el oc\u00e9ano.<\/p>\n\n\n\n<figure class=\"wp-block-image aligncenter size-full is-resized has-custom-border\"><img decoding=\"async\" src=\"https:\/\/cori.institute\/wp-content\/uploads\/2022\/12\/image-10.png\" alt=\"subida de la temperatura del mar a causa de la contaminaci\u00f3n\" class=\"wp-image-679\" style=\"border-radius:50px;width:500px\" width=\"500\" srcset=\"https:\/\/cori.institute\/wp-content\/uploads\/2022\/12\/image-10.png 886w, https:\/\/cori.institute\/wp-content\/uploads\/2022\/12\/image-10-300x224.png 300w, https:\/\/cori.institute\/wp-content\/uploads\/2022\/12\/image-10-768x575.png 768w\" sizes=\"(max-width: 886px) 100vw, 886px\" \/><\/figure>\n\n\n\n<div style=\"height:20px\" aria-hidden=\"true\" class=\"wp-block-spacer\"><\/div>\n\n\n\n<p>Esta iniciativa para abordar los retos y riesgos de los oc\u00e9anos por el cambio clim\u00e1tico sigue una de las l\u00edneas que CORI tiene como misi\u00f3n: concienciar a la sociedad de la importancia de cuidar los mares y oc\u00e9anos. Misi\u00f3n que comparte con el proyecto Oceans de eTwinning.<\/p>\n\n\n\n<p>Por ello, la&nbsp;<strong>p\u00e9rdida de hasta el 90% de los corales marinos de aguas c\u00e1lidas<\/strong>; la&nbsp;<strong>disminuci\u00f3n de la cantidad del hielo superficial<\/strong>&nbsp;de nuestro planeta; el&nbsp;<strong>aumento del nivel del mar;<\/strong>&nbsp;o los&nbsp;<strong>efectos locales que tienen los fen\u00f3menos globales<\/strong>&nbsp;han sido algunos de los temas que Pablo Rodr\u00edguez ha tratado en esta conferencia.<\/p>\n\n\n\n<figure class=\"wp-block-image aligncenter size-full is-resized has-custom-border\"><img decoding=\"async\" src=\"https:\/\/cori.institute\/wp-content\/uploads\/2022\/12\/image-9.png\" alt=\"subida de la temperatura del mar a causa de la contaminaci\u00f3n\" class=\"wp-image-678\" style=\"border-radius:50px;width:800px\" width=\"800\" srcset=\"https:\/\/cori.institute\/wp-content\/uploads\/2022\/12\/image-9.png 886w, https:\/\/cori.institute\/wp-content\/uploads\/2022\/12\/image-9-300x149.png 300w, https:\/\/cori.institute\/wp-content\/uploads\/2022\/12\/image-9-768x381.png 768w\" sizes=\"(max-width: 886px) 100vw, 886px\" \/><\/figure>\n\n\n\n<div style=\"height:20px\" aria-hidden=\"true\" class=\"wp-block-spacer\"><\/div>\n\n\n\n<div class=\"wp-block-cover alignfull\"><span aria-hidden=\"true\" class=\"wp-block-cover__background has-background-dim-100 has-background-dim\" style=\"background-color:#0e0f26\"><\/span><div class=\"wp-block-cover__inner-container is-layout-constrained wp-block-cover-is-layout-constrained\">\n<h2 class=\"wp-block-heading\">\u00daltimas Noticias<\/h2>\n\n\n\n\t\t\t<div class=\"wp-block-uagb-post-carousel uagb-post-grid  uagb-post__image-position-top uagb-post__image-enabled uagb-block-d60a9147     uagb-post__arrow-outside uagb-slick-carousel uagb-post__items uagb-post__columns-3 is-carousel uagb-post__columns-tablet-2 uagb-post__columns-mobile-1 uagb-post__carousel_equal-height\" data-total=\"5\" style=\"\">\n\n\t\t\t\t\t\t\t\t\t\t\t\t<article class=\"uagb-post__inner-wrap\">\t\t\t\t\t\t\t\t<div class='uagb-post__image'>\n\t\t\t\t\t\t\t\t\t<a href=\"https:\/\/cori.institute\/index.php\/2023\/06\/05\/contaminacion-por-plastico-en-los-oceanos\/\" target=\"_self\" rel=\"bookmark noopener noreferrer\"><img fetchpriority=\"high\" decoding=\"async\" width=\"620\" height=\"349\" src=\"https:\/\/cori.institute\/wp-content\/uploads\/2023\/06\/plastico-playa.jpg\" class=\"attachment-full size-full\" alt=\"plastico en la playa\" srcset=\"https:\/\/cori.institute\/wp-content\/uploads\/2023\/06\/plastico-playa.jpg 620w, https:\/\/cori.institute\/wp-content\/uploads\/2023\/06\/plastico-playa-300x169.jpg 300w\" sizes=\"(max-width: 620px) 100vw, 620px\" \/>\t\t\t\t\t<\/a>\n\t\t\t\t\t\t\t\t\t<\/div>\n\t\t\t\t\t\t<h3 class=\"uagb-post__title uagb-post__text\">\n\t\t\t\t<a href=\"https:\/\/cori.institute\/index.php\/2023\/06\/05\/contaminacion-por-plastico-en-los-oceanos\/\" target=\"_self\" rel=\"bookmark noopener noreferrer\">La contaminaci\u00f3n por pl\u00e1sticos en los oc\u00e9anos<\/a>\n\t\t\t<\/h3>\n\t\t\t\t\t\t<div class='uagb-post__text uagb-post-grid-byline'>\n\t\t\t\t\t\t\t<\/div>\n\t\t\t\t\t\t<div class=\"uagb-post__text uagb-post__cta wp-block-button\">\n\t\t\t\t<a class=\"wp-block-button__link uagb-text-link\" href=\"https:\/\/cori.institute\/index.php\/2023\/06\/05\/contaminacion-por-plastico-en-los-oceanos\/\" target=\"_self\" rel=\"bookmark noopener noreferrer\">Read More<\/a>\n\t\t\t<\/div>\n\t\t\t\t\t\t\t\t\t\t\t\t<\/article>\n\t\t\t\t\t\t\t\t\t\t\t\t\t\t\t\t<article class=\"uagb-post__inner-wrap\">\t\t\t\t\t\t\t\t<div class='uagb-post__image'>\n\t\t\t\t\t\t\t\t\t<a href=\"https:\/\/cori.institute\/index.php\/2023\/04\/13\/tecnologia-y-acuicultura\/\" target=\"_self\" rel=\"bookmark noopener noreferrer\"><img decoding=\"async\" width=\"400\" height=\"354\" src=\"https:\/\/cori.institute\/wp-content\/uploads\/2023\/04\/acuicultura.jpg\" class=\"attachment-full size-full\" alt=\"acuicultura y tecnolog\u00eda\" srcset=\"https:\/\/cori.institute\/wp-content\/uploads\/2023\/04\/acuicultura.jpg 400w, https:\/\/cori.institute\/wp-content\/uploads\/2023\/04\/acuicultura-300x266.jpg 300w\" sizes=\"(max-width: 400px) 100vw, 400px\" \/>\t\t\t\t\t<\/a>\n\t\t\t\t\t\t\t\t\t<\/div>\n\t\t\t\t\t\t<h3 class=\"uagb-post__title uagb-post__text\">\n\t\t\t\t<a href=\"https:\/\/cori.institute\/index.php\/2023\/04\/13\/tecnologia-y-acuicultura\/\" target=\"_self\" rel=\"bookmark noopener noreferrer\">La influencia de la tecnolog\u00eda en la acuicultura<\/a>\n\t\t\t<\/h3>\n\t\t\t\t\t\t<div class='uagb-post__text uagb-post-grid-byline'>\n\t\t\t\t\t\t\t<\/div>\n\t\t\t\t\t\t<div class=\"uagb-post__text uagb-post__cta wp-block-button\">\n\t\t\t\t<a class=\"wp-block-button__link uagb-text-link\" href=\"https:\/\/cori.institute\/index.php\/2023\/04\/13\/tecnologia-y-acuicultura\/\" target=\"_self\" rel=\"bookmark noopener noreferrer\">Read More<\/a>\n\t\t\t<\/div>\n\t\t\t\t\t\t\t\t\t\t\t\t<\/article>\n\t\t\t\t\t\t\t\t\t\t\t\t\t\t\t\t<article class=\"uagb-post__inner-wrap\">\t\t\t\t\t\t\t\t<div class='uagb-post__image'>\n\t\t\t\t\t\t\t\t\t<a href=\"https:\/\/cori.institute\/index.php\/2023\/04\/05\/tratado-de-los-oceanos-icues\/\" target=\"_self\" rel=\"bookmark noopener noreferrer\"><img decoding=\"async\" width=\"1200\" height=\"900\" src=\"https:\/\/cori.institute\/wp-content\/uploads\/2023\/04\/oceano-icues-tratado-de-la-unesco.jpg\" class=\"attachment-full size-full\" alt=\"oceano icues tratado de la unesco\" srcset=\"https:\/\/cori.institute\/wp-content\/uploads\/2023\/04\/oceano-icues-tratado-de-la-unesco.jpg 1200w, https:\/\/cori.institute\/wp-content\/uploads\/2023\/04\/oceano-icues-tratado-de-la-unesco-300x225.jpg 300w, https:\/\/cori.institute\/wp-content\/uploads\/2023\/04\/oceano-icues-tratado-de-la-unesco-1024x768.jpg 1024w, https:\/\/cori.institute\/wp-content\/uploads\/2023\/04\/oceano-icues-tratado-de-la-unesco-768x576.jpg 768w\" sizes=\"(max-width: 1200px) 100vw, 1200px\" \/>\t\t\t\t\t<\/a>\n\t\t\t\t\t\t\t\t\t<\/div>\n\t\t\t\t\t\t<h3 class=\"uagb-post__title uagb-post__text\">\n\t\t\t\t<a href=\"https:\/\/cori.institute\/index.php\/2023\/04\/05\/tratado-de-los-oceanos-icues\/\" target=\"_self\" rel=\"bookmark noopener noreferrer\">El Tratado de los Oceanos, con Sara Garc\u00eda en ICUES<\/a>\n\t\t\t<\/h3>\n\t\t\t\t\t\t<div class='uagb-post__text uagb-post-grid-byline'>\n\t\t\t\t\t\t\t<\/div>\n\t\t\t\t\t\t<div class=\"uagb-post__text uagb-post__cta wp-block-button\">\n\t\t\t\t<a class=\"wp-block-button__link uagb-text-link\" href=\"https:\/\/cori.institute\/index.php\/2023\/04\/05\/tratado-de-los-oceanos-icues\/\" target=\"_self\" rel=\"bookmark noopener noreferrer\">Read More<\/a>\n\t\t\t<\/div>\n\t\t\t\t\t\t\t\t\t\t\t\t<\/article>\n\t\t\t\t\t\t\t\t\t\t\t\t\t\t\t\t<article class=\"uagb-post__inner-wrap\">\t\t\t\t\t\t\t\t<div class='uagb-post__image'>\n\t\t\t\t\t\t\t\t\t<a href=\"https:\/\/cori.institute\/index.php\/2023\/03\/30\/la-espana-azul-y-ies-mediterraneo\/\" target=\"_self\" rel=\"bookmark noopener noreferrer\"><img loading=\"lazy\" decoding=\"async\" width=\"1280\" height=\"720\" src=\"https:\/\/cori.institute\/wp-content\/uploads\/2023\/03\/photo168000017.jpeg\" class=\"attachment-full size-full\" alt=\"la espa\u00f1a azul, con nacho dean, y los alumnos del ies mediterraneo\" srcset=\"https:\/\/cori.institute\/wp-content\/uploads\/2023\/03\/photo168000017.jpeg 1280w, https:\/\/cori.institute\/wp-content\/uploads\/2023\/03\/photo168000017-300x169.jpeg 300w, https:\/\/cori.institute\/wp-content\/uploads\/2023\/03\/photo168000017-1024x576.jpeg 1024w, https:\/\/cori.institute\/wp-content\/uploads\/2023\/03\/photo168000017-768x432.jpeg 768w\" sizes=\"(max-width: 1280px) 100vw, 1280px\" \/>\t\t\t\t\t<\/a>\n\t\t\t\t\t\t\t\t\t<\/div>\n\t\t\t\t\t\t<h3 class=\"uagb-post__title uagb-post__text\">\n\t\t\t\t<a href=\"https:\/\/cori.institute\/index.php\/2023\/03\/30\/la-espana-azul-y-ies-mediterraneo\/\" target=\"_self\" rel=\"bookmark noopener noreferrer\">La Espa\u00f1a Azul, con Nacho Dean y el IES Mediterr\u00e1neo<\/a>\n\t\t\t<\/h3>\n\t\t\t\t\t\t<div class='uagb-post__text uagb-post-grid-byline'>\n\t\t\t\t\t\t\t<\/div>\n\t\t\t\t\t\t<div class=\"uagb-post__text uagb-post__cta wp-block-button\">\n\t\t\t\t<a class=\"wp-block-button__link uagb-text-link\" href=\"https:\/\/cori.institute\/index.php\/2023\/03\/30\/la-espana-azul-y-ies-mediterraneo\/\" target=\"_self\" rel=\"bookmark noopener noreferrer\">Read More<\/a>\n\t\t\t<\/div>\n\t\t\t\t\t\t\t\t\t\t\t\t<\/article>\n\t\t\t\t\t\t\t\t\t\t\t<\/div>\n\t\t\t<\/div><\/div>\n","protected":false},"excerpt":{"rendered":"<p>CORI participa en una iniciativa para tratar los retos y riesgos de los oc\u00e9anos por el cambio clim\u00e1tico La \u00faltima actividad en la que CORI ha participado en el proyecto\u00a0OCEANS de eTwinning\u00a0ha sido una conferencia para tratar\u00a0los retos y riesgos de los oc\u00e9anos por el cambio clim\u00e1tico\u00a0y el impacto que nuestras acciones tienen en ellos. [&hellip;]<\/p>\n","protected":false},"author":2,"featured_media":680,"comment_status":"closed","ping_status":"open","sticky":false,"template":"","format":"standard","meta":{"_uag_custom_page_level_css":"","site-sidebar-layout":"default","site-content-layout":"","ast-site-content-layout":"default","site-content-style":"default","site-sidebar-style":"default","ast-global-header-display":"","ast-banner-title-visibility":"","ast-main-header-display":"","ast-hfb-above-header-display":"","ast-hfb-below-header-display":"","ast-hfb-mobile-header-display":"","site-post-title":"disabled","ast-breadcrumbs-content":"","ast-featured-img":"disabled","footer-sml-layout":"","theme-transparent-header-meta":"","adv-header-id-meta":"","stick-header-meta":"","header-above-stick-meta":"","header-main-stick-meta":"","header-below-stick-meta":"","astra-migrate-meta-layouts":"set","ast-page-background-enabled":"default","ast-page-background-meta":{"desktop":{"background-color":"var(--ast-global-color-4)","background-image":"","background-repeat":"repeat","background-position":"center center","background-size":"auto","background-attachment":"scroll","background-type":"","background-media":"","overlay-type":"","overlay-color":"","overlay-gradient":""},"tablet":{"background-color":"","background-image":"","background-repeat":"repeat","background-position":"center center","background-size":"auto","background-attachment":"scroll","background-type":"","background-media":"","overlay-type":"","overlay-color":"","overlay-gradient":""},"mobile":{"background-color":"","background-image":"","background-repeat":"repeat","background-position":"center center","background-size":"auto","background-attachment":"scroll","background-type":"","background-media":"","overlay-type":"","overlay-color":"","overlay-gradient":""}},"ast-content-background-meta":{"desktop":{"background-color":"var(--ast-global-color-5)","background-image":"","background-repeat":"repeat","background-position":"center center","background-size":"auto","background-attachment":"scroll","background-type":"","background-media":"","overlay-type":"","overlay-color":"","overlay-gradient":""},"tablet":{"background-color":"var(--ast-global-color-5)","background-image":"","background-repeat":"repeat","background-position":"center center","background-size":"auto","background-attachment":"scroll","background-type":"","background-media":"","overlay-type":"","overlay-color":"","overlay-gradient":""},"mobile":{"background-color":"var(--ast-global-color-5)","background-image":"","background-repeat":"repeat","background-position":"center center","background-size":"auto","background-attachment":"scroll","background-type":"","background-media":"","overlay-type":"","overlay-color":"","overlay-gradient":""}},"_themeisle_gutenberg_block_has_review":false,"footnotes":""},"categories":[10],"tags":[],"class_list":["post-677","post","type-post","status-publish","format-standard","has-post-thumbnail","hentry","category-noticias"],"yoast_head":"<!-- This site is optimized with the Yoast SEO plugin v22.3 - https:\/\/yoast.com\/wordpress\/plugins\/seo\/ -->\n<title>CORI trata los riesgos de los oc\u00e9anos por el cambio clim\u00e1tico<\/title>\n<meta name=\"description\" content=\"Este es un evento para tratar los retos y riesgos de los oc\u00e9anos por el cambio clim\u00e1tico propuesto por OCEANS de eTwinning.\" \/>\n<meta name=\"robots\" content=\"index, follow, max-snippet:-1, max-image-preview:large, max-video-preview:-1\" \/>\n<link rel=\"canonical\" href=\"https:\/\/cori.institute\/index.php\/2022\/12\/26\/cori-participa-en-un-evento-para-tratar-los-retos-de-los-oceanos-por-el-cambio-climatico\/\" \/>\n<meta property=\"og:locale\" content=\"en_US\" \/>\n<meta property=\"og:type\" content=\"article\" \/>\n<meta property=\"og:title\" content=\"CORI trata los riesgos de los oc\u00e9anos por el cambio clim\u00e1tico\" \/>\n<meta property=\"og:description\" content=\"Este es un evento para tratar los retos y riesgos de los oc\u00e9anos por el cambio clim\u00e1tico propuesto por OCEANS de eTwinning.\" \/>\n<meta property=\"og:url\" content=\"https:\/\/cori.institute\/index.php\/2022\/12\/26\/cori-participa-en-un-evento-para-tratar-los-retos-de-los-oceanos-por-el-cambio-climatico\/\" \/>\n<meta property=\"article:published_time\" content=\"2022-12-26T11:53:04+00:00\" \/>\n<meta property=\"article:modified_time\" content=\"2023-09-13T11:30:41+00:00\" \/>\n<meta property=\"og:image\" content=\"https:\/\/cori.institute\/wp-content\/uploads\/2022\/12\/image-11.png\" \/>\n\t<meta property=\"og:image:width\" content=\"886\" \/>\n\t<meta property=\"og:image:height\" content=\"664\" \/>\n\t<meta property=\"og:image:type\" content=\"image\/png\" \/>\n<meta name=\"author\" content=\"Marina\" \/>\n<meta name=\"twitter:card\" content=\"summary_large_image\" \/>\n<meta name=\"twitter:label1\" content=\"Written by\" \/>\n\t<meta name=\"twitter:data1\" content=\"Marina\" \/>\n\t<meta name=\"twitter:label2\" content=\"Est. reading time\" \/>\n\t<meta name=\"twitter:data2\" content=\"2 minutes\" \/>\n<script type=\"application\/ld+json\" class=\"yoast-schema-graph\">{\"@context\":\"https:\/\/schema.org\",\"@graph\":[{\"@type\":\"WebPage\",\"@id\":\"https:\/\/cori.institute\/index.php\/2022\/12\/26\/cori-participa-en-un-evento-para-tratar-los-retos-de-los-oceanos-por-el-cambio-climatico\/\",\"url\":\"https:\/\/cori.institute\/index.php\/2022\/12\/26\/cori-participa-en-un-evento-para-tratar-los-retos-de-los-oceanos-por-el-cambio-climatico\/\",\"name\":\"CORI trata los riesgos de los oc\u00e9anos por el cambio clim\u00e1tico\",\"isPartOf\":{\"@id\":\"https:\/\/cori.institute\/#website\"},\"primaryImageOfPage\":{\"@id\":\"https:\/\/cori.institute\/index.php\/2022\/12\/26\/cori-participa-en-un-evento-para-tratar-los-retos-de-los-oceanos-por-el-cambio-climatico\/#primaryimage\"},\"image\":{\"@id\":\"https:\/\/cori.institute\/index.php\/2022\/12\/26\/cori-participa-en-un-evento-para-tratar-los-retos-de-los-oceanos-por-el-cambio-climatico\/#primaryimage\"},\"thumbnailUrl\":\"https:\/\/cori.institute\/wp-content\/uploads\/2022\/12\/image-11.png\",\"datePublished\":\"2022-12-26T11:53:04+00:00\",\"dateModified\":\"2023-09-13T11:30:41+00:00\",\"author\":{\"@id\":\"https:\/\/cori.institute\/#\/schema\/person\/22c0b0090fd99161e4b55d25dc27018a\"},\"description\":\"Este es un evento para tratar los retos y riesgos de los oc\u00e9anos por el cambio clim\u00e1tico propuesto por OCEANS de eTwinning.\",\"breadcrumb\":{\"@id\":\"https:\/\/cori.institute\/index.php\/2022\/12\/26\/cori-participa-en-un-evento-para-tratar-los-retos-de-los-oceanos-por-el-cambio-climatico\/#breadcrumb\"},\"inLanguage\":\"en-US\",\"potentialAction\":[{\"@type\":\"ReadAction\",\"target\":[\"https:\/\/cori.institute\/index.php\/2022\/12\/26\/cori-participa-en-un-evento-para-tratar-los-retos-de-los-oceanos-por-el-cambio-climatico\/\"]}]},{\"@type\":\"ImageObject\",\"inLanguage\":\"en-US\",\"@id\":\"https:\/\/cori.institute\/index.php\/2022\/12\/26\/cori-participa-en-un-evento-para-tratar-los-retos-de-los-oceanos-por-el-cambio-climatico\/#primaryimage\",\"url\":\"https:\/\/cori.institute\/wp-content\/uploads\/2022\/12\/image-11.png\",\"contentUrl\":\"https:\/\/cori.institute\/wp-content\/uploads\/2022\/12\/image-11.png\",\"width\":886,\"height\":664,\"caption\":\"subida de la temperatura del mar a causa de la contaminaci\u00f3n\"},{\"@type\":\"BreadcrumbList\",\"@id\":\"https:\/\/cori.institute\/index.php\/2022\/12\/26\/cori-participa-en-un-evento-para-tratar-los-retos-de-los-oceanos-por-el-cambio-climatico\/#breadcrumb\",\"itemListElement\":[{\"@type\":\"ListItem\",\"position\":1,\"name\":\"Portada\",\"item\":\"https:\/\/cori.institute\/\"},{\"@type\":\"ListItem\",\"position\":2,\"name\":\"CORI participa en una iniciativa para tratar los retos y riesgos de los oc\u00e9anos por el cambio clim\u00e1tico\"}]},{\"@type\":\"WebSite\",\"@id\":\"https:\/\/cori.institute\/#website\",\"url\":\"https:\/\/cori.institute\/\",\"name\":\"\",\"description\":\"Descubriendo el oc\u00e9ano invisible\",\"potentialAction\":[{\"@type\":\"SearchAction\",\"target\":{\"@type\":\"EntryPoint\",\"urlTemplate\":\"https:\/\/cori.institute\/?s={search_term_string}\"},\"query-input\":\"required name=search_term_string\"}],\"inLanguage\":\"en-US\"},{\"@type\":\"Person\",\"@id\":\"https:\/\/cori.institute\/#\/schema\/person\/22c0b0090fd99161e4b55d25dc27018a\",\"name\":\"Marina\",\"image\":{\"@type\":\"ImageObject\",\"inLanguage\":\"en-US\",\"@id\":\"https:\/\/cori.institute\/#\/schema\/person\/image\/\",\"url\":\"https:\/\/secure.gravatar.com\/avatar\/f6e61f3c0a90145b6c28bae31d494e281804247062f24f8f102470996b6678d9?s=96&d=mm&r=g\",\"contentUrl\":\"https:\/\/secure.gravatar.com\/avatar\/f6e61f3c0a90145b6c28bae31d494e281804247062f24f8f102470996b6678d9?s=96&d=mm&r=g\",\"caption\":\"Marina\"}}]}<\/script>\n<!-- \/ Yoast SEO plugin. -->","yoast_head_json":{"title":"CORI trata los riesgos de los oc\u00e9anos por el cambio clim\u00e1tico","description":"Este es un evento para tratar los retos y riesgos de los oc\u00e9anos por el cambio clim\u00e1tico propuesto por OCEANS de eTwinning.","robots":{"index":"index","follow":"follow","max-snippet":"max-snippet:-1","max-image-preview":"max-image-preview:large","max-video-preview":"max-video-preview:-1"},"canonical":"https:\/\/cori.institute\/index.php\/2022\/12\/26\/cori-participa-en-un-evento-para-tratar-los-retos-de-los-oceanos-por-el-cambio-climatico\/","og_locale":"en_US","og_type":"article","og_title":"CORI trata los riesgos de los oc\u00e9anos por el cambio clim\u00e1tico","og_description":"Este es un evento para tratar los retos y riesgos de los oc\u00e9anos por el cambio clim\u00e1tico propuesto por OCEANS de eTwinning.","og_url":"https:\/\/cori.institute\/index.php\/2022\/12\/26\/cori-participa-en-un-evento-para-tratar-los-retos-de-los-oceanos-por-el-cambio-climatico\/","article_published_time":"2022-12-26T11:53:04+00:00","article_modified_time":"2023-09-13T11:30:41+00:00","og_image":[{"width":886,"height":664,"url":"https:\/\/cori.institute\/wp-content\/uploads\/2022\/12\/image-11.png","type":"image\/png"}],"author":"Marina","twitter_card":"summary_large_image","twitter_misc":{"Written by":"Marina","Est. reading time":"2 minutes"},"schema":{"@context":"https:\/\/schema.org","@graph":[{"@type":"WebPage","@id":"https:\/\/cori.institute\/index.php\/2022\/12\/26\/cori-participa-en-un-evento-para-tratar-los-retos-de-los-oceanos-por-el-cambio-climatico\/","url":"https:\/\/cori.institute\/index.php\/2022\/12\/26\/cori-participa-en-un-evento-para-tratar-los-retos-de-los-oceanos-por-el-cambio-climatico\/","name":"CORI trata los riesgos de los oc\u00e9anos por el cambio clim\u00e1tico","isPartOf":{"@id":"https:\/\/cori.institute\/#website"},"primaryImageOfPage":{"@id":"https:\/\/cori.institute\/index.php\/2022\/12\/26\/cori-participa-en-un-evento-para-tratar-los-retos-de-los-oceanos-por-el-cambio-climatico\/#primaryimage"},"image":{"@id":"https:\/\/cori.institute\/index.php\/2022\/12\/26\/cori-participa-en-un-evento-para-tratar-los-retos-de-los-oceanos-por-el-cambio-climatico\/#primaryimage"},"thumbnailUrl":"https:\/\/cori.institute\/wp-content\/uploads\/2022\/12\/image-11.png","datePublished":"2022-12-26T11:53:04+00:00","dateModified":"2023-09-13T11:30:41+00:00","author":{"@id":"https:\/\/cori.institute\/#\/schema\/person\/22c0b0090fd99161e4b55d25dc27018a"},"description":"Este es un evento para tratar los retos y riesgos de los oc\u00e9anos por el cambio clim\u00e1tico propuesto por OCEANS de eTwinning.","breadcrumb":{"@id":"https:\/\/cori.institute\/index.php\/2022\/12\/26\/cori-participa-en-un-evento-para-tratar-los-retos-de-los-oceanos-por-el-cambio-climatico\/#breadcrumb"},"inLanguage":"en-US","potentialAction":[{"@type":"ReadAction","target":["https:\/\/cori.institute\/index.php\/2022\/12\/26\/cori-participa-en-un-evento-para-tratar-los-retos-de-los-oceanos-por-el-cambio-climatico\/"]}]},{"@type":"ImageObject","inLanguage":"en-US","@id":"https:\/\/cori.institute\/index.php\/2022\/12\/26\/cori-participa-en-un-evento-para-tratar-los-retos-de-los-oceanos-por-el-cambio-climatico\/#primaryimage","url":"https:\/\/cori.institute\/wp-content\/uploads\/2022\/12\/image-11.png","contentUrl":"https:\/\/cori.institute\/wp-content\/uploads\/2022\/12\/image-11.png","width":886,"height":664,"caption":"subida de la temperatura del mar a causa de la contaminaci\u00f3n"},{"@type":"BreadcrumbList","@id":"https:\/\/cori.institute\/index.php\/2022\/12\/26\/cori-participa-en-un-evento-para-tratar-los-retos-de-los-oceanos-por-el-cambio-climatico\/#breadcrumb","itemListElement":[{"@type":"ListItem","position":1,"name":"Portada","item":"https:\/\/cori.institute\/"},{"@type":"ListItem","position":2,"name":"CORI participa en una iniciativa para tratar los retos y riesgos de los oc\u00e9anos por el cambio clim\u00e1tico"}]},{"@type":"WebSite","@id":"https:\/\/cori.institute\/#website","url":"https:\/\/cori.institute\/","name":"","description":"Descubriendo el oc\u00e9ano invisible","potentialAction":[{"@type":"SearchAction","target":{"@type":"EntryPoint","urlTemplate":"https:\/\/cori.institute\/?s={search_term_string}"},"query-input":"required name=search_term_string"}],"inLanguage":"en-US"},{"@type":"Person","@id":"https:\/\/cori.institute\/#\/schema\/person\/22c0b0090fd99161e4b55d25dc27018a","name":"Marina","image":{"@type":"ImageObject","inLanguage":"en-US","@id":"https:\/\/cori.institute\/#\/schema\/person\/image\/","url":"https:\/\/secure.gravatar.com\/avatar\/f6e61f3c0a90145b6c28bae31d494e281804247062f24f8f102470996b6678d9?s=96&d=mm&r=g","contentUrl":"https:\/\/secure.gravatar.com\/avatar\/f6e61f3c0a90145b6c28bae31d494e281804247062f24f8f102470996b6678d9?s=96&d=mm&r=g","caption":"Marina"}}]}},"uagb_featured_image_src":{"full":["https:\/\/cori.institute\/wp-content\/uploads\/2022\/12\/image-11.png",886,664,false],"thumbnail":["https:\/\/cori.institute\/wp-content\/uploads\/2022\/12\/image-11-150x150.png",150,150,true],"medium":["https:\/\/cori.institute\/wp-content\/uploads\/2022\/12\/image-11-300x225.png",300,225,true],"medium_large":["https:\/\/cori.institute\/wp-content\/uploads\/2022\/12\/image-11-768x576.png",768,576,true],"large":["https:\/\/cori.institute\/wp-content\/uploads\/2022\/12\/image-11.png",886,664,false],"1536x1536":["https:\/\/cori.institute\/wp-content\/uploads\/2022\/12\/image-11.png",886,664,false],"2048x2048":["https:\/\/cori.institute\/wp-content\/uploads\/2022\/12\/image-11.png",886,664,false]},"uagb_author_info":{"display_name":"Marina","author_link":"https:\/\/cori.institute\/index.php\/author\/marina\/"},"uagb_comment_info":0,"uagb_excerpt":"CORI participa en una iniciativa para tratar los retos y riesgos de los oc\u00e9anos por el cambio clim\u00e1tico La \u00faltima actividad en la que CORI ha participado en el proyecto\u00a0OCEANS de eTwinning\u00a0ha sido una conferencia para tratar\u00a0los retos y riesgos de los oc\u00e9anos por el cambio clim\u00e1tico\u00a0y el impacto que nuestras acciones tienen en ellos.&hellip;","_links":{"self":[{"href":"https:\/\/cori.institute\/index.php\/wp-json\/wp\/v2\/posts\/677","targetHints":{"allow":["GET"]}}],"collection":[{"href":"https:\/\/cori.institute\/index.php\/wp-json\/wp\/v2\/posts"}],"about":[{"href":"https:\/\/cori.institute\/index.php\/wp-json\/wp\/v2\/types\/post"}],"author":[{"embeddable":true,"href":"https:\/\/cori.institute\/index.php\/wp-json\/wp\/v2\/users\/2"}],"replies":[{"embeddable":true,"href":"https:\/\/cori.institute\/index.php\/wp-json\/wp\/v2\/comments?post=677"}],"version-history":[{"count":0,"href":"https:\/\/cori.institute\/index.php\/wp-json\/wp\/v2\/posts\/677\/revisions"}],"wp:featuredmedia":[{"embeddable":true,"href":"https:\/\/cori.institute\/index.php\/wp-json\/wp\/v2\/media\/680"}],"wp:attachment":[{"href":"https:\/\/cori.institute\/index.php\/wp-json\/wp\/v2\/media?parent=677"}],"wp:term":[{"taxonomy":"category","embeddable":true,"href":"https:\/\/cori.institute\/index.php\/wp-json\/wp\/v2\/categories?post=677"},{"taxonomy":"post_tag","embeddable":true,"href":"https:\/\/cori.institute\/index.php\/wp-json\/wp\/v2\/tags?post=677"}],"curies":[{"name":"wp","href":"https:\/\/api.w.org\/{rel}","templated":true}]}}