{"id":689,"date":"2022-12-26T12:02:12","date_gmt":"2022-12-26T12:02:12","guid":{"rendered":"https:\/\/cori.institute\/?p=689"},"modified":"2023-09-13T11:18:28","modified_gmt":"2023-09-13T11:18:28","slug":"mapa-interactivo-para-dar-a-conocer-nuestras-inmersiones","status":"publish","type":"post","link":"https:\/\/cori.institute\/index.php\/2022\/12\/26\/mapa-interactivo-para-dar-a-conocer-nuestras-inmersiones\/","title":{"rendered":"Mapa interactivo para dar a conocer nuestras inmersiones con el ROV de NidoRobotics"},"content":{"rendered":"\n<div style=\"height:33px\" aria-hidden=\"true\" class=\"wp-block-spacer\"><\/div>\n\n\n\n<h1 class=\"wp-block-heading\">Mapa interactivo para dar a conocer nuestras inmersiones con el ROV de NidoRobotics<\/h1>\n\n\n\n<p>La divulgaci\u00f3n de nuestros mares y oc\u00e9anos es el principal m\u00f3vil del barco de <a href=\"https:\/\/cori.institute\/index.php\/proyectos\/\" target=\"_blank\" rel=\"noreferrer noopener\">proyectos<\/a> que CORI desarrolla. Por ello, uno de los \u00faltimos proyectos que se llevan a cabo en CORI es la realizaci\u00f3n de un mapa interactivo de las inmersiones con el ROV. Con \u00e9l queremos plasmar desde una perspectiva \u00fanica los fondos marinos de algunos puntos de las costas de la Regi\u00f3n.<\/p>\n\n\n\n<p class=\"has-link-color wp-elements-544d9b52c09969d8af19e84e01b309fa\">Para llevar a cabo este proyecto, nuestro gran aliado es el ROV que la empresa&nbsp;<a href=\"https:\/\/www.nidorobotics.com\/\" target=\"_blank\" rel=\"noreferrer noopener\">NidoRobotics<\/a>&nbsp;nos cede. Con \u00e9l, se nos hace m\u00e1s f\u00e1cil acceder y grabar los fondos marinos de las Costas de la Regi\u00f3n de Murcia. Adem\u00e1s, las continuas mejoras del dispositivo hacen que las im\u00e1genes obtenidas sean cada vez de mejor calidad.<\/p>\n\n\n\n<meta charset=\"utf-8\">\n\n\t<script src=\"https:\/\/unpkg.com\/leaflet@1.0.2\/dist\/leaflet.js\"><\/script>\n\t<link rel=\"stylesheet\" href=\"https:\/\/unpkg.com\/leaflet@1.0.2\/dist\/leaflet.css\">\n\n <style>\n  #map { \n  width:900px;\n  height: 600px; }\n <\/style>\n \n\n \n\t <center>CARTAGENA OCEANOGRAPHIC RESEARCH INSTITUTE- MAP SERVER\n   <div id=\"map\"><\/div>\n <script>\n \nvar map = L.map('map');\n \nL.tileLayer('http:\/\/{s}.tile.openstreetmap.org\/{z}\/{x}\/{y}.png', {\n    attribution: 'Map data &copy; <a href=\"http:\/\/openstreetmap.org\">OpenStreetMap<\/a> contributors, <a href=\"http:\/\/creativecommons.org\/licenses\/by-sa\/2.0\/\">CC-BY-SA<\/a>, Imagery \u00a9 <a href=\"http:\/\/cloudmade.com\">CloudMade<\/a>',\n    maxZoom: 18\n}).addTo(map);\n\n\t \/\/Preparo el mapa\n\/\/var cabopalos = new L.LatLng(37.656821, -0.649730); \n\/\/map.setView(cabopalos, 13);\nvar cabopalos = new L.LatLng(37.6405, -1.0800); \nmap.setView(cabopalos, 10);\n         \n\n\/\/ Se crea un icono personalizado\nvar photoIcon = L.icon({\n\ticonUrl: 'images\/logoCORI.svg',\n\ticonSize: [90, 90], \/\/ tama\u00f1o del icono\n\tpopupAnchor: [0,-15] \/\/ posici\u00f3n relativa de la ventana emergente\n\t});\n\n\n\n\t\/\/A\u00f1ado marcadores\n\/\/CABO DE PALOS RESERVA \t \nvar markerLocation = new L.LatLng(37.65579,-0.64977);\n\t var marker = new L.Marker(markerLocation,{icon:photoIcon});\n\t marker.bindPopup('<h1>Cabo de Palos<\/h1><br\/>10\/09\/2021 <iframe width=\"560\" height=\"315\" src=\"https:\/\/www.youtube.com\/embed\/J2fSMWM0l6A\"frameborder=\"0\" allow=\"accelerometer; autoplay; clipboard-write; encrypted-media; gyroscope\" allowfullscreen><\/iframe>',{\n\t\t  maxWidth : 560\n\t\t  });\nmap.addLayer(marker);\n\n\/\/CABO DE PALOS NOCHE\nvar markerLocation = new L.LatLng(37.63481,-0.69237);\n\t var marker = new L.Marker(markerLocation,{icon:photoIcon});\n\t marker.bindPopup('<h1>Cabo de Palos<\/h1><br\/>02\/02\/2022 <iframe width=\"560\" height=\"315\" src=\"https:\/\/www.youtube.com\/embed\/EXWUFNMUJDo\"frameborder=\"0\" allow=\"accelerometer; autoplay; clipboard-write; encrypted-media; gyroscope\" allowfullscreen><\/iframe>',{\n\t\t  maxWidth : 560\n\t\t  });\nmap.addLayer(marker);\n\n\/\/ 01\/04\/2022 Cartagena (YatchPort)\nvar markerLocation = new L.LatLng(37.59701,-0.97753);\n\t var marker = new L.Marker(markerLocation,{icon:photoIcon});\n\t marker.bindPopup('<h1>Cartagena (YatchPort)<\/h1><br\/>01\/04\/2022<iframe width=\"560\" height=\"315\" src=\"https:\/\/www.youtube.com\/embed\/VU-8DSJ8dKs\" frameborder=\"0\" allow=\"accelerometer; autoplay; clipboard-write; encrypted-media; gyroscope; picture-in-picture\" allowfullscreen><\/iframe>',{\n\t\t  maxWidth : 560\n\t\t  });\nmap.addLayer(marker);\n\n\n\/\/ 10\/06\/2022 Cartagena (YatchPort)\nvar markerLocation = new L.LatLng(37.59694,-0.97746);\n\t var marker = new L.Marker(markerLocation,{icon:photoIcon});\n\t marker.bindPopup('<h1>Cartagena (YatchPort)<\/h1><br\/>10\/06\/2022<iframe width=\"560\" height=\"315\" src=\"https:\/\/www.youtube.com\/embed\/zfNW04NTR1g\"  frameborder=\"0\" allow=\"accelerometer; autoplay; clipboard-write; encrypted-media; gyroscope; picture-in-picture\" allowfullscreen><\/iframe>',{\n\t\t  maxWidth : 560\n\t\t  });\nmap.addLayer(marker);\n\n\n <\/script>\n\t <\/center>\n\n\n\n<div style=\"height:20px\" aria-hidden=\"true\" class=\"wp-block-spacer\"><\/div>\n\n\n\n<p>Nuestra intenci\u00f3n, es ir completando este mapa interactivo de las inmersiones con el ROV con m\u00e1s grabaciones, para que podamos conocer mejor qu\u00e9 se esconde debajo de la superficie. De este modo, no solo promovemos la divulgaci\u00f3n marina, sino que tambi\u00e9n mostramos nuestro compromiso por la conservaci\u00f3n de nuestras costas.<\/p>\n\n\n\n<p>En \u00e9l se pueden ver los fondos marinos del Puerto de Cartagena, en concreto la zona situada en Yacht Port Cartagena. Tambi\u00e9n aparece en este mapa interactivo los fondos de la reserva natural de Cabo de Palos de Islas Hormigas y, tambi\u00e9n en Cabo de Palos, una de sus playas. <\/p>\n\n\n\n<div class=\"wp-block-cover alignfull\"><span aria-hidden=\"true\" class=\"wp-block-cover__background has-background-dim-100 has-background-dim\" style=\"background-color:#0e0f26\"><\/span><div class=\"wp-block-cover__inner-container is-layout-constrained wp-block-cover-is-layout-constrained\">\n<h2 class=\"wp-block-heading\">\u00daltimas Noticias<\/h2>\n\n\n\n\t\t\t<div class=\"wp-block-uagb-post-carousel uagb-post-grid  uagb-post__image-position-top uagb-post__image-enabled uagb-block-d60a9147     uagb-post__arrow-outside uagb-slick-carousel uagb-post__items uagb-post__columns-3 is-carousel uagb-post__columns-tablet-2 uagb-post__columns-mobile-1 uagb-post__carousel_equal-height\" data-total=\"5\" style=\"\">\n\n\t\t\t\t\t\t\t\t\t\t\t\t<article class=\"uagb-post__inner-wrap\">\t\t\t\t\t\t\t\t<div class='uagb-post__image'>\n\t\t\t\t\t\t\t\t\t<a href=\"https:\/\/cori.institute\/index.php\/2023\/06\/05\/contaminacion-por-plastico-en-los-oceanos\/\" target=\"_self\" rel=\"bookmark noopener noreferrer\"><img fetchpriority=\"high\" decoding=\"async\" width=\"620\" height=\"349\" src=\"https:\/\/cori.institute\/wp-content\/uploads\/2023\/06\/plastico-playa.jpg\" class=\"attachment-full size-full\" alt=\"plastico en la playa\" srcset=\"https:\/\/cori.institute\/wp-content\/uploads\/2023\/06\/plastico-playa.jpg 620w, https:\/\/cori.institute\/wp-content\/uploads\/2023\/06\/plastico-playa-300x169.jpg 300w\" sizes=\"(max-width: 620px) 100vw, 620px\" \/>\t\t\t\t\t<\/a>\n\t\t\t\t\t\t\t\t\t<\/div>\n\t\t\t\t\t\t<h3 class=\"uagb-post__title uagb-post__text\">\n\t\t\t\t<a href=\"https:\/\/cori.institute\/index.php\/2023\/06\/05\/contaminacion-por-plastico-en-los-oceanos\/\" target=\"_self\" rel=\"bookmark noopener noreferrer\">La contaminaci\u00f3n por pl\u00e1sticos en los oc\u00e9anos<\/a>\n\t\t\t<\/h3>\n\t\t\t\t\t\t<div class='uagb-post__text uagb-post-grid-byline'>\n\t\t\t\t\t\t\t<\/div>\n\t\t\t\t\t\t<div class=\"uagb-post__text uagb-post__cta wp-block-button\">\n\t\t\t\t<a class=\"wp-block-button__link uagb-text-link\" href=\"https:\/\/cori.institute\/index.php\/2023\/06\/05\/contaminacion-por-plastico-en-los-oceanos\/\" target=\"_self\" rel=\"bookmark noopener noreferrer\">Read More<\/a>\n\t\t\t<\/div>\n\t\t\t\t\t\t\t\t\t\t\t\t<\/article>\n\t\t\t\t\t\t\t\t\t\t\t\t\t\t\t\t<article class=\"uagb-post__inner-wrap\">\t\t\t\t\t\t\t\t<div class='uagb-post__image'>\n\t\t\t\t\t\t\t\t\t<a href=\"https:\/\/cori.institute\/index.php\/2023\/04\/13\/tecnologia-y-acuicultura\/\" target=\"_self\" rel=\"bookmark noopener noreferrer\"><img decoding=\"async\" width=\"400\" height=\"354\" src=\"https:\/\/cori.institute\/wp-content\/uploads\/2023\/04\/acuicultura.jpg\" class=\"attachment-full size-full\" alt=\"acuicultura y tecnolog\u00eda\" srcset=\"https:\/\/cori.institute\/wp-content\/uploads\/2023\/04\/acuicultura.jpg 400w, https:\/\/cori.institute\/wp-content\/uploads\/2023\/04\/acuicultura-300x266.jpg 300w\" sizes=\"(max-width: 400px) 100vw, 400px\" \/>\t\t\t\t\t<\/a>\n\t\t\t\t\t\t\t\t\t<\/div>\n\t\t\t\t\t\t<h3 class=\"uagb-post__title uagb-post__text\">\n\t\t\t\t<a href=\"https:\/\/cori.institute\/index.php\/2023\/04\/13\/tecnologia-y-acuicultura\/\" target=\"_self\" rel=\"bookmark noopener noreferrer\">La influencia de la tecnolog\u00eda en la acuicultura<\/a>\n\t\t\t<\/h3>\n\t\t\t\t\t\t<div class='uagb-post__text uagb-post-grid-byline'>\n\t\t\t\t\t\t\t<\/div>\n\t\t\t\t\t\t<div class=\"uagb-post__text uagb-post__cta wp-block-button\">\n\t\t\t\t<a class=\"wp-block-button__link uagb-text-link\" href=\"https:\/\/cori.institute\/index.php\/2023\/04\/13\/tecnologia-y-acuicultura\/\" target=\"_self\" rel=\"bookmark noopener noreferrer\">Read More<\/a>\n\t\t\t<\/div>\n\t\t\t\t\t\t\t\t\t\t\t\t<\/article>\n\t\t\t\t\t\t\t\t\t\t\t\t\t\t\t\t<article class=\"uagb-post__inner-wrap\">\t\t\t\t\t\t\t\t<div class='uagb-post__image'>\n\t\t\t\t\t\t\t\t\t<a href=\"https:\/\/cori.institute\/index.php\/2023\/04\/05\/tratado-de-los-oceanos-icues\/\" target=\"_self\" rel=\"bookmark noopener noreferrer\"><img decoding=\"async\" width=\"1200\" height=\"900\" src=\"https:\/\/cori.institute\/wp-content\/uploads\/2023\/04\/oceano-icues-tratado-de-la-unesco.jpg\" class=\"attachment-full size-full\" alt=\"oceano icues tratado de la unesco\" srcset=\"https:\/\/cori.institute\/wp-content\/uploads\/2023\/04\/oceano-icues-tratado-de-la-unesco.jpg 1200w, https:\/\/cori.institute\/wp-content\/uploads\/2023\/04\/oceano-icues-tratado-de-la-unesco-300x225.jpg 300w, https:\/\/cori.institute\/wp-content\/uploads\/2023\/04\/oceano-icues-tratado-de-la-unesco-1024x768.jpg 1024w, https:\/\/cori.institute\/wp-content\/uploads\/2023\/04\/oceano-icues-tratado-de-la-unesco-768x576.jpg 768w\" sizes=\"(max-width: 1200px) 100vw, 1200px\" \/>\t\t\t\t\t<\/a>\n\t\t\t\t\t\t\t\t\t<\/div>\n\t\t\t\t\t\t<h3 class=\"uagb-post__title uagb-post__text\">\n\t\t\t\t<a href=\"https:\/\/cori.institute\/index.php\/2023\/04\/05\/tratado-de-los-oceanos-icues\/\" target=\"_self\" rel=\"bookmark noopener noreferrer\">El Tratado de los Oceanos, con Sara Garc\u00eda en ICUES<\/a>\n\t\t\t<\/h3>\n\t\t\t\t\t\t<div class='uagb-post__text uagb-post-grid-byline'>\n\t\t\t\t\t\t\t<\/div>\n\t\t\t\t\t\t<div class=\"uagb-post__text uagb-post__cta wp-block-button\">\n\t\t\t\t<a class=\"wp-block-button__link uagb-text-link\" href=\"https:\/\/cori.institute\/index.php\/2023\/04\/05\/tratado-de-los-oceanos-icues\/\" target=\"_self\" rel=\"bookmark noopener noreferrer\">Read More<\/a>\n\t\t\t<\/div>\n\t\t\t\t\t\t\t\t\t\t\t\t<\/article>\n\t\t\t\t\t\t\t\t\t\t\t\t\t\t\t\t<article class=\"uagb-post__inner-wrap\">\t\t\t\t\t\t\t\t<div class='uagb-post__image'>\n\t\t\t\t\t\t\t\t\t<a href=\"https:\/\/cori.institute\/index.php\/2023\/03\/30\/la-espana-azul-y-ies-mediterraneo\/\" target=\"_self\" rel=\"bookmark noopener noreferrer\"><img loading=\"lazy\" decoding=\"async\" width=\"1280\" height=\"720\" src=\"https:\/\/cori.institute\/wp-content\/uploads\/2023\/03\/photo168000017.jpeg\" class=\"attachment-full size-full\" alt=\"la espa\u00f1a azul, con nacho dean, y los alumnos del ies mediterraneo\" srcset=\"https:\/\/cori.institute\/wp-content\/uploads\/2023\/03\/photo168000017.jpeg 1280w, https:\/\/cori.institute\/wp-content\/uploads\/2023\/03\/photo168000017-300x169.jpeg 300w, https:\/\/cori.institute\/wp-content\/uploads\/2023\/03\/photo168000017-1024x576.jpeg 1024w, https:\/\/cori.institute\/wp-content\/uploads\/2023\/03\/photo168000017-768x432.jpeg 768w\" sizes=\"(max-width: 1280px) 100vw, 1280px\" \/>\t\t\t\t\t<\/a>\n\t\t\t\t\t\t\t\t\t<\/div>\n\t\t\t\t\t\t<h3 class=\"uagb-post__title uagb-post__text\">\n\t\t\t\t<a href=\"https:\/\/cori.institute\/index.php\/2023\/03\/30\/la-espana-azul-y-ies-mediterraneo\/\" target=\"_self\" rel=\"bookmark noopener noreferrer\">La Espa\u00f1a Azul, con Nacho Dean y el IES Mediterr\u00e1neo<\/a>\n\t\t\t<\/h3>\n\t\t\t\t\t\t<div class='uagb-post__text uagb-post-grid-byline'>\n\t\t\t\t\t\t\t<\/div>\n\t\t\t\t\t\t<div class=\"uagb-post__text uagb-post__cta wp-block-button\">\n\t\t\t\t<a class=\"wp-block-button__link uagb-text-link\" href=\"https:\/\/cori.institute\/index.php\/2023\/03\/30\/la-espana-azul-y-ies-mediterraneo\/\" target=\"_self\" rel=\"bookmark noopener noreferrer\">Read More<\/a>\n\t\t\t<\/div>\n\t\t\t\t\t\t\t\t\t\t\t\t<\/article>\n\t\t\t\t\t\t\t\t\t\t\t<\/div>\n\t\t\t<\/div><\/div>\n","protected":false},"excerpt":{"rendered":"<p>Mapa interactivo para dar a conocer nuestras inmersiones con el ROV de NidoRobotics La divulgaci\u00f3n de nuestros mares y oc\u00e9anos es el principal m\u00f3vil del barco de proyectos que CORI desarrolla. Por ello, uno de los \u00faltimos proyectos que se llevan a cabo en CORI es la realizaci\u00f3n de un mapa interactivo de las inmersiones [&hellip;]<\/p>\n","protected":false},"author":2,"featured_media":182,"comment_status":"closed","ping_status":"open","sticky":false,"template":"","format":"standard","meta":{"_uag_custom_page_level_css":"","site-sidebar-layout":"default","site-content-layout":"","ast-site-content-layout":"default","site-content-style":"default","site-sidebar-style":"default","ast-global-header-display":"","ast-banner-title-visibility":"","ast-main-header-display":"","ast-hfb-above-header-display":"","ast-hfb-below-header-display":"","ast-hfb-mobile-header-display":"","site-post-title":"disabled","ast-breadcrumbs-content":"","ast-featured-img":"disabled","footer-sml-layout":"","theme-transparent-header-meta":"","adv-header-id-meta":"","stick-header-meta":"","header-above-stick-meta":"","header-main-stick-meta":"","header-below-stick-meta":"","astra-migrate-meta-layouts":"set","ast-page-background-enabled":"default","ast-page-background-meta":{"desktop":{"background-color":"var(--ast-global-color-4)","background-image":"","background-repeat":"repeat","background-position":"center center","background-size":"auto","background-attachment":"scroll","background-type":"","background-media":"","overlay-type":"","overlay-color":"","overlay-gradient":""},"tablet":{"background-color":"","background-image":"","background-repeat":"repeat","background-position":"center center","background-size":"auto","background-attachment":"scroll","background-type":"","background-media":"","overlay-type":"","overlay-color":"","overlay-gradient":""},"mobile":{"background-color":"","background-image":"","background-repeat":"repeat","background-position":"center center","background-size":"auto","background-attachment":"scroll","background-type":"","background-media":"","overlay-type":"","overlay-color":"","overlay-gradient":""}},"ast-content-background-meta":{"desktop":{"background-color":"var(--ast-global-color-5)","background-image":"","background-repeat":"repeat","background-position":"center center","background-size":"auto","background-attachment":"scroll","background-type":"","background-media":"","overlay-type":"","overlay-color":"","overlay-gradient":""},"tablet":{"background-color":"var(--ast-global-color-5)","background-image":"","background-repeat":"repeat","background-position":"center center","background-size":"auto","background-attachment":"scroll","background-type":"","background-media":"","overlay-type":"","overlay-color":"","overlay-gradient":""},"mobile":{"background-color":"var(--ast-global-color-5)","background-image":"","background-repeat":"repeat","background-position":"center center","background-size":"auto","background-attachment":"scroll","background-type":"","background-media":"","overlay-type":"","overlay-color":"","overlay-gradient":""}},"_themeisle_gutenberg_block_has_review":false,"footnotes":""},"categories":[10],"tags":[],"class_list":["post-689","post","type-post","status-publish","format-standard","has-post-thumbnail","hentry","category-noticias"],"yoast_head":"<!-- This site is optimized with the Yoast SEO plugin v22.3 - https:\/\/yoast.com\/wordpress\/plugins\/seo\/ -->\n<title>Mapa interactivo para conocer nuestras inmersiones con el ROV<\/title>\n<meta name=\"description\" content=\"Nuesta intenci\u00f3n es completar un mapa interactivo de las inmersiones con el ROV con v\u00eddeos de los fondos marinos de la Regi\u00f3n de Murcia.\" \/>\n<meta name=\"robots\" content=\"index, follow, max-snippet:-1, max-image-preview:large, max-video-preview:-1\" \/>\n<link rel=\"canonical\" href=\"https:\/\/cori.institute\/index.php\/2022\/12\/26\/mapa-interactivo-para-dar-a-conocer-nuestras-inmersiones\/\" \/>\n<meta property=\"og:locale\" content=\"en_US\" \/>\n<meta property=\"og:type\" content=\"article\" \/>\n<meta property=\"og:title\" content=\"Mapa interactivo para conocer nuestras inmersiones con el ROV\" \/>\n<meta property=\"og:description\" content=\"Nuesta intenci\u00f3n es completar un mapa interactivo de las inmersiones con el ROV con v\u00eddeos de los fondos marinos de la Regi\u00f3n de Murcia.\" \/>\n<meta property=\"og:url\" content=\"https:\/\/cori.institute\/index.php\/2022\/12\/26\/mapa-interactivo-para-dar-a-conocer-nuestras-inmersiones\/\" \/>\n<meta property=\"article:published_time\" content=\"2022-12-26T12:02:12+00:00\" \/>\n<meta property=\"article:modified_time\" content=\"2023-09-13T11:18:28+00:00\" \/>\n<meta property=\"og:image\" content=\"https:\/\/cori.institute\/wp-content\/uploads\/2022\/12\/locobuoy-2-1.jpeg\" \/>\n\t<meta property=\"og:image:width\" content=\"1024\" \/>\n\t<meta property=\"og:image:height\" content=\"576\" \/>\n\t<meta property=\"og:image:type\" content=\"image\/jpeg\" \/>\n<meta name=\"author\" content=\"Marina\" \/>\n<meta name=\"twitter:card\" content=\"summary_large_image\" \/>\n<meta name=\"twitter:label1\" content=\"Written by\" \/>\n\t<meta name=\"twitter:data1\" content=\"Marina\" \/>\n\t<meta name=\"twitter:label2\" content=\"Est. reading time\" \/>\n\t<meta name=\"twitter:data2\" content=\"2 minutes\" \/>\n<script type=\"application\/ld+json\" class=\"yoast-schema-graph\">{\"@context\":\"https:\/\/schema.org\",\"@graph\":[{\"@type\":\"WebPage\",\"@id\":\"https:\/\/cori.institute\/index.php\/2022\/12\/26\/mapa-interactivo-para-dar-a-conocer-nuestras-inmersiones\/\",\"url\":\"https:\/\/cori.institute\/index.php\/2022\/12\/26\/mapa-interactivo-para-dar-a-conocer-nuestras-inmersiones\/\",\"name\":\"Mapa interactivo para conocer nuestras inmersiones con el ROV\",\"isPartOf\":{\"@id\":\"https:\/\/cori.institute\/#website\"},\"primaryImageOfPage\":{\"@id\":\"https:\/\/cori.institute\/index.php\/2022\/12\/26\/mapa-interactivo-para-dar-a-conocer-nuestras-inmersiones\/#primaryimage\"},\"image\":{\"@id\":\"https:\/\/cori.institute\/index.php\/2022\/12\/26\/mapa-interactivo-para-dar-a-conocer-nuestras-inmersiones\/#primaryimage\"},\"thumbnailUrl\":\"https:\/\/cori.institute\/wp-content\/uploads\/2022\/12\/locobuoy-2-1.jpeg\",\"datePublished\":\"2022-12-26T12:02:12+00:00\",\"dateModified\":\"2023-09-13T11:18:28+00:00\",\"author\":{\"@id\":\"https:\/\/cori.institute\/#\/schema\/person\/22c0b0090fd99161e4b55d25dc27018a\"},\"description\":\"Nuesta intenci\u00f3n es completar un mapa interactivo de las inmersiones con el ROV con v\u00eddeos de los fondos marinos de la Regi\u00f3n de Murcia.\",\"breadcrumb\":{\"@id\":\"https:\/\/cori.institute\/index.php\/2022\/12\/26\/mapa-interactivo-para-dar-a-conocer-nuestras-inmersiones\/#breadcrumb\"},\"inLanguage\":\"en-US\",\"potentialAction\":[{\"@type\":\"ReadAction\",\"target\":[\"https:\/\/cori.institute\/index.php\/2022\/12\/26\/mapa-interactivo-para-dar-a-conocer-nuestras-inmersiones\/\"]}]},{\"@type\":\"ImageObject\",\"inLanguage\":\"en-US\",\"@id\":\"https:\/\/cori.institute\/index.php\/2022\/12\/26\/mapa-interactivo-para-dar-a-conocer-nuestras-inmersiones\/#primaryimage\",\"url\":\"https:\/\/cori.institute\/wp-content\/uploads\/2022\/12\/locobuoy-2-1.jpeg\",\"contentUrl\":\"https:\/\/cori.institute\/wp-content\/uploads\/2022\/12\/locobuoy-2-1.jpeg\",\"width\":1024,\"height\":576,\"caption\":\"ROV DE NIDO ROBOTICS\"},{\"@type\":\"BreadcrumbList\",\"@id\":\"https:\/\/cori.institute\/index.php\/2022\/12\/26\/mapa-interactivo-para-dar-a-conocer-nuestras-inmersiones\/#breadcrumb\",\"itemListElement\":[{\"@type\":\"ListItem\",\"position\":1,\"name\":\"Portada\",\"item\":\"https:\/\/cori.institute\/\"},{\"@type\":\"ListItem\",\"position\":2,\"name\":\"Mapa interactivo para dar a conocer nuestras inmersiones con el ROV de NidoRobotics\"}]},{\"@type\":\"WebSite\",\"@id\":\"https:\/\/cori.institute\/#website\",\"url\":\"https:\/\/cori.institute\/\",\"name\":\"\",\"description\":\"Descubriendo el oc\u00e9ano invisible\",\"potentialAction\":[{\"@type\":\"SearchAction\",\"target\":{\"@type\":\"EntryPoint\",\"urlTemplate\":\"https:\/\/cori.institute\/?s={search_term_string}\"},\"query-input\":\"required name=search_term_string\"}],\"inLanguage\":\"en-US\"},{\"@type\":\"Person\",\"@id\":\"https:\/\/cori.institute\/#\/schema\/person\/22c0b0090fd99161e4b55d25dc27018a\",\"name\":\"Marina\",\"image\":{\"@type\":\"ImageObject\",\"inLanguage\":\"en-US\",\"@id\":\"https:\/\/cori.institute\/#\/schema\/person\/image\/\",\"url\":\"https:\/\/secure.gravatar.com\/avatar\/f6e61f3c0a90145b6c28bae31d494e281804247062f24f8f102470996b6678d9?s=96&d=mm&r=g\",\"contentUrl\":\"https:\/\/secure.gravatar.com\/avatar\/f6e61f3c0a90145b6c28bae31d494e281804247062f24f8f102470996b6678d9?s=96&d=mm&r=g\",\"caption\":\"Marina\"}}]}<\/script>\n<!-- \/ Yoast SEO plugin. -->","yoast_head_json":{"title":"Mapa interactivo para conocer nuestras inmersiones con el ROV","description":"Nuesta intenci\u00f3n es completar un mapa interactivo de las inmersiones con el ROV con v\u00eddeos de los fondos marinos de la Regi\u00f3n de Murcia.","robots":{"index":"index","follow":"follow","max-snippet":"max-snippet:-1","max-image-preview":"max-image-preview:large","max-video-preview":"max-video-preview:-1"},"canonical":"https:\/\/cori.institute\/index.php\/2022\/12\/26\/mapa-interactivo-para-dar-a-conocer-nuestras-inmersiones\/","og_locale":"en_US","og_type":"article","og_title":"Mapa interactivo para conocer nuestras inmersiones con el ROV","og_description":"Nuesta intenci\u00f3n es completar un mapa interactivo de las inmersiones con el ROV con v\u00eddeos de los fondos marinos de la Regi\u00f3n de Murcia.","og_url":"https:\/\/cori.institute\/index.php\/2022\/12\/26\/mapa-interactivo-para-dar-a-conocer-nuestras-inmersiones\/","article_published_time":"2022-12-26T12:02:12+00:00","article_modified_time":"2023-09-13T11:18:28+00:00","og_image":[{"width":1024,"height":576,"url":"https:\/\/cori.institute\/wp-content\/uploads\/2022\/12\/locobuoy-2-1.jpeg","type":"image\/jpeg"}],"author":"Marina","twitter_card":"summary_large_image","twitter_misc":{"Written by":"Marina","Est. reading time":"2 minutes"},"schema":{"@context":"https:\/\/schema.org","@graph":[{"@type":"WebPage","@id":"https:\/\/cori.institute\/index.php\/2022\/12\/26\/mapa-interactivo-para-dar-a-conocer-nuestras-inmersiones\/","url":"https:\/\/cori.institute\/index.php\/2022\/12\/26\/mapa-interactivo-para-dar-a-conocer-nuestras-inmersiones\/","name":"Mapa interactivo para conocer nuestras inmersiones con el ROV","isPartOf":{"@id":"https:\/\/cori.institute\/#website"},"primaryImageOfPage":{"@id":"https:\/\/cori.institute\/index.php\/2022\/12\/26\/mapa-interactivo-para-dar-a-conocer-nuestras-inmersiones\/#primaryimage"},"image":{"@id":"https:\/\/cori.institute\/index.php\/2022\/12\/26\/mapa-interactivo-para-dar-a-conocer-nuestras-inmersiones\/#primaryimage"},"thumbnailUrl":"https:\/\/cori.institute\/wp-content\/uploads\/2022\/12\/locobuoy-2-1.jpeg","datePublished":"2022-12-26T12:02:12+00:00","dateModified":"2023-09-13T11:18:28+00:00","author":{"@id":"https:\/\/cori.institute\/#\/schema\/person\/22c0b0090fd99161e4b55d25dc27018a"},"description":"Nuesta intenci\u00f3n es completar un mapa interactivo de las inmersiones con el ROV con v\u00eddeos de los fondos marinos de la Regi\u00f3n de Murcia.","breadcrumb":{"@id":"https:\/\/cori.institute\/index.php\/2022\/12\/26\/mapa-interactivo-para-dar-a-conocer-nuestras-inmersiones\/#breadcrumb"},"inLanguage":"en-US","potentialAction":[{"@type":"ReadAction","target":["https:\/\/cori.institute\/index.php\/2022\/12\/26\/mapa-interactivo-para-dar-a-conocer-nuestras-inmersiones\/"]}]},{"@type":"ImageObject","inLanguage":"en-US","@id":"https:\/\/cori.institute\/index.php\/2022\/12\/26\/mapa-interactivo-para-dar-a-conocer-nuestras-inmersiones\/#primaryimage","url":"https:\/\/cori.institute\/wp-content\/uploads\/2022\/12\/locobuoy-2-1.jpeg","contentUrl":"https:\/\/cori.institute\/wp-content\/uploads\/2022\/12\/locobuoy-2-1.jpeg","width":1024,"height":576,"caption":"ROV DE NIDO ROBOTICS"},{"@type":"BreadcrumbList","@id":"https:\/\/cori.institute\/index.php\/2022\/12\/26\/mapa-interactivo-para-dar-a-conocer-nuestras-inmersiones\/#breadcrumb","itemListElement":[{"@type":"ListItem","position":1,"name":"Portada","item":"https:\/\/cori.institute\/"},{"@type":"ListItem","position":2,"name":"Mapa interactivo para dar a conocer nuestras inmersiones con el ROV de NidoRobotics"}]},{"@type":"WebSite","@id":"https:\/\/cori.institute\/#website","url":"https:\/\/cori.institute\/","name":"","description":"Descubriendo el oc\u00e9ano invisible","potentialAction":[{"@type":"SearchAction","target":{"@type":"EntryPoint","urlTemplate":"https:\/\/cori.institute\/?s={search_term_string}"},"query-input":"required name=search_term_string"}],"inLanguage":"en-US"},{"@type":"Person","@id":"https:\/\/cori.institute\/#\/schema\/person\/22c0b0090fd99161e4b55d25dc27018a","name":"Marina","image":{"@type":"ImageObject","inLanguage":"en-US","@id":"https:\/\/cori.institute\/#\/schema\/person\/image\/","url":"https:\/\/secure.gravatar.com\/avatar\/f6e61f3c0a90145b6c28bae31d494e281804247062f24f8f102470996b6678d9?s=96&d=mm&r=g","contentUrl":"https:\/\/secure.gravatar.com\/avatar\/f6e61f3c0a90145b6c28bae31d494e281804247062f24f8f102470996b6678d9?s=96&d=mm&r=g","caption":"Marina"}}]}},"uagb_featured_image_src":{"full":["https:\/\/cori.institute\/wp-content\/uploads\/2022\/12\/locobuoy-2-1.jpeg",1024,576,false],"thumbnail":["https:\/\/cori.institute\/wp-content\/uploads\/2022\/12\/locobuoy-2-1-150x150.jpeg",150,150,true],"medium":["https:\/\/cori.institute\/wp-content\/uploads\/2022\/12\/locobuoy-2-1-300x169.jpeg",300,169,true],"medium_large":["https:\/\/cori.institute\/wp-content\/uploads\/2022\/12\/locobuoy-2-1-768x432.jpeg",768,432,true],"large":["https:\/\/cori.institute\/wp-content\/uploads\/2022\/12\/locobuoy-2-1.jpeg",1024,576,false],"1536x1536":["https:\/\/cori.institute\/wp-content\/uploads\/2022\/12\/locobuoy-2-1.jpeg",1024,576,false],"2048x2048":["https:\/\/cori.institute\/wp-content\/uploads\/2022\/12\/locobuoy-2-1.jpeg",1024,576,false]},"uagb_author_info":{"display_name":"Marina","author_link":"https:\/\/cori.institute\/index.php\/author\/marina\/"},"uagb_comment_info":0,"uagb_excerpt":"Mapa interactivo para dar a conocer nuestras inmersiones con el ROV de NidoRobotics La divulgaci\u00f3n de nuestros mares y oc\u00e9anos es el principal m\u00f3vil del barco de proyectos que CORI desarrolla. Por ello, uno de los \u00faltimos proyectos que se llevan a cabo en CORI es la realizaci\u00f3n de un mapa interactivo de las inmersiones&hellip;","_links":{"self":[{"href":"https:\/\/cori.institute\/index.php\/wp-json\/wp\/v2\/posts\/689","targetHints":{"allow":["GET"]}}],"collection":[{"href":"https:\/\/cori.institute\/index.php\/wp-json\/wp\/v2\/posts"}],"about":[{"href":"https:\/\/cori.institute\/index.php\/wp-json\/wp\/v2\/types\/post"}],"author":[{"embeddable":true,"href":"https:\/\/cori.institute\/index.php\/wp-json\/wp\/v2\/users\/2"}],"replies":[{"embeddable":true,"href":"https:\/\/cori.institute\/index.php\/wp-json\/wp\/v2\/comments?post=689"}],"version-history":[{"count":0,"href":"https:\/\/cori.institute\/index.php\/wp-json\/wp\/v2\/posts\/689\/revisions"}],"wp:featuredmedia":[{"embeddable":true,"href":"https:\/\/cori.institute\/index.php\/wp-json\/wp\/v2\/media\/182"}],"wp:attachment":[{"href":"https:\/\/cori.institute\/index.php\/wp-json\/wp\/v2\/media?parent=689"}],"wp:term":[{"taxonomy":"category","embeddable":true,"href":"https:\/\/cori.institute\/index.php\/wp-json\/wp\/v2\/categories?post=689"},{"taxonomy":"post_tag","embeddable":true,"href":"https:\/\/cori.institute\/index.php\/wp-json\/wp\/v2\/tags?post=689"}],"curies":[{"name":"wp","href":"https:\/\/api.w.org\/{rel}","templated":true}]}}