{"id":79,"date":"2022-12-22T19:07:12","date_gmt":"2022-12-22T19:07:12","guid":{"rendered":"https:\/\/cori.institute\/?p=79"},"modified":"2026-04-25T07:26:37","modified_gmt":"2026-04-25T07:26:37","slug":"si-el-oceano-hablara-podcast-internacional-sobre-el-mediterraneo","status":"publish","type":"post","link":"https:\/\/cori.institute\/index.php\/2022\/12\/22\/si-el-oceano-hablara-podcast-internacional-sobre-el-mediterraneo\/","title":{"rendered":"&#8220;Si el oc\u00e9ano hablara&#8221;, podcast internacional sobre el Mediterr\u00e1neo"},"content":{"rendered":"\n<div class=\"wp-block-cover alignfull is-light\" style=\"min-height:511px;aspect-ratio:unset;\"><span aria-hidden=\"true\" class=\"wp-block-cover__background has-background-dim-100 has-background-dim has-background-gradient\" style=\"background:linear-gradient(180deg,rgb(14,15,38) 62%,rgb(255,255,255) 62%)\"><\/span><div class=\"wp-block-cover__inner-container is-layout-flow wp-block-cover-is-layout-flow\">\n<h1 class=\"wp-block-heading\" style=\"margin-top:0;margin-right:var(--wp--preset--spacing--50);margin-bottom:var(--wp--preset--spacing--80);margin-left:var(--wp--preset--spacing--50)\">&#8220;Si el oc\u00e9ano hablara&#8221;, podcast internacional sobre el Mediterr\u00e1neo<\/h1>\n\n\n\n<figure class=\"wp-block-image aligncenter size-full is-resized has-custom-border\"><img decoding=\"async\" src=\"https:\/\/cori.institute\/wp-content\/uploads\/2022\/12\/if-oceans-could-speak-copia.jpg\" alt=\"cartel del podcast internacional si el oc\u00e9ano hablara\" class=\"wp-image-162\" style=\"border-radius:50px;width:500px\" width=\"500\" srcset=\"https:\/\/cori.institute\/wp-content\/uploads\/2022\/12\/if-oceans-could-speak-copia.jpg 500w, https:\/\/cori.institute\/wp-content\/uploads\/2022\/12\/if-oceans-could-speak-copia-300x300.jpg 300w, https:\/\/cori.institute\/wp-content\/uploads\/2022\/12\/if-oceans-could-speak-copia-150x150.jpg 150w\" sizes=\"(max-width: 500px) 100vw, 500px\" \/><\/figure>\n<\/div><\/div>\n\n\n\n<p class=\"has-link-color wp-elements-a029a1d2d33a3bb804b6b07d7e702e08\" style=\"padding-right:var(--wp--preset--spacing--50);padding-left:var(--wp--preset--spacing--50)\">Se trata de una iniciativa de&nbsp;<a href=\"https:\/\/eurocean.org\/projects\/eu4ocean-the-european-ocean-coalition\/\" target=\"_blank\" rel=\"noreferrer noopener\">EU4Ocean<\/a>&nbsp;en la que se habla en un podcast internacional sobre el&nbsp;<strong>Mediterr\u00e1neo<\/strong>&nbsp;hasta en 5 idiomas con los pa\u00edses que lo rodean para dar una visi\u00f3n global de su situaci\u00f3n. La voz en espa\u00f1ol la ha puesto CORI en el cuarto episodio de esta red de&nbsp;<strong>podcasts<\/strong>, con la participaci\u00f3n de&nbsp;<strong>Mar\u00eda del Carmen Garc\u00eda Mart\u00ednez<\/strong>. Ella es investigadora y directora de la sede de M\u00e1laga del Instituto Espa\u00f1ol de Oceanograf\u00eda.&nbsp;Entre sus muchas tareas, Mar\u00eda del Carmen est\u00e1 vinculada a&nbsp;<strong>Oce\u00e1nicas<\/strong>, un proyecto para visualizar el papel de la mujer en la oceanograf\u00eda.<\/p>\n\n\n\n<div class=\"wp-block-cover alignfull\" style=\"margin-top:var(--wp--preset--spacing--60);margin-bottom:var(--wp--preset--spacing--60);min-height:290px;aspect-ratio:unset;\"><span aria-hidden=\"true\" class=\"wp-block-cover__background has-background-dim-100 has-background-dim\" style=\"background-color:#0e0f26\"><\/span><div class=\"wp-block-cover__inner-container is-layout-constrained wp-block-cover-is-layout-constrained\">\n<h2 class=\"wp-block-heading has-text-align-center\" style=\"padding-right:var(--wp--preset--spacing--50);padding-left:var(--wp--preset--spacing--50)\">Empoderando a las mujeres en las ciencias marinas<\/h2>\n\n\n\n<p class=\"has-white-color has-text-color\" style=\"padding-right:var(--wp--preset--spacing--50);padding-left:var(--wp--preset--spacing--50)\">Las mujeres todav\u00eda tienen que afrontar muchos retos cu\u00e1ndo optan por realizar una carrera en ciencias, pero \u00bfocurre lo mismo en las ciencias marinas? En el cuarto\u00a0<a href=\"https:\/\/webgate.ec.europa.eu\/maritimeforum\/en\/node\/7373\" target=\"_blank\" rel=\"noreferrer noopener\">cap\u00edtulo<\/a>\u00a0de este podcast internacional sobre el mediterr\u00e1neo, \u2018<strong>If Oceans Could Speak<\/strong>\u2018 (&#8216;Si el oc\u00e9ano hablara&#8217; en espa\u00f1ol), podr\u00e1s conocer m\u00e1s sobre el rol de la mujer en las ciencias marinas, empoderamiento y carreras azules.<\/p>\n\n\n\n<p style=\"padding-right:var(--wp--preset--spacing--50);padding-left:var(--wp--preset--spacing--50)\">Desarrollar una carrera en el \u00e1mbito cient\u00edfico implica un gran n\u00famero de retos para una mujer, pero\u00a0<strong>\u00bfpodr\u00edan ser m\u00e1s en un \u00e1mbito tan masculinizado como el marino?<\/strong>\u00a0Maria del Carmen nos explica qu\u00e9 es el problema de la\u00a0<strong>tuber\u00eda que gotea<\/strong>,\u00a0<strong>acoso sexual en el mar<\/strong>\u00a0y qu\u00e9 se necesita cambiar para conseguir la<strong>\u00a0igualdad de g\u00e9neros.<\/strong><\/p>\n<\/div><\/div>\n\n\n\n<div class=\"wp-block-columns is-layout-flex wp-container-core-columns-is-layout-c47336c3 wp-block-columns-is-layout-flex\" style=\"margin-top:0;margin-bottom:0;padding-top:var(--wp--preset--spacing--60);padding-bottom:var(--wp--preset--spacing--60)\">\n<div class=\"wp-block-column is-vertically-aligned-center is-layout-flow wp-block-column-is-layout-flow\" style=\"flex-basis:10%\">      \n\n\t<div class=\"uagb-icon-wrapper uagb-block-2fbb3474 \"\t>\n\t<span class=\"uagb-svg-wrapper\" aria-label=&quot;quote-left&quot;>\t\t\n\t\t\t\t\t\t\t<svg xmlns=\"https:\/\/www.w3.org\/2000\/svg\" viewBox= \"0 0 448 512\" role=\"graphics-symbol\" aria-hidden=\"false\" aria-label=\"\"><path d=\"M96 224C84.72 224 74.05 226.3 64 229.9V224c0-35.3 28.7-64 64-64c17.67 0 32-14.33 32-32S145.7 96 128 96C57.42 96 0 153.4 0 224v96c0 53.02 42.98 96 96 96s96-42.98 96-96S149 224 96 224zM352 224c-11.28 0-21.95 2.305-32 5.879V224c0-35.3 28.7-64 64-64c17.67 0 32-14.33 32-32s-14.33-32-32-32c-70.58 0-128 57.42-128 128v96c0 53.02 42.98 96 96 96s96-42.98 96-96S405 224 352 224z\"><\/path><\/svg>\n\t\t\t\t\t<\/span>\n\t<\/div>\n\n\t\t\t<\/div>\n\n\n\n<div class=\"wp-block-column is-vertically-aligned-center is-layout-flow wp-block-column-is-layout-flow\">\n<div class=\"wp-block-uagb-blockquote uagb-block-88786924 uagb-blockquote__skin-border uagb-blockquote__stack-img-none\"><blockquote class=\"uagb-blockquote\"><div class=\"uagb-blockquote__content\"><em>\u201cCu\u00e1ndo te embarcas en un buque oceanogr\u00e1fico hay cosas que est\u00e1n bien, otras que no est\u00e1n exactamente bien, y otras que est\u00e1n mal\u201d\u00a0.<\/em><\/div><footer><div class=\"uagb-blockquote__author-wrap uagb-blockquote__author-at-left\"><cite class=\"uagb-blockquote__author\"><strong>M. Carmen Garc\u00eda Mart\u00ednez<\/strong><\/cite><\/div><\/footer><\/blockquote><\/div>\n<\/div>\n<\/div>\n\n\n\n<p style=\"margin-right:var(--wp--preset--spacing--50);margin-left:var(--wp--preset--spacing--50)\">Durante el recorrido, descubriremos c\u00f3mo Mar\u00eda del Carmen comenz\u00f3 su carrera en las ciencias marinas, su traslado del&nbsp;<strong>Atl\u00e1ntico al Mediterr\u00e1neo<\/strong>, las&nbsp;<strong>amenazas de este mar debido a la actividad humana<\/strong>&nbsp;y su conexi\u00f3n personal con este mar.<\/p>\n\n\n\n<div class=\"wp-block-columns is-layout-flex wp-container-core-columns-is-layout-c47336c3 wp-block-columns-is-layout-flex\" style=\"margin-top:0;margin-bottom:0;padding-top:var(--wp--preset--spacing--60);padding-bottom:var(--wp--preset--spacing--60)\">\n<div class=\"wp-block-column is-vertically-aligned-center is-layout-flow wp-block-column-is-layout-flow\" style=\"flex-basis:10%\">      \n\n\t<div class=\"uagb-icon-wrapper uagb-block-d800e0f9 \"\t>\n\t<span class=\"uagb-svg-wrapper\" aria-label=&quot;quote-left&quot;>\t\t\n\t\t\t\t\t\t\t<svg xmlns=\"https:\/\/www.w3.org\/2000\/svg\" viewBox= \"0 0 448 512\" role=\"graphics-symbol\" aria-hidden=\"false\" aria-label=\"\"><path d=\"M96 224C84.72 224 74.05 226.3 64 229.9V224c0-35.3 28.7-64 64-64c17.67 0 32-14.33 32-32S145.7 96 128 96C57.42 96 0 153.4 0 224v96c0 53.02 42.98 96 96 96s96-42.98 96-96S149 224 96 224zM352 224c-11.28 0-21.95 2.305-32 5.879V224c0-35.3 28.7-64 64-64c17.67 0 32-14.33 32-32s-14.33-32-32-32c-70.58 0-128 57.42-128 128v96c0 53.02 42.98 96 96 96s96-42.98 96-96S405 224 352 224z\"><\/path><\/svg>\n\t\t\t\t\t<\/span>\n\t<\/div>\n\n\t\t\t<\/div>\n\n\n\n<div class=\"wp-block-column is-vertically-aligned-center is-layout-flow wp-block-column-is-layout-flow\">\n<div class=\"wp-block-uagb-blockquote uagb-block-a41cc979 uagb-blockquote__skin-border uagb-blockquote__stack-img-none\"><blockquote class=\"uagb-blockquote\"><div class=\"uagb-blockquote__content\"><em><em>\u201cYo estoy en\u00a0<\/em><strong><em>contacto pleno con la naturaleza<\/em><\/strong><em>, incluso aunque est\u00e9 en un barco d\u00f3nde ha much\u00edsimas tecnolog\u00eda, estoy en contacto con la naturaleza\u201d.<\/em><\/em><\/div><footer><div class=\"uagb-blockquote__author-wrap uagb-blockquote__author-at-left\"><cite class=\"uagb-blockquote__author\"><strong>M. Carmen Garc\u00eda Mart\u00ednez<\/strong><\/cite><\/div><\/footer><\/blockquote><\/div>\n<\/div>\n<\/div>\n\n\n\n<div class=\"wp-block-columns is-layout-flex wp-container-core-columns-is-layout-c47336c3 wp-block-columns-is-layout-flex\" style=\"margin-top:0;margin-bottom:0;padding-top:var(--wp--preset--spacing--60);padding-bottom:var(--wp--preset--spacing--60)\">\n<div class=\"wp-block-column is-vertically-aligned-center is-layout-flow wp-block-column-is-layout-flow\" style=\"flex-basis:10%\">      \n\n\t<div class=\"uagb-icon-wrapper uagb-block-5bd7988d \"\t>\n\t<span class=\"uagb-svg-wrapper\" aria-label=&quot;quote-left&quot;>\t\t\n\t\t\t\t\t\t\t<svg xmlns=\"https:\/\/www.w3.org\/2000\/svg\" viewBox= \"0 0 448 512\" role=\"graphics-symbol\" aria-hidden=\"false\" aria-label=\"\"><path d=\"M96 224C84.72 224 74.05 226.3 64 229.9V224c0-35.3 28.7-64 64-64c17.67 0 32-14.33 32-32S145.7 96 128 96C57.42 96 0 153.4 0 224v96c0 53.02 42.98 96 96 96s96-42.98 96-96S149 224 96 224zM352 224c-11.28 0-21.95 2.305-32 5.879V224c0-35.3 28.7-64 64-64c17.67 0 32-14.33 32-32s-14.33-32-32-32c-70.58 0-128 57.42-128 128v96c0 53.02 42.98 96 96 96s96-42.98 96-96S405 224 352 224z\"><\/path><\/svg>\n\t\t\t\t\t<\/span>\n\t<\/div>\n\n\t\t\t<\/div>\n\n\n\n<div class=\"wp-block-column is-vertically-aligned-center is-layout-flow wp-block-column-is-layout-flow\">\n<div class=\"wp-block-uagb-blockquote uagb-block-e834d73e uagb-blockquote__skin-border uagb-blockquote__stack-img-none\"><blockquote class=\"uagb-blockquote\"><div class=\"uagb-blockquote__content\"><em><em><em>\u201cEl Mediterr\u00e1neo es el mar de mares El mar de culturas, el mar de gentes\u201d .<\/em><\/em><\/em><\/div><footer><div class=\"uagb-blockquote__author-wrap uagb-blockquote__author-at-left\"><cite class=\"uagb-blockquote__author\"><strong>M. Carmen Garc\u00eda Mart\u00ednez<\/strong><\/cite><\/div><\/footer><\/blockquote><\/div>\n<\/div>\n<\/div>\n\n\n\n<p class=\"has-link-color wp-elements-ecf68daacd08f12f1d7fd23b6a8f8c07\" style=\"padding-right:var(--wp--preset--spacing--50);padding-left:var(--wp--preset--spacing--50)\">Finalmente, hablaremos de\u00a0<a href=\"https:\/\/oceanicas.ieo.es\/\" target=\"_blank\" rel=\"noreferrer noopener\">Oce\u00e1nicas<\/a>, un proyecto para poner en relieve el papel que ha jugado la mujer en la historia de las ciencias marinas.<br>Tambi\u00e9n puedes acceder a la entrevista en spotify pinchando\u00a0<a href=\"https:\/\/open.spotify.com\/show\/0kzToAtyPIydllXQHh0LSj\" target=\"_blank\" rel=\"noreferrer noopener\">aqu\u00ed<\/a>.<\/p>\n\n\n\n<div class=\"wp-block-buttons is-content-justification-center is-layout-flex wp-container-core-buttons-is-layout-d234f690 wp-block-buttons-is-layout-flex\" style=\"margin-top:var(--wp--preset--spacing--50);margin-bottom:var(--wp--preset--spacing--50)\">\n<div class=\"wp-block-button is-style-outline is-style-outline--1\"><a class=\"wp-block-button__link has-ast-global-color-5-color has-text-color has-background has-text-align-center wp-element-button\" style=\"border-width:3px;background-color:#0e0f26\"><strong>Entrevista en Spotify<\/strong><\/a><\/div>\n<\/div>\n\n\n\n<p class=\"has-link-color wp-elements-6a5e6c14130308d853e6ab04394cb317\" style=\"padding-right:var(--wp--preset--spacing--50);padding-left:var(--wp--preset--spacing--50)\">Si est\u00e1s interesado en el oc\u00e9ano y quieres escuchar otras entrevistas en Espa\u00f1ol, te animamos a escuchar\u00a0<strong><a href=\"https:\/\/cori.institute\/index.php\/2022\/12\/22\/ices-de-cori\/\" target=\"_blank\" rel=\"noreferrer noopener\">ICUES<\/a><\/strong>,\u00a0un\u00a0podcast en colaboraci\u00f3n con Onda Regional de Murcia.<\/p>\n\n\n\n<div class=\"wp-block-cover alignfull\" style=\"padding-top:var(--wp--preset--spacing--50);padding-right:var(--wp--preset--spacing--50);padding-bottom:var(--wp--preset--spacing--50);padding-left:var(--wp--preset--spacing--50)\"><span aria-hidden=\"true\" class=\"wp-block-cover__background has-background-dim-100 has-background-dim\" style=\"background-color:#0e0f26\"><\/span><div class=\"wp-block-cover__inner-container is-layout-flow wp-block-cover-is-layout-flow\">\n<h2 class=\"wp-block-heading\">\u00daltimos Proyectos<\/h2>\n\n\n\n\t\t\t<div class=\"wp-block-uagb-post-carousel uagb-post-grid  uagb-post__image-position-top uagb-post__image-enabled uagb-block-c12dc912     uagb-post__arrow-outside uagb-slick-carousel uagb-post__items uagb-post__columns-3 is-carousel uagb-post__columns-tablet-2 uagb-post__columns-mobile-1 uagb-post__carousel_equal-height\" data-total=\"2\" style=\"\">\n\n\t\t\t\t\t\t\t\t\t\t\t\t<article class=\"uagb-post__inner-wrap\">\t\t\t\t\t\t\t\t<div class='uagb-post__image'>\n\t\t\t\t\t\t\t\t\t<a href=\"https:\/\/cori.institute\/index.php\/2026\/04\/26\/plantilla-entradas-proyectos-2\/\" target=\"_self\" rel=\"bookmark noopener noreferrer\"><img fetchpriority=\"high\" decoding=\"async\" width=\"1920\" height=\"1275\" src=\"https:\/\/cori.institute\/wp-content\/uploads\/2026\/04\/Palma_Aquarium-Pez_guitarra.jpg\" class=\"attachment-full size-full\" alt=\"\" srcset=\"https:\/\/cori.institute\/wp-content\/uploads\/2026\/04\/Palma_Aquarium-Pez_guitarra.jpg 1920w, https:\/\/cori.institute\/wp-content\/uploads\/2026\/04\/Palma_Aquarium-Pez_guitarra-300x199.jpg 300w, https:\/\/cori.institute\/wp-content\/uploads\/2026\/04\/Palma_Aquarium-Pez_guitarra-1024x680.jpg 1024w, https:\/\/cori.institute\/wp-content\/uploads\/2026\/04\/Palma_Aquarium-Pez_guitarra-768x510.jpg 768w, https:\/\/cori.institute\/wp-content\/uploads\/2026\/04\/Palma_Aquarium-Pez_guitarra-1536x1020.jpg 1536w\" sizes=\"(max-width: 1920px) 100vw, 1920px\" \/>\t\t\t\t\t<\/a>\n\t\t\t\t\t\t\t\t\t<\/div>\n\t\t\t\t\t\t<h3 class=\"uagb-post__title uagb-post__text\">\n\t\t\t\t<a href=\"https:\/\/cori.institute\/index.php\/2026\/04\/26\/plantilla-entradas-proyectos-2\/\" target=\"_self\" rel=\"bookmark noopener noreferrer\">Guitar-Hero 2<\/a>\n\t\t\t<\/h3>\n\t\t\t\t\t\t<div class='uagb-post__text uagb-post-grid-byline'>\n\t\t\t\t\t\t\t<\/div>\n\t\t\t\t\t\t<div class=\"uagb-post__text uagb-post__cta wp-block-button\">\n\t\t\t\t<a class=\"wp-block-button__link uagb-text-link\" href=\"https:\/\/cori.institute\/index.php\/2026\/04\/26\/plantilla-entradas-proyectos-2\/\" target=\"_self\" rel=\"bookmark noopener noreferrer\">Read More<\/a>\n\t\t\t<\/div>\n\t\t\t\t\t\t\t\t\t\t\t\t<\/article>\n\t\t\t\t\t\t\t\t\t\t\t\t\t\t\t\t<article class=\"uagb-post__inner-wrap\">\t\t\t\t\t\t\t\t<div class='uagb-post__image'>\n\t\t\t\t\t\t\t\t\t<a href=\"https:\/\/cori.institute\/index.php\/2026\/04\/25\/plantilla-entradas-proyectos\/\" target=\"_self\" rel=\"bookmark noopener noreferrer\"><img decoding=\"async\" width=\"2560\" height=\"1439\" src=\"https:\/\/cori.institute\/wp-content\/uploads\/2026\/04\/vlcsnap-2025-08-22-13h58m59s135-scaled.png\" class=\"attachment-full size-full\" alt=\"\" srcset=\"https:\/\/cori.institute\/wp-content\/uploads\/2026\/04\/vlcsnap-2025-08-22-13h58m59s135-scaled.png 2560w, https:\/\/cori.institute\/wp-content\/uploads\/2026\/04\/vlcsnap-2025-08-22-13h58m59s135-300x169.png 300w, https:\/\/cori.institute\/wp-content\/uploads\/2026\/04\/vlcsnap-2025-08-22-13h58m59s135-1024x576.png 1024w, https:\/\/cori.institute\/wp-content\/uploads\/2026\/04\/vlcsnap-2025-08-22-13h58m59s135-768x432.png 768w, https:\/\/cori.institute\/wp-content\/uploads\/2026\/04\/vlcsnap-2025-08-22-13h58m59s135-1536x863.png 1536w, https:\/\/cori.institute\/wp-content\/uploads\/2026\/04\/vlcsnap-2025-08-22-13h58m59s135-2048x1151.png 2048w\" sizes=\"(max-width: 2560px) 100vw, 2560px\" \/>\t\t\t\t\t<\/a>\n\t\t\t\t\t\t\t\t\t<\/div>\n\t\t\t\t\t\t<h3 class=\"uagb-post__title uagb-post__text\">\n\t\t\t\t<a href=\"https:\/\/cori.institute\/index.php\/2026\/04\/25\/plantilla-entradas-proyectos\/\" target=\"_self\" rel=\"bookmark noopener noreferrer\">400 + 100<\/a>\n\t\t\t<\/h3>\n\t\t\t\t\t\t<div class='uagb-post__text uagb-post-grid-byline'>\n\t\t\t\t\t\t\t<\/div>\n\t\t\t\t\t\t<div class=\"uagb-post__text uagb-post__cta wp-block-button\">\n\t\t\t\t<a class=\"wp-block-button__link uagb-text-link\" href=\"https:\/\/cori.institute\/index.php\/2026\/04\/25\/plantilla-entradas-proyectos\/\" target=\"_self\" rel=\"bookmark noopener noreferrer\">Read More<\/a>\n\t\t\t<\/div>\n\t\t\t\t\t\t\t\t\t\t\t\t<\/article>\n\t\t\t\t\t\t\t\t\t\t\t\t\t\t\t\t<article class=\"uagb-post__inner-wrap\">\t\t\t\t\t\t\t\t<div class='uagb-post__image'>\n\t\t\t\t\t\t\t\t\t<a href=\"https:\/\/cori.institute\/index.php\/2026\/04\/25\/cangodeep\/\" target=\"_self\" rel=\"bookmark noopener noreferrer\"><img decoding=\"async\" width=\"2560\" height=\"1920\" src=\"https:\/\/cori.institute\/wp-content\/uploads\/2026\/04\/IMG_20260421_102841-scaled.jpg\" class=\"attachment-full size-full\" alt=\"\" srcset=\"https:\/\/cori.institute\/wp-content\/uploads\/2026\/04\/IMG_20260421_102841-scaled.jpg 2560w, https:\/\/cori.institute\/wp-content\/uploads\/2026\/04\/IMG_20260421_102841-300x225.jpg 300w, https:\/\/cori.institute\/wp-content\/uploads\/2026\/04\/IMG_20260421_102841-1024x768.jpg 1024w, https:\/\/cori.institute\/wp-content\/uploads\/2026\/04\/IMG_20260421_102841-768x576.jpg 768w, https:\/\/cori.institute\/wp-content\/uploads\/2026\/04\/IMG_20260421_102841-1536x1152.jpg 1536w, https:\/\/cori.institute\/wp-content\/uploads\/2026\/04\/IMG_20260421_102841-2048x1536.jpg 2048w\" sizes=\"(max-width: 2560px) 100vw, 2560px\" \/>\t\t\t\t\t<\/a>\n\t\t\t\t\t\t\t\t\t<\/div>\n\t\t\t\t\t\t<h3 class=\"uagb-post__title uagb-post__text\">\n\t\t\t\t<a href=\"https:\/\/cori.institute\/index.php\/2026\/04\/25\/cangodeep\/\" target=\"_self\" rel=\"bookmark noopener noreferrer\">CanGoDeep<\/a>\n\t\t\t<\/h3>\n\t\t\t\t\t\t<div class='uagb-post__text uagb-post-grid-byline'>\n\t\t\t\t\t\t\t<\/div>\n\t\t\t\t\t\t<div class=\"uagb-post__text uagb-post__cta wp-block-button\">\n\t\t\t\t<a class=\"wp-block-button__link uagb-text-link\" href=\"https:\/\/cori.institute\/index.php\/2026\/04\/25\/cangodeep\/\" target=\"_self\" rel=\"bookmark noopener noreferrer\">Read More<\/a>\n\t\t\t<\/div>\n\t\t\t\t\t\t\t\t\t\t\t\t<\/article>\n\t\t\t\t\t\t\t\t\t\t\t\t\t\t\t\t<article class=\"uagb-post__inner-wrap\">\t\t\t\t\t\t\t\t<div class='uagb-post__image'>\n\t\t\t\t\t\t\t\t\t<a href=\"https:\/\/cori.institute\/index.php\/2023\/09\/15\/aladroque-efectos-del-cambio-climatico\/\" target=\"_self\" rel=\"bookmark noopener noreferrer\"><img loading=\"lazy\" decoding=\"async\" width=\"2560\" height=\"1920\" src=\"https:\/\/cori.institute\/wp-content\/uploads\/2022\/12\/bed4c93e-07a5-44cf-9c29-89f84e5aa3e6-scaled.jpg\" class=\"attachment-full size-full\" alt=\"\" srcset=\"https:\/\/cori.institute\/wp-content\/uploads\/2022\/12\/bed4c93e-07a5-44cf-9c29-89f84e5aa3e6-scaled.jpg 2560w, https:\/\/cori.institute\/wp-content\/uploads\/2022\/12\/bed4c93e-07a5-44cf-9c29-89f84e5aa3e6-300x225.jpg 300w, https:\/\/cori.institute\/wp-content\/uploads\/2022\/12\/bed4c93e-07a5-44cf-9c29-89f84e5aa3e6-1024x768.jpg 1024w, https:\/\/cori.institute\/wp-content\/uploads\/2022\/12\/bed4c93e-07a5-44cf-9c29-89f84e5aa3e6-768x576.jpg 768w, https:\/\/cori.institute\/wp-content\/uploads\/2022\/12\/bed4c93e-07a5-44cf-9c29-89f84e5aa3e6-1536x1152.jpg 1536w, https:\/\/cori.institute\/wp-content\/uploads\/2022\/12\/bed4c93e-07a5-44cf-9c29-89f84e5aa3e6-2048x1536.jpg 2048w\" sizes=\"(max-width: 2560px) 100vw, 2560px\" \/>\t\t\t\t\t<\/a>\n\t\t\t\t\t\t\t\t\t<\/div>\n\t\t\t\t\t\t<h3 class=\"uagb-post__title uagb-post__text\">\n\t\t\t\t<a href=\"https:\/\/cori.institute\/index.php\/2023\/09\/15\/aladroque-efectos-del-cambio-climatico\/\" target=\"_self\" rel=\"bookmark noopener noreferrer\">Aladroque<\/a>\n\t\t\t<\/h3>\n\t\t\t\t\t\t<div class='uagb-post__text uagb-post-grid-byline'>\n\t\t\t\t\t\t\t<\/div>\n\t\t\t\t\t\t<div class=\"uagb-post__text uagb-post__cta wp-block-button\">\n\t\t\t\t<a class=\"wp-block-button__link uagb-text-link\" href=\"https:\/\/cori.institute\/index.php\/2023\/09\/15\/aladroque-efectos-del-cambio-climatico\/\" target=\"_self\" rel=\"bookmark noopener noreferrer\">Read More<\/a>\n\t\t\t<\/div>\n\t\t\t\t\t\t\t\t\t\t\t\t<\/article>\n\t\t\t\t\t\t\t\t\t\t\t\t\t\t\t\t<article class=\"uagb-post__inner-wrap\">\t\t\t\t\t\t\t\t<div class='uagb-post__image'>\n\t\t\t\t\t\t\t\t\t<a href=\"https:\/\/cori.institute\/index.php\/2023\/06\/14\/observatorio-ciudadano-oceanografico-oco\/\" target=\"_self\" rel=\"bookmark noopener noreferrer\"><img loading=\"lazy\" decoding=\"async\" width=\"1049\" height=\"645\" src=\"https:\/\/cori.institute\/wp-content\/uploads\/2023\/06\/oco.jpeg\" class=\"attachment-full size-full\" alt=\"cinco puntos elegidos por institutos para explorar con una c\u00e1mara subacu\u00e1tica en la Regi\u00f3n de Murcia\" srcset=\"https:\/\/cori.institute\/wp-content\/uploads\/2023\/06\/oco.jpeg 1049w, https:\/\/cori.institute\/wp-content\/uploads\/2023\/06\/oco-300x184.jpeg 300w, https:\/\/cori.institute\/wp-content\/uploads\/2023\/06\/oco-1024x630.jpeg 1024w, https:\/\/cori.institute\/wp-content\/uploads\/2023\/06\/oco-768x472.jpeg 768w\" sizes=\"(max-width: 1049px) 100vw, 1049px\" \/>\t\t\t\t\t<\/a>\n\t\t\t\t\t\t\t\t\t<\/div>\n\t\t\t\t\t\t<h3 class=\"uagb-post__title uagb-post__text\">\n\t\t\t\t<a href=\"https:\/\/cori.institute\/index.php\/2023\/06\/14\/observatorio-ciudadano-oceanografico-oco\/\" target=\"_self\" rel=\"bookmark noopener noreferrer\">OCO:explorar el fondo oce\u00e1nico de cinco puntos de la costa de la Regi\u00f3n de Murcia<\/a>\n\t\t\t<\/h3>\n\t\t\t\t\t\t<div class='uagb-post__text uagb-post-grid-byline'>\n\t\t\t\t\t\t\t<\/div>\n\t\t\t\t\t\t<div class=\"uagb-post__text uagb-post__cta wp-block-button\">\n\t\t\t\t<a class=\"wp-block-button__link uagb-text-link\" href=\"https:\/\/cori.institute\/index.php\/2023\/06\/14\/observatorio-ciudadano-oceanografico-oco\/\" target=\"_self\" rel=\"bookmark noopener noreferrer\">Read More<\/a>\n\t\t\t<\/div>\n\t\t\t\t\t\t\t\t\t\t\t\t<\/article>\n\t\t\t\t\t\t\t\t\t\t\t<\/div>\n\t\t\t<\/div><\/div>\n","protected":false},"excerpt":{"rendered":"<p>Se trata de una iniciativa de&nbsp;EU4Ocean&nbsp;en la que se habla en un podcast internacional sobre el&nbsp;Mediterr\u00e1neo&nbsp;hasta en 5 idiomas con los pa\u00edses que lo rodean para dar una visi\u00f3n global de su situaci\u00f3n. La voz en espa\u00f1ol la ha puesto CORI en el cuarto episodio de esta red de&nbsp;podcasts, con la participaci\u00f3n de&nbsp;Mar\u00eda del Carmen [&hellip;]<\/p>\n","protected":false},"author":2,"featured_media":162,"comment_status":"closed","ping_status":"open","sticky":false,"template":"","format":"standard","meta":{"_uag_custom_page_level_css":"","site-sidebar-layout":"default","site-content-layout":"","ast-site-content-layout":"default","site-content-style":"default","site-sidebar-style":"default","ast-global-header-display":"","ast-banner-title-visibility":"","ast-main-header-display":"","ast-hfb-above-header-display":"","ast-hfb-below-header-display":"","ast-hfb-mobile-header-display":"","site-post-title":"disabled","ast-breadcrumbs-content":"","ast-featured-img":"disabled","footer-sml-layout":"","theme-transparent-header-meta":"","adv-header-id-meta":"","stick-header-meta":"","header-above-stick-meta":"","header-main-stick-meta":"","header-below-stick-meta":"","astra-migrate-meta-layouts":"set","ast-page-background-enabled":"default","ast-page-background-meta":{"desktop":{"background-color":"var(--ast-global-color-4)","background-image":"","background-repeat":"repeat","background-position":"center center","background-size":"auto","background-attachment":"scroll","background-type":"","background-media":"","overlay-type":"","overlay-color":"","overlay-gradient":""},"tablet":{"background-color":"","background-image":"","background-repeat":"repeat","background-position":"center center","background-size":"auto","background-attachment":"scroll","background-type":"","background-media":"","overlay-type":"","overlay-color":"","overlay-gradient":""},"mobile":{"background-color":"","background-image":"","background-repeat":"repeat","background-position":"center center","background-size":"auto","background-attachment":"scroll","background-type":"","background-media":"","overlay-type":"","overlay-color":"","overlay-gradient":""}},"ast-content-background-meta":{"desktop":{"background-color":"var(--ast-global-color-5)","background-image":"","background-repeat":"repeat","background-position":"center center","background-size":"auto","background-attachment":"scroll","background-type":"","background-media":"","overlay-type":"","overlay-color":"","overlay-gradient":""},"tablet":{"background-color":"var(--ast-global-color-5)","background-image":"","background-repeat":"repeat","background-position":"center center","background-size":"auto","background-attachment":"scroll","background-type":"","background-media":"","overlay-type":"","overlay-color":"","overlay-gradient":""},"mobile":{"background-color":"var(--ast-global-color-5)","background-image":"","background-repeat":"repeat","background-position":"center center","background-size":"auto","background-attachment":"scroll","background-type":"","background-media":"","overlay-type":"","overlay-color":"","overlay-gradient":""}},"_themeisle_gutenberg_block_has_review":false,"footnotes":""},"categories":[1],"tags":[9],"class_list":["post-79","post","type-post","status-publish","format-standard","has-post-thumbnail","hentry","category-sin-categoria","tag-divulgacion"],"yoast_head":"<!-- This site is optimized with the Yoast SEO plugin v22.3 - https:\/\/yoast.com\/wordpress\/plugins\/seo\/ -->\n<title>Podcast Internacional sobre el Mar Mediterr\u00e1neo<\/title>\n<meta name=\"description\" content=\"En este podcast internacional se habla sobre el Mar Mediterr\u00e1neo, participan hablantes expertos de hasta cinco lenguas distintas.\" \/>\n<meta name=\"robots\" content=\"index, follow, max-snippet:-1, max-image-preview:large, max-video-preview:-1\" \/>\n<link rel=\"canonical\" href=\"https:\/\/cori.institute\/index.php\/2022\/12\/22\/si-el-oceano-hablara-podcast-internacional-sobre-el-mediterraneo\/\" \/>\n<meta property=\"og:locale\" content=\"en_US\" \/>\n<meta property=\"og:type\" content=\"article\" \/>\n<meta property=\"og:title\" content=\"Podcast Internacional sobre el Mar Mediterr\u00e1neo\" \/>\n<meta property=\"og:description\" content=\"En este podcast internacional se habla sobre el Mar Mediterr\u00e1neo, participan hablantes expertos de hasta cinco lenguas distintas.\" \/>\n<meta property=\"og:url\" content=\"https:\/\/cori.institute\/index.php\/2022\/12\/22\/si-el-oceano-hablara-podcast-internacional-sobre-el-mediterraneo\/\" \/>\n<meta property=\"article:published_time\" content=\"2022-12-22T19:07:12+00:00\" \/>\n<meta property=\"article:modified_time\" content=\"2026-04-25T07:26:37+00:00\" \/>\n<meta property=\"og:image\" content=\"https:\/\/cori.institute\/wp-content\/uploads\/2022\/12\/if-oceans-could-speak-copia.jpg\" \/>\n\t<meta property=\"og:image:width\" content=\"500\" \/>\n\t<meta property=\"og:image:height\" content=\"500\" \/>\n\t<meta property=\"og:image:type\" content=\"image\/jpeg\" \/>\n<meta name=\"author\" content=\"Marina\" \/>\n<meta name=\"twitter:card\" content=\"summary_large_image\" \/>\n<meta name=\"twitter:label1\" content=\"Written by\" \/>\n\t<meta name=\"twitter:data1\" content=\"Marina\" \/>\n\t<meta name=\"twitter:label2\" content=\"Est. reading time\" \/>\n\t<meta name=\"twitter:data2\" content=\"2 minutes\" \/>\n<script type=\"application\/ld+json\" class=\"yoast-schema-graph\">{\"@context\":\"https:\/\/schema.org\",\"@graph\":[{\"@type\":\"WebPage\",\"@id\":\"https:\/\/cori.institute\/index.php\/2022\/12\/22\/si-el-oceano-hablara-podcast-internacional-sobre-el-mediterraneo\/\",\"url\":\"https:\/\/cori.institute\/index.php\/2022\/12\/22\/si-el-oceano-hablara-podcast-internacional-sobre-el-mediterraneo\/\",\"name\":\"Podcast Internacional sobre el Mar Mediterr\u00e1neo\",\"isPartOf\":{\"@id\":\"https:\/\/cori.institute\/#website\"},\"primaryImageOfPage\":{\"@id\":\"https:\/\/cori.institute\/index.php\/2022\/12\/22\/si-el-oceano-hablara-podcast-internacional-sobre-el-mediterraneo\/#primaryimage\"},\"image\":{\"@id\":\"https:\/\/cori.institute\/index.php\/2022\/12\/22\/si-el-oceano-hablara-podcast-internacional-sobre-el-mediterraneo\/#primaryimage\"},\"thumbnailUrl\":\"https:\/\/cori.institute\/wp-content\/uploads\/2022\/12\/if-oceans-could-speak-copia.jpg\",\"datePublished\":\"2022-12-22T19:07:12+00:00\",\"dateModified\":\"2026-04-25T07:26:37+00:00\",\"author\":{\"@id\":\"https:\/\/cori.institute\/#\/schema\/person\/22c0b0090fd99161e4b55d25dc27018a\"},\"description\":\"En este podcast internacional se habla sobre el Mar Mediterr\u00e1neo, participan hablantes expertos de hasta cinco lenguas distintas.\",\"breadcrumb\":{\"@id\":\"https:\/\/cori.institute\/index.php\/2022\/12\/22\/si-el-oceano-hablara-podcast-internacional-sobre-el-mediterraneo\/#breadcrumb\"},\"inLanguage\":\"en-US\",\"potentialAction\":[{\"@type\":\"ReadAction\",\"target\":[\"https:\/\/cori.institute\/index.php\/2022\/12\/22\/si-el-oceano-hablara-podcast-internacional-sobre-el-mediterraneo\/\"]}]},{\"@type\":\"ImageObject\",\"inLanguage\":\"en-US\",\"@id\":\"https:\/\/cori.institute\/index.php\/2022\/12\/22\/si-el-oceano-hablara-podcast-internacional-sobre-el-mediterraneo\/#primaryimage\",\"url\":\"https:\/\/cori.institute\/wp-content\/uploads\/2022\/12\/if-oceans-could-speak-copia.jpg\",\"contentUrl\":\"https:\/\/cori.institute\/wp-content\/uploads\/2022\/12\/if-oceans-could-speak-copia.jpg\",\"width\":500,\"height\":500,\"caption\":\"cartel del podcast internacional si el oc\u00e9ano hablara\"},{\"@type\":\"BreadcrumbList\",\"@id\":\"https:\/\/cori.institute\/index.php\/2022\/12\/22\/si-el-oceano-hablara-podcast-internacional-sobre-el-mediterraneo\/#breadcrumb\",\"itemListElement\":[{\"@type\":\"ListItem\",\"position\":1,\"name\":\"Portada\",\"item\":\"https:\/\/cori.institute\/\"},{\"@type\":\"ListItem\",\"position\":2,\"name\":\"\u00abSi el oc\u00e9ano hablara\u00bb, podcast internacional sobre el Mediterr\u00e1neo\"}]},{\"@type\":\"WebSite\",\"@id\":\"https:\/\/cori.institute\/#website\",\"url\":\"https:\/\/cori.institute\/\",\"name\":\"\",\"description\":\"Descubriendo el oc\u00e9ano invisible\",\"potentialAction\":[{\"@type\":\"SearchAction\",\"target\":{\"@type\":\"EntryPoint\",\"urlTemplate\":\"https:\/\/cori.institute\/?s={search_term_string}\"},\"query-input\":\"required name=search_term_string\"}],\"inLanguage\":\"en-US\"},{\"@type\":\"Person\",\"@id\":\"https:\/\/cori.institute\/#\/schema\/person\/22c0b0090fd99161e4b55d25dc27018a\",\"name\":\"Marina\",\"image\":{\"@type\":\"ImageObject\",\"inLanguage\":\"en-US\",\"@id\":\"https:\/\/cori.institute\/#\/schema\/person\/image\/\",\"url\":\"https:\/\/secure.gravatar.com\/avatar\/f6e61f3c0a90145b6c28bae31d494e281804247062f24f8f102470996b6678d9?s=96&d=mm&r=g\",\"contentUrl\":\"https:\/\/secure.gravatar.com\/avatar\/f6e61f3c0a90145b6c28bae31d494e281804247062f24f8f102470996b6678d9?s=96&d=mm&r=g\",\"caption\":\"Marina\"}}]}<\/script>\n<!-- \/ Yoast SEO plugin. -->","yoast_head_json":{"title":"Podcast Internacional sobre el Mar Mediterr\u00e1neo","description":"En este podcast internacional se habla sobre el Mar Mediterr\u00e1neo, participan hablantes expertos de hasta cinco lenguas distintas.","robots":{"index":"index","follow":"follow","max-snippet":"max-snippet:-1","max-image-preview":"max-image-preview:large","max-video-preview":"max-video-preview:-1"},"canonical":"https:\/\/cori.institute\/index.php\/2022\/12\/22\/si-el-oceano-hablara-podcast-internacional-sobre-el-mediterraneo\/","og_locale":"en_US","og_type":"article","og_title":"Podcast Internacional sobre el Mar Mediterr\u00e1neo","og_description":"En este podcast internacional se habla sobre el Mar Mediterr\u00e1neo, participan hablantes expertos de hasta cinco lenguas distintas.","og_url":"https:\/\/cori.institute\/index.php\/2022\/12\/22\/si-el-oceano-hablara-podcast-internacional-sobre-el-mediterraneo\/","article_published_time":"2022-12-22T19:07:12+00:00","article_modified_time":"2026-04-25T07:26:37+00:00","og_image":[{"width":500,"height":500,"url":"https:\/\/cori.institute\/wp-content\/uploads\/2022\/12\/if-oceans-could-speak-copia.jpg","type":"image\/jpeg"}],"author":"Marina","twitter_card":"summary_large_image","twitter_misc":{"Written by":"Marina","Est. reading time":"2 minutes"},"schema":{"@context":"https:\/\/schema.org","@graph":[{"@type":"WebPage","@id":"https:\/\/cori.institute\/index.php\/2022\/12\/22\/si-el-oceano-hablara-podcast-internacional-sobre-el-mediterraneo\/","url":"https:\/\/cori.institute\/index.php\/2022\/12\/22\/si-el-oceano-hablara-podcast-internacional-sobre-el-mediterraneo\/","name":"Podcast Internacional sobre el Mar Mediterr\u00e1neo","isPartOf":{"@id":"https:\/\/cori.institute\/#website"},"primaryImageOfPage":{"@id":"https:\/\/cori.institute\/index.php\/2022\/12\/22\/si-el-oceano-hablara-podcast-internacional-sobre-el-mediterraneo\/#primaryimage"},"image":{"@id":"https:\/\/cori.institute\/index.php\/2022\/12\/22\/si-el-oceano-hablara-podcast-internacional-sobre-el-mediterraneo\/#primaryimage"},"thumbnailUrl":"https:\/\/cori.institute\/wp-content\/uploads\/2022\/12\/if-oceans-could-speak-copia.jpg","datePublished":"2022-12-22T19:07:12+00:00","dateModified":"2026-04-25T07:26:37+00:00","author":{"@id":"https:\/\/cori.institute\/#\/schema\/person\/22c0b0090fd99161e4b55d25dc27018a"},"description":"En este podcast internacional se habla sobre el Mar Mediterr\u00e1neo, participan hablantes expertos de hasta cinco lenguas distintas.","breadcrumb":{"@id":"https:\/\/cori.institute\/index.php\/2022\/12\/22\/si-el-oceano-hablara-podcast-internacional-sobre-el-mediterraneo\/#breadcrumb"},"inLanguage":"en-US","potentialAction":[{"@type":"ReadAction","target":["https:\/\/cori.institute\/index.php\/2022\/12\/22\/si-el-oceano-hablara-podcast-internacional-sobre-el-mediterraneo\/"]}]},{"@type":"ImageObject","inLanguage":"en-US","@id":"https:\/\/cori.institute\/index.php\/2022\/12\/22\/si-el-oceano-hablara-podcast-internacional-sobre-el-mediterraneo\/#primaryimage","url":"https:\/\/cori.institute\/wp-content\/uploads\/2022\/12\/if-oceans-could-speak-copia.jpg","contentUrl":"https:\/\/cori.institute\/wp-content\/uploads\/2022\/12\/if-oceans-could-speak-copia.jpg","width":500,"height":500,"caption":"cartel del podcast internacional si el oc\u00e9ano hablara"},{"@type":"BreadcrumbList","@id":"https:\/\/cori.institute\/index.php\/2022\/12\/22\/si-el-oceano-hablara-podcast-internacional-sobre-el-mediterraneo\/#breadcrumb","itemListElement":[{"@type":"ListItem","position":1,"name":"Portada","item":"https:\/\/cori.institute\/"},{"@type":"ListItem","position":2,"name":"\u00abSi el oc\u00e9ano hablara\u00bb, podcast internacional sobre el Mediterr\u00e1neo"}]},{"@type":"WebSite","@id":"https:\/\/cori.institute\/#website","url":"https:\/\/cori.institute\/","name":"","description":"Descubriendo el oc\u00e9ano invisible","potentialAction":[{"@type":"SearchAction","target":{"@type":"EntryPoint","urlTemplate":"https:\/\/cori.institute\/?s={search_term_string}"},"query-input":"required name=search_term_string"}],"inLanguage":"en-US"},{"@type":"Person","@id":"https:\/\/cori.institute\/#\/schema\/person\/22c0b0090fd99161e4b55d25dc27018a","name":"Marina","image":{"@type":"ImageObject","inLanguage":"en-US","@id":"https:\/\/cori.institute\/#\/schema\/person\/image\/","url":"https:\/\/secure.gravatar.com\/avatar\/f6e61f3c0a90145b6c28bae31d494e281804247062f24f8f102470996b6678d9?s=96&d=mm&r=g","contentUrl":"https:\/\/secure.gravatar.com\/avatar\/f6e61f3c0a90145b6c28bae31d494e281804247062f24f8f102470996b6678d9?s=96&d=mm&r=g","caption":"Marina"}}]}},"uagb_featured_image_src":{"full":["https:\/\/cori.institute\/wp-content\/uploads\/2022\/12\/if-oceans-could-speak-copia.jpg",500,500,false],"thumbnail":["https:\/\/cori.institute\/wp-content\/uploads\/2022\/12\/if-oceans-could-speak-copia-150x150.jpg",150,150,true],"medium":["https:\/\/cori.institute\/wp-content\/uploads\/2022\/12\/if-oceans-could-speak-copia-300x300.jpg",300,300,true],"medium_large":["https:\/\/cori.institute\/wp-content\/uploads\/2022\/12\/if-oceans-could-speak-copia.jpg",500,500,false],"large":["https:\/\/cori.institute\/wp-content\/uploads\/2022\/12\/if-oceans-could-speak-copia.jpg",500,500,false],"1536x1536":["https:\/\/cori.institute\/wp-content\/uploads\/2022\/12\/if-oceans-could-speak-copia.jpg",500,500,false],"2048x2048":["https:\/\/cori.institute\/wp-content\/uploads\/2022\/12\/if-oceans-could-speak-copia.jpg",500,500,false]},"uagb_author_info":{"display_name":"Marina","author_link":"https:\/\/cori.institute\/index.php\/author\/marina\/"},"uagb_comment_info":0,"uagb_excerpt":"Se trata de una iniciativa de&nbsp;EU4Ocean&nbsp;en la que se habla en un podcast internacional sobre el&nbsp;Mediterr\u00e1neo&nbsp;hasta en 5 idiomas con los pa\u00edses que lo rodean para dar una visi\u00f3n global de su situaci\u00f3n. La voz en espa\u00f1ol la ha puesto CORI en el cuarto episodio de esta red de&nbsp;podcasts, con la participaci\u00f3n de&nbsp;Mar\u00eda del Carmen&hellip;","_links":{"self":[{"href":"https:\/\/cori.institute\/index.php\/wp-json\/wp\/v2\/posts\/79","targetHints":{"allow":["GET"]}}],"collection":[{"href":"https:\/\/cori.institute\/index.php\/wp-json\/wp\/v2\/posts"}],"about":[{"href":"https:\/\/cori.institute\/index.php\/wp-json\/wp\/v2\/types\/post"}],"author":[{"embeddable":true,"href":"https:\/\/cori.institute\/index.php\/wp-json\/wp\/v2\/users\/2"}],"replies":[{"embeddable":true,"href":"https:\/\/cori.institute\/index.php\/wp-json\/wp\/v2\/comments?post=79"}],"version-history":[{"count":1,"href":"https:\/\/cori.institute\/index.php\/wp-json\/wp\/v2\/posts\/79\/revisions"}],"predecessor-version":[{"id":2706,"href":"https:\/\/cori.institute\/index.php\/wp-json\/wp\/v2\/posts\/79\/revisions\/2706"}],"wp:featuredmedia":[{"embeddable":true,"href":"https:\/\/cori.institute\/index.php\/wp-json\/wp\/v2\/media\/162"}],"wp:attachment":[{"href":"https:\/\/cori.institute\/index.php\/wp-json\/wp\/v2\/media?parent=79"}],"wp:term":[{"taxonomy":"category","embeddable":true,"href":"https:\/\/cori.institute\/index.php\/wp-json\/wp\/v2\/categories?post=79"},{"taxonomy":"post_tag","embeddable":true,"href":"https:\/\/cori.institute\/index.php\/wp-json\/wp\/v2\/tags?post=79"}],"curies":[{"name":"wp","href":"https:\/\/api.w.org\/{rel}","templated":true}]}}