{"id":83,"date":"2022-12-22T19:08:26","date_gmt":"2022-12-22T19:08:26","guid":{"rendered":"https:\/\/cori.institute\/?p=83"},"modified":"2026-04-25T07:26:14","modified_gmt":"2026-04-25T07:26:14","slug":"boya-argo-espana","status":"publish","type":"post","link":"https:\/\/cori.institute\/index.php\/2022\/12\/22\/boya-argo-espana\/","title":{"rendered":"CORI RECIBE UNA BOYA ARGO ESPA\u00d1A"},"content":{"rendered":"\n<div class=\"wp-block-cover alignfull is-light\" style=\"min-height:511px;aspect-ratio:unset;\"><span aria-hidden=\"true\" class=\"wp-block-cover__background has-background-dim-100 has-background-dim has-background-gradient\" style=\"background:linear-gradient(180deg,rgb(14,15,38) 62%,rgb(255,255,255) 62%)\"><\/span><div class=\"wp-block-cover__inner-container is-layout-flow wp-block-cover-is-layout-flow\">\n<h1 class=\"wp-block-heading\" style=\"margin-top:0;margin-right:var(--wp--preset--spacing--50);margin-bottom:var(--wp--preset--spacing--80);margin-left:var(--wp--preset--spacing--50)\">CORI RECIBE UNA BOYA ARGO ESPA\u00d1A<\/h1>\n\n\n\n<figure class=\"wp-block-image aligncenter size-full is-resized has-custom-border\"><img decoding=\"async\" src=\"https:\/\/cori.institute\/wp-content\/uploads\/2022\/12\/argo-1-1-1024x768-1.jpeg\" alt=\"foto conjunta con todas las personas involucradas en la misi\u00f3n de recogida de la boya argo\" class=\"wp-image-121\" style=\"border-radius:50px;width:700px\" width=\"700\" srcset=\"https:\/\/cori.institute\/wp-content\/uploads\/2022\/12\/argo-1-1-1024x768-1.jpeg 1024w, https:\/\/cori.institute\/wp-content\/uploads\/2022\/12\/argo-1-1-1024x768-1-300x225.jpeg 300w, https:\/\/cori.institute\/wp-content\/uploads\/2022\/12\/argo-1-1-1024x768-1-768x576.jpeg 768w\" sizes=\"(max-width: 1024px) 100vw, 1024px\" \/><\/figure>\n<\/div><\/div>\n\n\n\n<p style=\"padding-right:var(--wp--preset--spacing--50);padding-left:var(--wp--preset--spacing--50)\">Esta BOYA ARGO ESPA\u00d1A es el perfilador m\u00e1s longevo del proyecto ARGO Espa\u00f1a y que utilizaremos en el desarrollo de&nbsp;<strong>nuevos proyectos tecnol\u00f3gicos y divulgativos<\/strong>. <\/p>\n\n\n\n<div class=\"wp-block-columns is-layout-flex wp-container-core-columns-is-layout-c47336c3 wp-block-columns-is-layout-flex\" style=\"margin-top:0;margin-bottom:0;padding-top:var(--wp--preset--spacing--60);padding-bottom:var(--wp--preset--spacing--60)\">\n<div class=\"wp-block-column is-vertically-aligned-center is-layout-flow wp-block-column-is-layout-flow\" style=\"flex-basis:10%\">      \n\n\t<div class=\"uagb-icon-wrapper uagb-block-2fbb3474 \"\t>\n\t<span class=\"uagb-svg-wrapper\" aria-label=&quot;users&quot;>\t\t\n\t\t\t\t\t\t\t<svg xmlns=\"https:\/\/www.w3.org\/2000\/svg\" viewBox= \"0 0 640 512\" role=\"graphics-symbol\" aria-hidden=\"false\" aria-label=\"\"><path d=\"M319.9 320c57.41 0 103.1-46.56 103.1-104c0-57.44-46.54-104-103.1-104c-57.41 0-103.1 46.56-103.1 104C215.9 273.4 262.5 320 319.9 320zM369.9 352H270.1C191.6 352 128 411.7 128 485.3C128 500.1 140.7 512 156.4 512h327.2C499.3 512 512 500.1 512 485.3C512 411.7 448.4 352 369.9 352zM512 160c44.18 0 80-35.82 80-80S556.2 0 512 0c-44.18 0-80 35.82-80 80S467.8 160 512 160zM183.9 216c0-5.449 .9824-10.63 1.609-15.91C174.6 194.1 162.6 192 149.9 192H88.08C39.44 192 0 233.8 0 285.3C0 295.6 7.887 304 17.62 304h199.5C196.7 280.2 183.9 249.7 183.9 216zM128 160c44.18 0 80-35.82 80-80S172.2 0 128 0C83.82 0 48 35.82 48 80S83.82 160 128 160zM551.9 192h-61.84c-12.8 0-24.88 3.037-35.86 8.24C454.8 205.5 455.8 210.6 455.8 216c0 33.71-12.78 64.21-33.16 88h199.7C632.1 304 640 295.6 640 285.3C640 233.8 600.6 192 551.9 192z\"><\/path><\/svg>\n\t\t\t\t\t<\/span>\n\t<\/div>\n\n\t\t\t<\/div>\n\n\n\n<div class=\"wp-block-column is-vertically-aligned-center is-layout-flow wp-block-column-is-layout-flow\">\n<div class=\"wp-block-uagb-blockquote uagb-block-88786924 uagb-blockquote__skin-border uagb-blockquote__stack-img-none\"><blockquote class=\"uagb-blockquote\"><div class=\"uagb-blockquote__content\">Esta iniciativa ha contado con participaci\u00f3n del\u00a0<a href=\"https:\/\/www.socib.es\/\" target=\"_blank\" rel=\"noreferrer noopener\"><strong>Sistema de Observaci\u00f3n Costero de las Islas Baleares<\/strong><\/a>\u00a0(ICTS SOCIB), el\u00a0<a href=\"http:\/\/www.ieo.es\/es\/\" target=\"_blank\" rel=\"noreferrer noopener\"><strong>Instituto Espa\u00f1ol de Oceanograf\u00eda del Consejo Superior de Investigaciones Cient\u00edficas<\/strong><\/a>\u00a0(IEO-CSIC) y la\u00a0<strong><a href=\"https:\/\/armada.defensa.gob.es\/ArmadaPortal\/page\/Portal\/ArmadaEspannola\/iniciohome\/prefLang-es\/\" target=\"_blank\" rel=\"noreferrer noopener\">Armada Espa\u00f1ola<\/a>.<\/strong><\/div><footer><div class=\"uagb-blockquote__author-wrap uagb-blockquote__author-at-left\"><\/div><\/footer><\/blockquote><\/div>\n<\/div>\n<\/div>\n\n\n\n<figure class=\"wp-block-image aligncenter size-full is-resized has-custom-border\"><img decoding=\"async\" src=\"https:\/\/cori.institute\/wp-content\/uploads\/2022\/12\/argo-4-copia.jpeg\" alt=\"recogida con la armada espa\u00f1ola de la boya argo\" class=\"wp-image-124\" style=\"border-radius:50px;width:700px\" width=\"700\" srcset=\"https:\/\/cori.institute\/wp-content\/uploads\/2022\/12\/argo-4-copia.jpeg 977w, https:\/\/cori.institute\/wp-content\/uploads\/2022\/12\/argo-4-copia-300x199.jpeg 300w, https:\/\/cori.institute\/wp-content\/uploads\/2022\/12\/argo-4-copia-768x510.jpeg 768w\" sizes=\"(max-width: 977px) 100vw, 977px\" \/><\/figure>\n\n\n\n<div class=\"wp-block-columns is-layout-flex wp-container-core-columns-is-layout-c47336c3 wp-block-columns-is-layout-flex\" style=\"margin-top:0;margin-bottom:0;padding-top:var(--wp--preset--spacing--60);padding-bottom:var(--wp--preset--spacing--60)\">\n<div class=\"wp-block-column is-vertically-aligned-center is-layout-flow wp-block-column-is-layout-flow\" style=\"flex-basis:10%\">      \n\n\t<div class=\"uagb-icon-wrapper uagb-block-d4e9495f \"\t>\n\t<span class=\"uagb-svg-wrapper\" aria-label=&quot;clock-rotate-left&quot;>\t\t\n\t\t\t\t\t\t\t<svg xmlns=\"https:\/\/www.w3.org\/2000\/svg\" viewBox= \"0 0 512 512\" role=\"graphics-symbol\" aria-hidden=\"false\" aria-label=\"\"><path d=\"M256 0C397.4 0 512 114.6 512 256C512 397.4 397.4 512 256 512C201.7 512 151.2 495 109.7 466.1C95.2 455.1 91.64 436 101.8 421.5C111.9 407 131.8 403.5 146.3 413.6C177.4 435.3 215.2 448 256 448C362 448 448 362 448 256C448 149.1 362 64 256 64C202.1 64 155 85.46 120.2 120.2L151 151C166.1 166.1 155.4 192 134.1 192H24C10.75 192 0 181.3 0 168V57.94C0 36.56 25.85 25.85 40.97 40.97L74.98 74.98C121.3 28.69 185.3 0 255.1 0L256 0zM256 128C269.3 128 280 138.7 280 152V246.1L344.1 311C354.3 320.4 354.3 335.6 344.1 344.1C335.6 354.3 320.4 354.3 311 344.1L239 272.1C234.5 268.5 232 262.4 232 256V152C232 138.7 242.7 128 256 128V128z\"><\/path><\/svg>\n\t\t\t\t\t<\/span>\n\t<\/div>\n\n\t\t\t<\/div>\n\n\n\n<div class=\"wp-block-column is-vertically-aligned-center is-layout-flow wp-block-column-is-layout-flow\">\n<div class=\"wp-block-uagb-blockquote uagb-block-ea21e43f uagb-blockquote__skin-border uagb-blockquote__stack-img-none\"><blockquote class=\"uagb-blockquote\"><div class=\"uagb-blockquote__content\">Lanzado en 2017 por la ICTS SOCIB, este perfilador a la deriva ha conseguido batir el\u00a0<strong>r\u00e9cord hist\u00f3rico de tiempo operando en el mar Mediterr\u00e1neo<\/strong>\u00a0de perfiladores desplegadas por la red ARGO Espa\u00f1a. Este instrumento ha permanecido 5 a\u00f1os y 5 meses, realizando 397 perfiles de salinidad y temperatura hasta<strong>\u00a02000 metros de profundidad.<\/strong><\/div><footer><div class=\"uagb-blockquote__author-wrap uagb-blockquote__author-at-left\"><\/div><\/footer><\/blockquote><\/div>\n<\/div>\n<\/div>\n\n\n\n<div class=\"wp-block-cover alignfull\" style=\"margin-top:var(--wp--preset--spacing--60);margin-bottom:var(--wp--preset--spacing--60);min-height:343px;aspect-ratio:unset;\"><span aria-hidden=\"true\" class=\"wp-block-cover__background has-background-dim-100 has-background-dim\" style=\"background-color:#0e0f26\"><\/span><div class=\"wp-block-cover__inner-container is-layout-constrained wp-block-cover-is-layout-constrained\">\n<h2 class=\"wp-block-heading has-text-align-center\">MISI\u00d3N DE RECUPERACI\u00d3N DE LA BOYA ARGO ESPA\u00d1A<\/h2>\n\n\n\n<div class=\"wp-block-columns is-layout-flex wp-container-core-columns-is-layout-b653aba5 wp-block-columns-is-layout-flex\" style=\"padding-top:var(--wp--preset--spacing--50);padding-right:var(--wp--preset--spacing--50);padding-bottom:var(--wp--preset--spacing--50);padding-left:var(--wp--preset--spacing--50)\">\n<div class=\"wp-block-column is-vertically-aligned-center is-layout-flow wp-block-column-is-layout-flow\">\n<figure class=\"wp-block-image aligncenter size-full has-custom-border\"><img fetchpriority=\"high\" decoding=\"async\" width=\"977\" height=\"653\" src=\"https:\/\/cori.institute\/wp-content\/uploads\/2022\/12\/argo-2-copia.jpeg\" alt=\"boya argo en la embarcaci\u00f3n de recogida\" class=\"wp-image-122\" style=\"border-radius:50px;object-fit:cover\" srcset=\"https:\/\/cori.institute\/wp-content\/uploads\/2022\/12\/argo-2-copia.jpeg 977w, https:\/\/cori.institute\/wp-content\/uploads\/2022\/12\/argo-2-copia-300x201.jpeg 300w, https:\/\/cori.institute\/wp-content\/uploads\/2022\/12\/argo-2-copia-768x513.jpeg 768w\" sizes=\"(max-width: 977px) 100vw, 977px\" \/><\/figure>\n<\/div>\n\n\n\n<div class=\"wp-block-column is-vertically-aligned-center is-layout-flow wp-block-column-is-layout-flow\">\n<p>Esta misi\u00f3n ideada por CORI y llevada a cabo por la ICTS SOCIB, IEO-CSIC y la Armada Espa\u00f1ola, ha consistido en la recuperaci\u00f3n de uno de estos perfiladores. La misi\u00f3n se llev\u00f3 a cabo mediante lo que se conoce como<strong>&nbsp;barcos de oportunidad<\/strong>. El coste econ\u00f3mico y medioambiental de fletar un barco solo para recuperar uno de estos instrumentos es alt\u00edsimo. Por ello, se propuso usar un barco de la Armada que navegara en las proximidades del perfilador para realizar su recuperaci\u00f3n.  Finalmente, el&nbsp;<strong>patrullero Infanta Elena<\/strong>&nbsp;fue el que llev\u00f3 a cabo esta tarea. <\/p>\n<\/div>\n<\/div>\n<\/div><\/div>\n\n\n\n<p style=\"padding-right:var(--wp--preset--spacing--50);padding-left:var(--wp--preset--spacing--50)\">Gracias a la pericia de la tripulaci\u00f3n, la informaci\u00f3n oceanogr\u00e1fica facilitada en tiempo real desde la ICTS SOCIB y el apoyo del IEO-CSIC hicieron posible&nbsp;<strong>la recuperaci\u00f3n de esa BOYA ARGO ESPA\u00d1A en la zona del mar de Albor\u00e1n<\/strong>&nbsp;y entrega al <a href=\"https:\/\/cori.institute\/\" target=\"_blank\" rel=\"noreferrer noopener\">CORI<\/a> en Cartagena.<\/p>\n\n\n\n<p style=\"margin-right:var(--wp--preset--spacing--50);margin-left:var(--wp--preset--spacing--50)\"><strong>Este proyecto ha sido pionero por la participaci\u00f3n de la Armada<\/strong>&nbsp;en las tareas de recuperaci\u00f3n de un perfilador ARGO y por la donaci\u00f3n del mismo a una instituci\u00f3n de investigaci\u00f3n sin \u00e1nimo de lucro como CORI. El instrumento recibido permitir\u00e1 afrontar nuevos proyectos, como trabajos de investigaci\u00f3n sobre&nbsp;<strong>reutilizaci\u00f3n de los sensores equipados<\/strong>,&nbsp;<strong>exposici\u00f3n en museos o utilizarla en las diversas charlas divulgativas<\/strong>&nbsp;que CORI lleva a cabo a lo largo del a\u00f1o.<\/p>\n\n\n\n<figure class=\"wp-block-image aligncenter size-full is-resized has-custom-border\"><img decoding=\"async\" src=\"https:\/\/cori.institute\/wp-content\/uploads\/2022\/12\/argo-5.jpeg\" alt=\"recogida del perfilador ARGO\" class=\"wp-image-126\" style=\"border-radius:50px;width:700px\" width=\"700\" srcset=\"https:\/\/cori.institute\/wp-content\/uploads\/2022\/12\/argo-5.jpeg 985w, https:\/\/cori.institute\/wp-content\/uploads\/2022\/12\/argo-5-300x199.jpeg 300w, https:\/\/cori.institute\/wp-content\/uploads\/2022\/12\/argo-5-768x509.jpeg 768w\" sizes=\"(max-width: 985px) 100vw, 985px\" \/><\/figure>\n\n\n\n<h2 class=\"wp-block-heading has-text-align-center\" style=\"padding-top:var(--wp--preset--spacing--60);padding-right:var(--wp--preset--spacing--50);padding-left:var(--wp--preset--spacing--50)\">\u00bfQu\u00e9 es el proyecto ARGO?<\/h2>\n\n\n\n<div class=\"wp-block-columns is-layout-flex wp-container-core-columns-is-layout-c47336c3 wp-block-columns-is-layout-flex\" style=\"margin-top:0;margin-bottom:0;padding-top:var(--wp--preset--spacing--60);padding-bottom:var(--wp--preset--spacing--60)\">\n<div class=\"wp-block-column is-vertically-aligned-center is-layout-flow wp-block-column-is-layout-flow\" style=\"flex-basis:10%\">      \n\n\t<div class=\"uagb-icon-wrapper uagb-block-8c89896d \"\t>\n\t<span class=\"uagb-svg-wrapper\" aria-label=&quot;quote-left&quot;>\t\t\n\t\t\t\t\t\t\t<svg xmlns=\"https:\/\/www.w3.org\/2000\/svg\" viewBox= \"0 0 448 512\" role=\"graphics-symbol\" aria-hidden=\"false\" aria-label=\"\"><path d=\"M96 224C84.72 224 74.05 226.3 64 229.9V224c0-35.3 28.7-64 64-64c17.67 0 32-14.33 32-32S145.7 96 128 96C57.42 96 0 153.4 0 224v96c0 53.02 42.98 96 96 96s96-42.98 96-96S149 224 96 224zM352 224c-11.28 0-21.95 2.305-32 5.879V224c0-35.3 28.7-64 64-64c17.67 0 32-14.33 32-32s-14.33-32-32-32c-70.58 0-128 57.42-128 128v96c0 53.02 42.98 96 96 96s96-42.98 96-96S405 224 352 224z\"><\/path><\/svg>\n\t\t\t\t\t<\/span>\n\t<\/div>\n\n\t\t\t<\/div>\n\n\n\n<div class=\"wp-block-column is-vertically-aligned-center is-layout-flow wp-block-column-is-layout-flow\">\n<div class=\"wp-block-uagb-blockquote uagb-block-c8e2b7ef uagb-blockquote__skin-border uagb-blockquote__stack-img-none\"><blockquote class=\"uagb-blockquote\"><div class=\"uagb-blockquote__content\"><a href=\"https:\/\/www.oceanografia.es\/argo\/argo-espana\/\" target=\"_blank\" rel=\"noreferrer noopener\"><strong>ARGO<\/strong><\/a><strong>\u00a0es un programa internacional formado por m\u00e1s de 26 pa\u00edses<\/strong>. Empez\u00f3 a principios de los 2000 con el objetivo de obtener una\u00a0<strong>monitorizaci\u00f3n continua del oc\u00e9ano<\/strong>. Hoy en d\u00eda esto es posible gracias a las aproximadamente 4000 boyas oceanogr\u00e1ficas en activo a nivel global. Esto nos permite conocer la variabilidad en el oc\u00e9ano de par\u00e1metros como la salinidad y la temperatura hasta 2000 m de profundidad.<\/div><footer><div class=\"uagb-blockquote__author-wrap uagb-blockquote__author-at-left\"><\/div><\/footer><\/blockquote><\/div>\n<\/div>\n<\/div>\n\n\n\n<p style=\"padding-right:var(--wp--preset--spacing--50);padding-left:var(--wp--preset--spacing--50)\">Los perfiladores ARGO se encuentran a la deriva desplaz\u00e1ndose en funci\u00f3n de las corrientes. Son dispositivos de aproximadamente dos metros de altura que, a trav\u00e9s de cambios en su flotabilidad, descienden hasta los 1000 metros de profundidad, donde derivan durante algo m\u00e1s de una semana. Despu\u00e9s se sumergen hasta los 2000 metros de profundidad. Una vez alcanzada dicha profundidad, ascienden hasta la superficie, donde env\u00edan los datos por sat\u00e9lite antes de realizar una nueva inmersi\u00f3n. Este ciclo se repite de forma perpetua hasta el agotamiento de sus bater\u00edas. No obstante, antes de que la boya cese su actividad de forma definitiva, proyectos como el realizado actualmente, permiten ofrecerle una segunda vida a trav\u00e9s de diferentes iniciativas.<\/p>\n\n\n\n<div class=\"wp-block-cover alignfull\" style=\"padding-top:var(--wp--preset--spacing--50);padding-right:var(--wp--preset--spacing--50);padding-bottom:var(--wp--preset--spacing--50);padding-left:var(--wp--preset--spacing--50)\"><span aria-hidden=\"true\" class=\"wp-block-cover__background has-background-dim-100 has-background-dim\" style=\"background-color:#0e0f26\"><\/span><div class=\"wp-block-cover__inner-container is-layout-flow wp-block-cover-is-layout-flow\">\n<h2 class=\"wp-block-heading\">\u00daltimos Proyectos<\/h2>\n\n\n\n\t\t\t<div class=\"wp-block-uagb-post-carousel uagb-post-grid  uagb-post__image-position-top uagb-post__image-enabled uagb-block-13b8ff72     uagb-post__arrow-outside uagb-slick-carousel uagb-post__items uagb-post__columns-3 is-carousel uagb-post__columns-tablet-2 uagb-post__columns-mobile-1 uagb-post__carousel_equal-height\" data-total=\"2\" style=\"\">\n\n\t\t\t\t\t\t\t\t\t\t\t\t<article class=\"uagb-post__inner-wrap\">\t\t\t\t\t\t\t\t<div class='uagb-post__image'>\n\t\t\t\t\t\t\t\t\t<a href=\"https:\/\/cori.institute\/index.php\/2026\/04\/26\/plantilla-entradas-proyectos-2\/\" target=\"_self\" rel=\"bookmark noopener noreferrer\"><img decoding=\"async\" width=\"1920\" height=\"1275\" src=\"https:\/\/cori.institute\/wp-content\/uploads\/2026\/04\/Palma_Aquarium-Pez_guitarra.jpg\" class=\"attachment-full size-full\" alt=\"\" srcset=\"https:\/\/cori.institute\/wp-content\/uploads\/2026\/04\/Palma_Aquarium-Pez_guitarra.jpg 1920w, https:\/\/cori.institute\/wp-content\/uploads\/2026\/04\/Palma_Aquarium-Pez_guitarra-300x199.jpg 300w, https:\/\/cori.institute\/wp-content\/uploads\/2026\/04\/Palma_Aquarium-Pez_guitarra-1024x680.jpg 1024w, https:\/\/cori.institute\/wp-content\/uploads\/2026\/04\/Palma_Aquarium-Pez_guitarra-768x510.jpg 768w, https:\/\/cori.institute\/wp-content\/uploads\/2026\/04\/Palma_Aquarium-Pez_guitarra-1536x1020.jpg 1536w\" sizes=\"(max-width: 1920px) 100vw, 1920px\" \/>\t\t\t\t\t<\/a>\n\t\t\t\t\t\t\t\t\t<\/div>\n\t\t\t\t\t\t<h3 class=\"uagb-post__title uagb-post__text\">\n\t\t\t\t<a href=\"https:\/\/cori.institute\/index.php\/2026\/04\/26\/plantilla-entradas-proyectos-2\/\" target=\"_self\" rel=\"bookmark noopener noreferrer\">Guitar-Hero 2<\/a>\n\t\t\t<\/h3>\n\t\t\t\t\t\t<div class='uagb-post__text uagb-post-grid-byline'>\n\t\t\t\t\t\t\t<\/div>\n\t\t\t\t\t\t<div class=\"uagb-post__text uagb-post__cta wp-block-button\">\n\t\t\t\t<a class=\"wp-block-button__link uagb-text-link\" href=\"https:\/\/cori.institute\/index.php\/2026\/04\/26\/plantilla-entradas-proyectos-2\/\" target=\"_self\" rel=\"bookmark noopener noreferrer\">Read More<\/a>\n\t\t\t<\/div>\n\t\t\t\t\t\t\t\t\t\t\t\t<\/article>\n\t\t\t\t\t\t\t\t\t\t\t\t\t\t\t\t<article class=\"uagb-post__inner-wrap\">\t\t\t\t\t\t\t\t<div class='uagb-post__image'>\n\t\t\t\t\t\t\t\t\t<a href=\"https:\/\/cori.institute\/index.php\/2026\/04\/25\/plantilla-entradas-proyectos\/\" target=\"_self\" rel=\"bookmark noopener noreferrer\"><img decoding=\"async\" width=\"2560\" height=\"1439\" src=\"https:\/\/cori.institute\/wp-content\/uploads\/2026\/04\/vlcsnap-2025-08-22-13h58m59s135-scaled.png\" class=\"attachment-full size-full\" alt=\"\" srcset=\"https:\/\/cori.institute\/wp-content\/uploads\/2026\/04\/vlcsnap-2025-08-22-13h58m59s135-scaled.png 2560w, https:\/\/cori.institute\/wp-content\/uploads\/2026\/04\/vlcsnap-2025-08-22-13h58m59s135-300x169.png 300w, https:\/\/cori.institute\/wp-content\/uploads\/2026\/04\/vlcsnap-2025-08-22-13h58m59s135-1024x576.png 1024w, https:\/\/cori.institute\/wp-content\/uploads\/2026\/04\/vlcsnap-2025-08-22-13h58m59s135-768x432.png 768w, https:\/\/cori.institute\/wp-content\/uploads\/2026\/04\/vlcsnap-2025-08-22-13h58m59s135-1536x863.png 1536w, https:\/\/cori.institute\/wp-content\/uploads\/2026\/04\/vlcsnap-2025-08-22-13h58m59s135-2048x1151.png 2048w\" sizes=\"(max-width: 2560px) 100vw, 2560px\" \/>\t\t\t\t\t<\/a>\n\t\t\t\t\t\t\t\t\t<\/div>\n\t\t\t\t\t\t<h3 class=\"uagb-post__title uagb-post__text\">\n\t\t\t\t<a href=\"https:\/\/cori.institute\/index.php\/2026\/04\/25\/plantilla-entradas-proyectos\/\" target=\"_self\" rel=\"bookmark noopener noreferrer\">400 + 100<\/a>\n\t\t\t<\/h3>\n\t\t\t\t\t\t<div class='uagb-post__text uagb-post-grid-byline'>\n\t\t\t\t\t\t\t<\/div>\n\t\t\t\t\t\t<div class=\"uagb-post__text uagb-post__cta wp-block-button\">\n\t\t\t\t<a class=\"wp-block-button__link uagb-text-link\" href=\"https:\/\/cori.institute\/index.php\/2026\/04\/25\/plantilla-entradas-proyectos\/\" target=\"_self\" rel=\"bookmark noopener noreferrer\">Read More<\/a>\n\t\t\t<\/div>\n\t\t\t\t\t\t\t\t\t\t\t\t<\/article>\n\t\t\t\t\t\t\t\t\t\t\t\t\t\t\t\t<article class=\"uagb-post__inner-wrap\">\t\t\t\t\t\t\t\t<div class='uagb-post__image'>\n\t\t\t\t\t\t\t\t\t<a href=\"https:\/\/cori.institute\/index.php\/2026\/04\/25\/cangodeep\/\" target=\"_self\" rel=\"bookmark noopener noreferrer\"><img loading=\"lazy\" decoding=\"async\" width=\"2560\" height=\"1920\" src=\"https:\/\/cori.institute\/wp-content\/uploads\/2026\/04\/IMG_20260421_102841-scaled.jpg\" class=\"attachment-full size-full\" alt=\"\" srcset=\"https:\/\/cori.institute\/wp-content\/uploads\/2026\/04\/IMG_20260421_102841-scaled.jpg 2560w, https:\/\/cori.institute\/wp-content\/uploads\/2026\/04\/IMG_20260421_102841-300x225.jpg 300w, https:\/\/cori.institute\/wp-content\/uploads\/2026\/04\/IMG_20260421_102841-1024x768.jpg 1024w, https:\/\/cori.institute\/wp-content\/uploads\/2026\/04\/IMG_20260421_102841-768x576.jpg 768w, https:\/\/cori.institute\/wp-content\/uploads\/2026\/04\/IMG_20260421_102841-1536x1152.jpg 1536w, https:\/\/cori.institute\/wp-content\/uploads\/2026\/04\/IMG_20260421_102841-2048x1536.jpg 2048w\" sizes=\"(max-width: 2560px) 100vw, 2560px\" \/>\t\t\t\t\t<\/a>\n\t\t\t\t\t\t\t\t\t<\/div>\n\t\t\t\t\t\t<h3 class=\"uagb-post__title uagb-post__text\">\n\t\t\t\t<a href=\"https:\/\/cori.institute\/index.php\/2026\/04\/25\/cangodeep\/\" target=\"_self\" rel=\"bookmark noopener noreferrer\">CanGoDeep<\/a>\n\t\t\t<\/h3>\n\t\t\t\t\t\t<div class='uagb-post__text uagb-post-grid-byline'>\n\t\t\t\t\t\t\t<\/div>\n\t\t\t\t\t\t<div class=\"uagb-post__text uagb-post__cta wp-block-button\">\n\t\t\t\t<a class=\"wp-block-button__link uagb-text-link\" href=\"https:\/\/cori.institute\/index.php\/2026\/04\/25\/cangodeep\/\" target=\"_self\" rel=\"bookmark noopener noreferrer\">Read More<\/a>\n\t\t\t<\/div>\n\t\t\t\t\t\t\t\t\t\t\t\t<\/article>\n\t\t\t\t\t\t\t\t\t\t\t\t\t\t\t\t<article class=\"uagb-post__inner-wrap\">\t\t\t\t\t\t\t\t<div class='uagb-post__image'>\n\t\t\t\t\t\t\t\t\t<a href=\"https:\/\/cori.institute\/index.php\/2023\/09\/15\/aladroque-efectos-del-cambio-climatico\/\" target=\"_self\" rel=\"bookmark noopener noreferrer\"><img loading=\"lazy\" decoding=\"async\" width=\"2560\" height=\"1920\" src=\"https:\/\/cori.institute\/wp-content\/uploads\/2022\/12\/bed4c93e-07a5-44cf-9c29-89f84e5aa3e6-scaled.jpg\" class=\"attachment-full size-full\" alt=\"\" srcset=\"https:\/\/cori.institute\/wp-content\/uploads\/2022\/12\/bed4c93e-07a5-44cf-9c29-89f84e5aa3e6-scaled.jpg 2560w, https:\/\/cori.institute\/wp-content\/uploads\/2022\/12\/bed4c93e-07a5-44cf-9c29-89f84e5aa3e6-300x225.jpg 300w, https:\/\/cori.institute\/wp-content\/uploads\/2022\/12\/bed4c93e-07a5-44cf-9c29-89f84e5aa3e6-1024x768.jpg 1024w, https:\/\/cori.institute\/wp-content\/uploads\/2022\/12\/bed4c93e-07a5-44cf-9c29-89f84e5aa3e6-768x576.jpg 768w, https:\/\/cori.institute\/wp-content\/uploads\/2022\/12\/bed4c93e-07a5-44cf-9c29-89f84e5aa3e6-1536x1152.jpg 1536w, https:\/\/cori.institute\/wp-content\/uploads\/2022\/12\/bed4c93e-07a5-44cf-9c29-89f84e5aa3e6-2048x1536.jpg 2048w\" sizes=\"(max-width: 2560px) 100vw, 2560px\" \/>\t\t\t\t\t<\/a>\n\t\t\t\t\t\t\t\t\t<\/div>\n\t\t\t\t\t\t<h3 class=\"uagb-post__title uagb-post__text\">\n\t\t\t\t<a href=\"https:\/\/cori.institute\/index.php\/2023\/09\/15\/aladroque-efectos-del-cambio-climatico\/\" target=\"_self\" rel=\"bookmark noopener noreferrer\">Aladroque<\/a>\n\t\t\t<\/h3>\n\t\t\t\t\t\t<div class='uagb-post__text uagb-post-grid-byline'>\n\t\t\t\t\t\t\t<\/div>\n\t\t\t\t\t\t<div class=\"uagb-post__text uagb-post__cta wp-block-button\">\n\t\t\t\t<a class=\"wp-block-button__link uagb-text-link\" href=\"https:\/\/cori.institute\/index.php\/2023\/09\/15\/aladroque-efectos-del-cambio-climatico\/\" target=\"_self\" rel=\"bookmark noopener noreferrer\">Read More<\/a>\n\t\t\t<\/div>\n\t\t\t\t\t\t\t\t\t\t\t\t<\/article>\n\t\t\t\t\t\t\t\t\t\t\t\t\t\t\t\t<article class=\"uagb-post__inner-wrap\">\t\t\t\t\t\t\t\t<div class='uagb-post__image'>\n\t\t\t\t\t\t\t\t\t<a href=\"https:\/\/cori.institute\/index.php\/2023\/06\/14\/observatorio-ciudadano-oceanografico-oco\/\" target=\"_self\" rel=\"bookmark noopener noreferrer\"><img loading=\"lazy\" decoding=\"async\" width=\"1049\" height=\"645\" src=\"https:\/\/cori.institute\/wp-content\/uploads\/2023\/06\/oco.jpeg\" class=\"attachment-full size-full\" alt=\"cinco puntos elegidos por institutos para explorar con una c\u00e1mara subacu\u00e1tica en la Regi\u00f3n de Murcia\" srcset=\"https:\/\/cori.institute\/wp-content\/uploads\/2023\/06\/oco.jpeg 1049w, https:\/\/cori.institute\/wp-content\/uploads\/2023\/06\/oco-300x184.jpeg 300w, https:\/\/cori.institute\/wp-content\/uploads\/2023\/06\/oco-1024x630.jpeg 1024w, https:\/\/cori.institute\/wp-content\/uploads\/2023\/06\/oco-768x472.jpeg 768w\" sizes=\"(max-width: 1049px) 100vw, 1049px\" \/>\t\t\t\t\t<\/a>\n\t\t\t\t\t\t\t\t\t<\/div>\n\t\t\t\t\t\t<h3 class=\"uagb-post__title uagb-post__text\">\n\t\t\t\t<a href=\"https:\/\/cori.institute\/index.php\/2023\/06\/14\/observatorio-ciudadano-oceanografico-oco\/\" target=\"_self\" rel=\"bookmark noopener noreferrer\">OCO:explorar el fondo oce\u00e1nico de cinco puntos de la costa de la Regi\u00f3n de Murcia<\/a>\n\t\t\t<\/h3>\n\t\t\t\t\t\t<div class='uagb-post__text uagb-post-grid-byline'>\n\t\t\t\t\t\t\t<\/div>\n\t\t\t\t\t\t<div class=\"uagb-post__text uagb-post__cta wp-block-button\">\n\t\t\t\t<a class=\"wp-block-button__link uagb-text-link\" href=\"https:\/\/cori.institute\/index.php\/2023\/06\/14\/observatorio-ciudadano-oceanografico-oco\/\" target=\"_self\" rel=\"bookmark noopener noreferrer\">Read More<\/a>\n\t\t\t<\/div>\n\t\t\t\t\t\t\t\t\t\t\t\t<\/article>\n\t\t\t\t\t\t\t\t\t\t\t<\/div>\n\t\t\t<\/div><\/div>\n","protected":false},"excerpt":{"rendered":"<p>Esta BOYA ARGO ESPA\u00d1A es el perfilador m\u00e1s longevo del proyecto ARGO Espa\u00f1a y que utilizaremos en el desarrollo de&nbsp;nuevos proyectos tecnol\u00f3gicos y divulgativos. Gracias a la pericia de la tripulaci\u00f3n, la informaci\u00f3n oceanogr\u00e1fica facilitada en tiempo real desde la ICTS SOCIB y el apoyo del IEO-CSIC hicieron posible&nbsp;la recuperaci\u00f3n de esa BOYA ARGO ESPA\u00d1A [&hellip;]<\/p>\n","protected":false},"author":2,"featured_media":121,"comment_status":"closed","ping_status":"open","sticky":false,"template":"","format":"standard","meta":{"_uag_custom_page_level_css":"","site-sidebar-layout":"default","site-content-layout":"","ast-site-content-layout":"default","site-content-style":"default","site-sidebar-style":"default","ast-global-header-display":"","ast-banner-title-visibility":"","ast-main-header-display":"","ast-hfb-above-header-display":"","ast-hfb-below-header-display":"","ast-hfb-mobile-header-display":"","site-post-title":"disabled","ast-breadcrumbs-content":"","ast-featured-img":"disabled","footer-sml-layout":"","theme-transparent-header-meta":"","adv-header-id-meta":"","stick-header-meta":"","header-above-stick-meta":"","header-main-stick-meta":"","header-below-stick-meta":"","astra-migrate-meta-layouts":"set","ast-page-background-enabled":"default","ast-page-background-meta":{"desktop":{"background-color":"var(--ast-global-color-4)","background-image":"","background-repeat":"repeat","background-position":"center center","background-size":"auto","background-attachment":"scroll","background-type":"","background-media":"","overlay-type":"","overlay-color":"","overlay-gradient":""},"tablet":{"background-color":"","background-image":"","background-repeat":"repeat","background-position":"center center","background-size":"auto","background-attachment":"scroll","background-type":"","background-media":"","overlay-type":"","overlay-color":"","overlay-gradient":""},"mobile":{"background-color":"","background-image":"","background-repeat":"repeat","background-position":"center center","background-size":"auto","background-attachment":"scroll","background-type":"","background-media":"","overlay-type":"","overlay-color":"","overlay-gradient":""}},"ast-content-background-meta":{"desktop":{"background-color":"var(--ast-global-color-5)","background-image":"","background-repeat":"repeat","background-position":"center center","background-size":"auto","background-attachment":"scroll","background-type":"","background-media":"","overlay-type":"","overlay-color":"","overlay-gradient":""},"tablet":{"background-color":"var(--ast-global-color-5)","background-image":"","background-repeat":"repeat","background-position":"center center","background-size":"auto","background-attachment":"scroll","background-type":"","background-media":"","overlay-type":"","overlay-color":"","overlay-gradient":""},"mobile":{"background-color":"var(--ast-global-color-5)","background-image":"","background-repeat":"repeat","background-position":"center center","background-size":"auto","background-attachment":"scroll","background-type":"","background-media":"","overlay-type":"","overlay-color":"","overlay-gradient":""}},"_themeisle_gutenberg_block_has_review":false,"footnotes":""},"categories":[1],"tags":[8],"class_list":["post-83","post","type-post","status-publish","format-standard","has-post-thumbnail","hentry","category-sin-categoria","tag-exploracion"],"yoast_head":"<!-- This site is optimized with the Yoast SEO plugin v22.3 - https:\/\/yoast.com\/wordpress\/plugins\/seo\/ -->\n<title>Cori Recibe una Boya Argo Espa\u00f1a<\/title>\n<meta name=\"description\" content=\"CORI recibe una BOYA ARGO ESPA\u00d1A por parte de la Armada Espa\u00f1ola, esta boya de mar sirve para monitorizar el oc\u00e9ano.\" \/>\n<meta name=\"robots\" content=\"index, follow, max-snippet:-1, max-image-preview:large, max-video-preview:-1\" \/>\n<link rel=\"canonical\" href=\"https:\/\/cori.institute\/index.php\/2022\/12\/22\/boya-argo-espana\/\" \/>\n<meta property=\"og:locale\" content=\"en_US\" \/>\n<meta property=\"og:type\" content=\"article\" \/>\n<meta property=\"og:title\" content=\"Cori Recibe una Boya Argo Espa\u00f1a\" \/>\n<meta property=\"og:description\" content=\"CORI recibe una BOYA ARGO ESPA\u00d1A por parte de la Armada Espa\u00f1ola, esta boya de mar sirve para monitorizar el oc\u00e9ano.\" \/>\n<meta property=\"og:url\" content=\"https:\/\/cori.institute\/index.php\/2022\/12\/22\/boya-argo-espana\/\" \/>\n<meta property=\"article:published_time\" content=\"2022-12-22T19:08:26+00:00\" \/>\n<meta property=\"article:modified_time\" content=\"2026-04-25T07:26:14+00:00\" \/>\n<meta property=\"og:image\" content=\"https:\/\/cori.institute\/wp-content\/uploads\/2022\/12\/argo-1-1-1024x768-1.jpeg\" \/>\n\t<meta property=\"og:image:width\" content=\"1024\" \/>\n\t<meta property=\"og:image:height\" content=\"768\" \/>\n\t<meta property=\"og:image:type\" content=\"image\/jpeg\" \/>\n<meta name=\"author\" content=\"Marina\" \/>\n<meta name=\"twitter:card\" content=\"summary_large_image\" \/>\n<meta name=\"twitter:label1\" content=\"Written by\" \/>\n\t<meta name=\"twitter:data1\" content=\"Marina\" \/>\n\t<meta name=\"twitter:label2\" content=\"Est. reading time\" \/>\n\t<meta name=\"twitter:data2\" content=\"3 minutes\" \/>\n<script type=\"application\/ld+json\" class=\"yoast-schema-graph\">{\"@context\":\"https:\/\/schema.org\",\"@graph\":[{\"@type\":\"WebPage\",\"@id\":\"https:\/\/cori.institute\/index.php\/2022\/12\/22\/boya-argo-espana\/\",\"url\":\"https:\/\/cori.institute\/index.php\/2022\/12\/22\/boya-argo-espana\/\",\"name\":\"Cori Recibe una Boya Argo Espa\u00f1a\",\"isPartOf\":{\"@id\":\"https:\/\/cori.institute\/#website\"},\"primaryImageOfPage\":{\"@id\":\"https:\/\/cori.institute\/index.php\/2022\/12\/22\/boya-argo-espana\/#primaryimage\"},\"image\":{\"@id\":\"https:\/\/cori.institute\/index.php\/2022\/12\/22\/boya-argo-espana\/#primaryimage\"},\"thumbnailUrl\":\"https:\/\/cori.institute\/wp-content\/uploads\/2022\/12\/argo-1-1-1024x768-1.jpeg\",\"datePublished\":\"2022-12-22T19:08:26+00:00\",\"dateModified\":\"2026-04-25T07:26:14+00:00\",\"author\":{\"@id\":\"https:\/\/cori.institute\/#\/schema\/person\/22c0b0090fd99161e4b55d25dc27018a\"},\"description\":\"CORI recibe una BOYA ARGO ESPA\u00d1A por parte de la Armada Espa\u00f1ola, esta boya de mar sirve para monitorizar el oc\u00e9ano.\",\"breadcrumb\":{\"@id\":\"https:\/\/cori.institute\/index.php\/2022\/12\/22\/boya-argo-espana\/#breadcrumb\"},\"inLanguage\":\"en-US\",\"potentialAction\":[{\"@type\":\"ReadAction\",\"target\":[\"https:\/\/cori.institute\/index.php\/2022\/12\/22\/boya-argo-espana\/\"]}]},{\"@type\":\"ImageObject\",\"inLanguage\":\"en-US\",\"@id\":\"https:\/\/cori.institute\/index.php\/2022\/12\/22\/boya-argo-espana\/#primaryimage\",\"url\":\"https:\/\/cori.institute\/wp-content\/uploads\/2022\/12\/argo-1-1-1024x768-1.jpeg\",\"contentUrl\":\"https:\/\/cori.institute\/wp-content\/uploads\/2022\/12\/argo-1-1-1024x768-1.jpeg\",\"width\":1024,\"height\":768,\"caption\":\"foto conjunta con todas las personas involucradas en la misi\u00f3n de recogida de la boya argo\"},{\"@type\":\"BreadcrumbList\",\"@id\":\"https:\/\/cori.institute\/index.php\/2022\/12\/22\/boya-argo-espana\/#breadcrumb\",\"itemListElement\":[{\"@type\":\"ListItem\",\"position\":1,\"name\":\"Portada\",\"item\":\"https:\/\/cori.institute\/\"},{\"@type\":\"ListItem\",\"position\":2,\"name\":\"CORI RECIBE UNA BOYA ARGO ESPA\u00d1A\"}]},{\"@type\":\"WebSite\",\"@id\":\"https:\/\/cori.institute\/#website\",\"url\":\"https:\/\/cori.institute\/\",\"name\":\"\",\"description\":\"Descubriendo el oc\u00e9ano invisible\",\"potentialAction\":[{\"@type\":\"SearchAction\",\"target\":{\"@type\":\"EntryPoint\",\"urlTemplate\":\"https:\/\/cori.institute\/?s={search_term_string}\"},\"query-input\":\"required name=search_term_string\"}],\"inLanguage\":\"en-US\"},{\"@type\":\"Person\",\"@id\":\"https:\/\/cori.institute\/#\/schema\/person\/22c0b0090fd99161e4b55d25dc27018a\",\"name\":\"Marina\",\"image\":{\"@type\":\"ImageObject\",\"inLanguage\":\"en-US\",\"@id\":\"https:\/\/cori.institute\/#\/schema\/person\/image\/\",\"url\":\"https:\/\/secure.gravatar.com\/avatar\/f6e61f3c0a90145b6c28bae31d494e281804247062f24f8f102470996b6678d9?s=96&d=mm&r=g\",\"contentUrl\":\"https:\/\/secure.gravatar.com\/avatar\/f6e61f3c0a90145b6c28bae31d494e281804247062f24f8f102470996b6678d9?s=96&d=mm&r=g\",\"caption\":\"Marina\"}}]}<\/script>\n<!-- \/ Yoast SEO plugin. -->","yoast_head_json":{"title":"Cori Recibe una Boya Argo Espa\u00f1a","description":"CORI recibe una BOYA ARGO ESPA\u00d1A por parte de la Armada Espa\u00f1ola, esta boya de mar sirve para monitorizar el oc\u00e9ano.","robots":{"index":"index","follow":"follow","max-snippet":"max-snippet:-1","max-image-preview":"max-image-preview:large","max-video-preview":"max-video-preview:-1"},"canonical":"https:\/\/cori.institute\/index.php\/2022\/12\/22\/boya-argo-espana\/","og_locale":"en_US","og_type":"article","og_title":"Cori Recibe una Boya Argo Espa\u00f1a","og_description":"CORI recibe una BOYA ARGO ESPA\u00d1A por parte de la Armada Espa\u00f1ola, esta boya de mar sirve para monitorizar el oc\u00e9ano.","og_url":"https:\/\/cori.institute\/index.php\/2022\/12\/22\/boya-argo-espana\/","article_published_time":"2022-12-22T19:08:26+00:00","article_modified_time":"2026-04-25T07:26:14+00:00","og_image":[{"width":1024,"height":768,"url":"https:\/\/cori.institute\/wp-content\/uploads\/2022\/12\/argo-1-1-1024x768-1.jpeg","type":"image\/jpeg"}],"author":"Marina","twitter_card":"summary_large_image","twitter_misc":{"Written by":"Marina","Est. reading time":"3 minutes"},"schema":{"@context":"https:\/\/schema.org","@graph":[{"@type":"WebPage","@id":"https:\/\/cori.institute\/index.php\/2022\/12\/22\/boya-argo-espana\/","url":"https:\/\/cori.institute\/index.php\/2022\/12\/22\/boya-argo-espana\/","name":"Cori Recibe una Boya Argo Espa\u00f1a","isPartOf":{"@id":"https:\/\/cori.institute\/#website"},"primaryImageOfPage":{"@id":"https:\/\/cori.institute\/index.php\/2022\/12\/22\/boya-argo-espana\/#primaryimage"},"image":{"@id":"https:\/\/cori.institute\/index.php\/2022\/12\/22\/boya-argo-espana\/#primaryimage"},"thumbnailUrl":"https:\/\/cori.institute\/wp-content\/uploads\/2022\/12\/argo-1-1-1024x768-1.jpeg","datePublished":"2022-12-22T19:08:26+00:00","dateModified":"2026-04-25T07:26:14+00:00","author":{"@id":"https:\/\/cori.institute\/#\/schema\/person\/22c0b0090fd99161e4b55d25dc27018a"},"description":"CORI recibe una BOYA ARGO ESPA\u00d1A por parte de la Armada Espa\u00f1ola, esta boya de mar sirve para monitorizar el oc\u00e9ano.","breadcrumb":{"@id":"https:\/\/cori.institute\/index.php\/2022\/12\/22\/boya-argo-espana\/#breadcrumb"},"inLanguage":"en-US","potentialAction":[{"@type":"ReadAction","target":["https:\/\/cori.institute\/index.php\/2022\/12\/22\/boya-argo-espana\/"]}]},{"@type":"ImageObject","inLanguage":"en-US","@id":"https:\/\/cori.institute\/index.php\/2022\/12\/22\/boya-argo-espana\/#primaryimage","url":"https:\/\/cori.institute\/wp-content\/uploads\/2022\/12\/argo-1-1-1024x768-1.jpeg","contentUrl":"https:\/\/cori.institute\/wp-content\/uploads\/2022\/12\/argo-1-1-1024x768-1.jpeg","width":1024,"height":768,"caption":"foto conjunta con todas las personas involucradas en la misi\u00f3n de recogida de la boya argo"},{"@type":"BreadcrumbList","@id":"https:\/\/cori.institute\/index.php\/2022\/12\/22\/boya-argo-espana\/#breadcrumb","itemListElement":[{"@type":"ListItem","position":1,"name":"Portada","item":"https:\/\/cori.institute\/"},{"@type":"ListItem","position":2,"name":"CORI RECIBE UNA BOYA ARGO ESPA\u00d1A"}]},{"@type":"WebSite","@id":"https:\/\/cori.institute\/#website","url":"https:\/\/cori.institute\/","name":"","description":"Descubriendo el oc\u00e9ano invisible","potentialAction":[{"@type":"SearchAction","target":{"@type":"EntryPoint","urlTemplate":"https:\/\/cori.institute\/?s={search_term_string}"},"query-input":"required name=search_term_string"}],"inLanguage":"en-US"},{"@type":"Person","@id":"https:\/\/cori.institute\/#\/schema\/person\/22c0b0090fd99161e4b55d25dc27018a","name":"Marina","image":{"@type":"ImageObject","inLanguage":"en-US","@id":"https:\/\/cori.institute\/#\/schema\/person\/image\/","url":"https:\/\/secure.gravatar.com\/avatar\/f6e61f3c0a90145b6c28bae31d494e281804247062f24f8f102470996b6678d9?s=96&d=mm&r=g","contentUrl":"https:\/\/secure.gravatar.com\/avatar\/f6e61f3c0a90145b6c28bae31d494e281804247062f24f8f102470996b6678d9?s=96&d=mm&r=g","caption":"Marina"}}]}},"uagb_featured_image_src":{"full":["https:\/\/cori.institute\/wp-content\/uploads\/2022\/12\/argo-1-1-1024x768-1.jpeg",1024,768,false],"thumbnail":["https:\/\/cori.institute\/wp-content\/uploads\/2022\/12\/argo-1-1-1024x768-1-150x150.jpeg",150,150,true],"medium":["https:\/\/cori.institute\/wp-content\/uploads\/2022\/12\/argo-1-1-1024x768-1-300x225.jpeg",300,225,true],"medium_large":["https:\/\/cori.institute\/wp-content\/uploads\/2022\/12\/argo-1-1-1024x768-1-768x576.jpeg",768,576,true],"large":["https:\/\/cori.institute\/wp-content\/uploads\/2022\/12\/argo-1-1-1024x768-1.jpeg",1024,768,false],"1536x1536":["https:\/\/cori.institute\/wp-content\/uploads\/2022\/12\/argo-1-1-1024x768-1.jpeg",1024,768,false],"2048x2048":["https:\/\/cori.institute\/wp-content\/uploads\/2022\/12\/argo-1-1-1024x768-1.jpeg",1024,768,false]},"uagb_author_info":{"display_name":"Marina","author_link":"https:\/\/cori.institute\/index.php\/author\/marina\/"},"uagb_comment_info":0,"uagb_excerpt":"Esta BOYA ARGO ESPA\u00d1A es el perfilador m\u00e1s longevo del proyecto ARGO Espa\u00f1a y que utilizaremos en el desarrollo de&nbsp;nuevos proyectos tecnol\u00f3gicos y divulgativos. Gracias a la pericia de la tripulaci\u00f3n, la informaci\u00f3n oceanogr\u00e1fica facilitada en tiempo real desde la ICTS SOCIB y el apoyo del IEO-CSIC hicieron posible&nbsp;la recuperaci\u00f3n de esa BOYA ARGO ESPA\u00d1A&hellip;","_links":{"self":[{"href":"https:\/\/cori.institute\/index.php\/wp-json\/wp\/v2\/posts\/83","targetHints":{"allow":["GET"]}}],"collection":[{"href":"https:\/\/cori.institute\/index.php\/wp-json\/wp\/v2\/posts"}],"about":[{"href":"https:\/\/cori.institute\/index.php\/wp-json\/wp\/v2\/types\/post"}],"author":[{"embeddable":true,"href":"https:\/\/cori.institute\/index.php\/wp-json\/wp\/v2\/users\/2"}],"replies":[{"embeddable":true,"href":"https:\/\/cori.institute\/index.php\/wp-json\/wp\/v2\/comments?post=83"}],"version-history":[{"count":1,"href":"https:\/\/cori.institute\/index.php\/wp-json\/wp\/v2\/posts\/83\/revisions"}],"predecessor-version":[{"id":2704,"href":"https:\/\/cori.institute\/index.php\/wp-json\/wp\/v2\/posts\/83\/revisions\/2704"}],"wp:featuredmedia":[{"embeddable":true,"href":"https:\/\/cori.institute\/index.php\/wp-json\/wp\/v2\/media\/121"}],"wp:attachment":[{"href":"https:\/\/cori.institute\/index.php\/wp-json\/wp\/v2\/media?parent=83"}],"wp:term":[{"taxonomy":"category","embeddable":true,"href":"https:\/\/cori.institute\/index.php\/wp-json\/wp\/v2\/categories?post=83"},{"taxonomy":"post_tag","embeddable":true,"href":"https:\/\/cori.institute\/index.php\/wp-json\/wp\/v2\/tags?post=83"}],"curies":[{"name":"wp","href":"https:\/\/api.w.org\/{rel}","templated":true}]}}