{"id":936,"date":"2023-01-12T17:20:36","date_gmt":"2023-01-12T17:20:36","guid":{"rendered":"https:\/\/cori.institute\/?p=936"},"modified":"2023-09-11T16:30:54","modified_gmt":"2023-09-11T16:30:54","slug":"reconocimiento-de-la-asociacion-hippocampus","status":"publish","type":"post","link":"https:\/\/cori.institute\/index.php\/2023\/01\/12\/reconocimiento-de-la-asociacion-hippocampus\/","title":{"rendered":"CORI recibe el reconocimiento de la asociaci\u00f3n Hippocampus por la colaboraci\u00f3n en varias iniciativas"},"content":{"rendered":"\n<div style=\"height:33px\" aria-hidden=\"true\" class=\"wp-block-spacer\"><\/div>\n\n\n\n<h1 class=\"wp-block-heading\">CORI recibe el reconocimiento de la asociaci\u00f3n Hippocampus por la colaboraci\u00f3n en varias iniciativas<\/h1>\n\n\n\n<p class=\"has-link-color wp-elements-00db1274aef89504828de3df65fdc3c1\">Desde el <a href=\"https:\/\/cori.institute\/index.php\/2022\/12\/22\/oceanhackathon\/\">Ocean Hackathon<\/a> hemos seguido participando en otras actividades que esta asociaci\u00f3n propone. Es por eso que, ahora que celebra 15 a\u00f1os en su labor por la conservaci\u00f3n y el cuidado del caballito de mar, esta asociaci\u00f3n nos ha otorgado un reconocimiento por la colaboraci\u00f3n con ellos en varias iniciativas. <\/p>\n\n\n\n<figure class=\"wp-block-image aligncenter size-large is-resized has-custom-border\"><img decoding=\"async\" src=\"https:\/\/cori.institute\/wp-content\/uploads\/2023\/01\/hippocampues-e1673543844934-768x1024.png\" alt=\"recibimiento del reconocimiento por parte de la asociaci\u00f3n hippocampus\" class=\"wp-image-938\" style=\"border-radius:50px;height:500px\" height=\"500\"\/><figcaption class=\"wp-element-caption\"><em>CORI recibe el reconocimiento de la asociaci\u00f3n Hippocampus por su colaboraci\u00f3n<\/em><\/figcaption><\/figure>\n\n\n\n<p class=\"has-link-color wp-elements-d3ec6147a9d5a531a6470605318d4cf2\"><strong>La <a href=\"https:\/\/www.asociacionhippocampus.com\/\" target=\"_blank\" rel=\"noreferrer noopener\">asociaci\u00f3n Hippocampus<\/a> es un colectivo centrado en el estudio y conservaci\u00f3n del Mar Menor y especialmente del caballito de mar, como especie emblem\u00e1tica del mismo, recorri\u00f3 este fin de semana los proyectos, logros y colaboraciones desarrollados desde su nacimiento en 2006.<\/strong><\/p>\n\n\n\n<p class=\"has-link-color wp-elements-9305f503f38b09f0c16f96a8d3420810\">El<a href=\"https:\/\/cori.institute\/\" target=\"_blank\" rel=\"noreferrer noopener\"> Cartagena Oceanographic Research Institute<\/a> colabora con ellos desde el Ocean Hackathon (2020), un evento propuesto desde el Cartagena Oceanographic Research Institute (CORI), con la finalidad de abordar, a trav\u00e9s de la tecnolog\u00eda, propuestas innovadoras para la protecci\u00f3n de los oc\u00e9anos.<\/p>\n\n\n\n<h2 class=\"wp-block-heading\">\u00bfEn qu\u00e9 consiste la colaboraci\u00f3n de CORI con la asociaci\u00f3n Hippocampus?<\/h2>\n\n\n\n<p>En este evento, la asociaci\u00f3n Hippocampues propuso una aplicaci\u00f3n m\u00f3vil con la que, bajo el agua, documentar y posicionar geogr\u00e1ficamente los caballitos de mar detectados. Adem\u00e1s, desde entonces hemos participado con ellos en su labor aportando el ROV para hacer pruebas en la detecci\u00f3n en v\u00eddeo de los posibles caballitos de mar que apareciesen en las im\u00e1genes captadas. Es por eso que, en su aniversario y tas 15 a\u00f1os de iniciativas,  reconocimiento de la asociaci\u00f3n Hippocampus<\/p>\n\n\n\n<figure class=\"wp-block-image aligncenter size-full is-resized has-custom-border\"><img decoding=\"async\" src=\"https:\/\/cori.institute\/wp-content\/uploads\/2023\/01\/caballito-de-mar-en-el-mar-menor.jpg\" alt=\"\" class=\"wp-image-937\" style=\"border-radius:50px;width:800px\" width=\"800\" srcset=\"https:\/\/cori.institute\/wp-content\/uploads\/2023\/01\/caballito-de-mar-en-el-mar-menor.jpg 1207w, https:\/\/cori.institute\/wp-content\/uploads\/2023\/01\/caballito-de-mar-en-el-mar-menor-300x199.jpg 300w, https:\/\/cori.institute\/wp-content\/uploads\/2023\/01\/caballito-de-mar-en-el-mar-menor-1024x678.jpg 1024w, https:\/\/cori.institute\/wp-content\/uploads\/2023\/01\/caballito-de-mar-en-el-mar-menor-768x508.jpg 768w\" sizes=\"(max-width: 1207px) 100vw, 1207px\" \/><figcaption class=\"wp-element-caption\"><em>Caballito de mar, una especie caracter\u00edstica del Mar Menor<\/em><\/figcaption><\/figure>\n\n\n\n<p>La Asociaci\u00f3n Hippocampus, al igual que CORI, es una organizaci\u00f3n sin \u00e1nimo de lucro que nace con la finalidad de promover la conservaci\u00f3n del medio marino. &#8220;Su principal objetivo es concienciar sobre la protecci\u00f3n de los h\u00e1bitats costeros y marinos a trav\u00e9s de la investigaci\u00f3n y el seguimiento de la poblaci\u00f3n del caballito de mar de hocico largo,&nbsp;<strong>Hippocampus guttulatus<\/strong>, considerada como especie emblem\u00e1tica del Mar Menor en Murcia, Espa\u00f1a&#8221;, seg\u00fan apunta este colectivo en su p\u00e1gina web. <\/p>\n\n\n\n<div class=\"wp-block-cover alignfull\"><span aria-hidden=\"true\" class=\"wp-block-cover__background has-background-dim-100 has-background-dim\" style=\"background-color:#0e0f26\"><\/span><div class=\"wp-block-cover__inner-container is-layout-constrained wp-block-cover-is-layout-constrained\">\n<h2 class=\"wp-block-heading\">\u00daltimas Noticias<\/h2>\n\n\n\n\t\t\t<div class=\"wp-block-uagb-post-carousel uagb-post-grid  uagb-post__image-position-top uagb-post__image-enabled uagb-block-d60a9147     uagb-post__arrow-outside uagb-slick-carousel uagb-post__items uagb-post__columns-3 is-carousel uagb-post__columns-tablet-2 uagb-post__columns-mobile-1 uagb-post__carousel_equal-height\" data-total=\"5\" style=\"\">\n\n\t\t\t\t\t\t\t\t\t\t\t\t<article class=\"uagb-post__inner-wrap\">\t\t\t\t\t\t\t\t<div class='uagb-post__image'>\n\t\t\t\t\t\t\t\t\t<a href=\"https:\/\/cori.institute\/index.php\/2023\/06\/05\/contaminacion-por-plastico-en-los-oceanos\/\" target=\"_self\" rel=\"bookmark noopener noreferrer\"><img fetchpriority=\"high\" decoding=\"async\" width=\"620\" height=\"349\" src=\"https:\/\/cori.institute\/wp-content\/uploads\/2023\/06\/plastico-playa.jpg\" class=\"attachment-full size-full\" alt=\"plastico en la playa\" srcset=\"https:\/\/cori.institute\/wp-content\/uploads\/2023\/06\/plastico-playa.jpg 620w, https:\/\/cori.institute\/wp-content\/uploads\/2023\/06\/plastico-playa-300x169.jpg 300w\" sizes=\"(max-width: 620px) 100vw, 620px\" \/>\t\t\t\t\t<\/a>\n\t\t\t\t\t\t\t\t\t<\/div>\n\t\t\t\t\t\t<h3 class=\"uagb-post__title uagb-post__text\">\n\t\t\t\t<a href=\"https:\/\/cori.institute\/index.php\/2023\/06\/05\/contaminacion-por-plastico-en-los-oceanos\/\" target=\"_self\" rel=\"bookmark noopener noreferrer\">La contaminaci\u00f3n por pl\u00e1sticos en los oc\u00e9anos<\/a>\n\t\t\t<\/h3>\n\t\t\t\t\t\t<div class='uagb-post__text uagb-post-grid-byline'>\n\t\t\t\t\t\t\t<\/div>\n\t\t\t\t\t\t<div class=\"uagb-post__text uagb-post__cta wp-block-button\">\n\t\t\t\t<a class=\"wp-block-button__link uagb-text-link\" href=\"https:\/\/cori.institute\/index.php\/2023\/06\/05\/contaminacion-por-plastico-en-los-oceanos\/\" target=\"_self\" rel=\"bookmark noopener noreferrer\">Read More<\/a>\n\t\t\t<\/div>\n\t\t\t\t\t\t\t\t\t\t\t\t<\/article>\n\t\t\t\t\t\t\t\t\t\t\t\t\t\t\t\t<article class=\"uagb-post__inner-wrap\">\t\t\t\t\t\t\t\t<div class='uagb-post__image'>\n\t\t\t\t\t\t\t\t\t<a href=\"https:\/\/cori.institute\/index.php\/2023\/04\/13\/tecnologia-y-acuicultura\/\" target=\"_self\" rel=\"bookmark noopener noreferrer\"><img decoding=\"async\" width=\"400\" height=\"354\" src=\"https:\/\/cori.institute\/wp-content\/uploads\/2023\/04\/acuicultura.jpg\" class=\"attachment-full size-full\" alt=\"acuicultura y tecnolog\u00eda\" srcset=\"https:\/\/cori.institute\/wp-content\/uploads\/2023\/04\/acuicultura.jpg 400w, https:\/\/cori.institute\/wp-content\/uploads\/2023\/04\/acuicultura-300x266.jpg 300w\" sizes=\"(max-width: 400px) 100vw, 400px\" \/>\t\t\t\t\t<\/a>\n\t\t\t\t\t\t\t\t\t<\/div>\n\t\t\t\t\t\t<h3 class=\"uagb-post__title uagb-post__text\">\n\t\t\t\t<a href=\"https:\/\/cori.institute\/index.php\/2023\/04\/13\/tecnologia-y-acuicultura\/\" target=\"_self\" rel=\"bookmark noopener noreferrer\">La influencia de la tecnolog\u00eda en la acuicultura<\/a>\n\t\t\t<\/h3>\n\t\t\t\t\t\t<div class='uagb-post__text uagb-post-grid-byline'>\n\t\t\t\t\t\t\t<\/div>\n\t\t\t\t\t\t<div class=\"uagb-post__text uagb-post__cta wp-block-button\">\n\t\t\t\t<a class=\"wp-block-button__link uagb-text-link\" href=\"https:\/\/cori.institute\/index.php\/2023\/04\/13\/tecnologia-y-acuicultura\/\" target=\"_self\" rel=\"bookmark noopener noreferrer\">Read More<\/a>\n\t\t\t<\/div>\n\t\t\t\t\t\t\t\t\t\t\t\t<\/article>\n\t\t\t\t\t\t\t\t\t\t\t\t\t\t\t\t<article class=\"uagb-post__inner-wrap\">\t\t\t\t\t\t\t\t<div class='uagb-post__image'>\n\t\t\t\t\t\t\t\t\t<a href=\"https:\/\/cori.institute\/index.php\/2023\/04\/05\/tratado-de-los-oceanos-icues\/\" target=\"_self\" rel=\"bookmark noopener noreferrer\"><img decoding=\"async\" width=\"1200\" height=\"900\" src=\"https:\/\/cori.institute\/wp-content\/uploads\/2023\/04\/oceano-icues-tratado-de-la-unesco.jpg\" class=\"attachment-full size-full\" alt=\"oceano icues tratado de la unesco\" srcset=\"https:\/\/cori.institute\/wp-content\/uploads\/2023\/04\/oceano-icues-tratado-de-la-unesco.jpg 1200w, https:\/\/cori.institute\/wp-content\/uploads\/2023\/04\/oceano-icues-tratado-de-la-unesco-300x225.jpg 300w, https:\/\/cori.institute\/wp-content\/uploads\/2023\/04\/oceano-icues-tratado-de-la-unesco-1024x768.jpg 1024w, https:\/\/cori.institute\/wp-content\/uploads\/2023\/04\/oceano-icues-tratado-de-la-unesco-768x576.jpg 768w\" sizes=\"(max-width: 1200px) 100vw, 1200px\" \/>\t\t\t\t\t<\/a>\n\t\t\t\t\t\t\t\t\t<\/div>\n\t\t\t\t\t\t<h3 class=\"uagb-post__title uagb-post__text\">\n\t\t\t\t<a href=\"https:\/\/cori.institute\/index.php\/2023\/04\/05\/tratado-de-los-oceanos-icues\/\" target=\"_self\" rel=\"bookmark noopener noreferrer\">El Tratado de los Oceanos, con Sara Garc\u00eda en ICUES<\/a>\n\t\t\t<\/h3>\n\t\t\t\t\t\t<div class='uagb-post__text uagb-post-grid-byline'>\n\t\t\t\t\t\t\t<\/div>\n\t\t\t\t\t\t<div class=\"uagb-post__text uagb-post__cta wp-block-button\">\n\t\t\t\t<a class=\"wp-block-button__link uagb-text-link\" href=\"https:\/\/cori.institute\/index.php\/2023\/04\/05\/tratado-de-los-oceanos-icues\/\" target=\"_self\" rel=\"bookmark noopener noreferrer\">Read More<\/a>\n\t\t\t<\/div>\n\t\t\t\t\t\t\t\t\t\t\t\t<\/article>\n\t\t\t\t\t\t\t\t\t\t\t\t\t\t\t\t<article class=\"uagb-post__inner-wrap\">\t\t\t\t\t\t\t\t<div class='uagb-post__image'>\n\t\t\t\t\t\t\t\t\t<a href=\"https:\/\/cori.institute\/index.php\/2023\/03\/30\/la-espana-azul-y-ies-mediterraneo\/\" target=\"_self\" rel=\"bookmark noopener noreferrer\"><img loading=\"lazy\" decoding=\"async\" width=\"1280\" height=\"720\" src=\"https:\/\/cori.institute\/wp-content\/uploads\/2023\/03\/photo168000017.jpeg\" class=\"attachment-full size-full\" alt=\"la espa\u00f1a azul, con nacho dean, y los alumnos del ies mediterraneo\" srcset=\"https:\/\/cori.institute\/wp-content\/uploads\/2023\/03\/photo168000017.jpeg 1280w, https:\/\/cori.institute\/wp-content\/uploads\/2023\/03\/photo168000017-300x169.jpeg 300w, https:\/\/cori.institute\/wp-content\/uploads\/2023\/03\/photo168000017-1024x576.jpeg 1024w, https:\/\/cori.institute\/wp-content\/uploads\/2023\/03\/photo168000017-768x432.jpeg 768w\" sizes=\"(max-width: 1280px) 100vw, 1280px\" \/>\t\t\t\t\t<\/a>\n\t\t\t\t\t\t\t\t\t<\/div>\n\t\t\t\t\t\t<h3 class=\"uagb-post__title uagb-post__text\">\n\t\t\t\t<a href=\"https:\/\/cori.institute\/index.php\/2023\/03\/30\/la-espana-azul-y-ies-mediterraneo\/\" target=\"_self\" rel=\"bookmark noopener noreferrer\">La Espa\u00f1a Azul, con Nacho Dean y el IES Mediterr\u00e1neo<\/a>\n\t\t\t<\/h3>\n\t\t\t\t\t\t<div class='uagb-post__text uagb-post-grid-byline'>\n\t\t\t\t\t\t\t<\/div>\n\t\t\t\t\t\t<div class=\"uagb-post__text uagb-post__cta wp-block-button\">\n\t\t\t\t<a class=\"wp-block-button__link uagb-text-link\" href=\"https:\/\/cori.institute\/index.php\/2023\/03\/30\/la-espana-azul-y-ies-mediterraneo\/\" target=\"_self\" rel=\"bookmark noopener noreferrer\">Read More<\/a>\n\t\t\t<\/div>\n\t\t\t\t\t\t\t\t\t\t\t\t<\/article>\n\t\t\t\t\t\t\t\t\t\t\t<\/div>\n\t\t\t<\/div><\/div>\n","protected":false},"excerpt":{"rendered":"<p>CORI recibe el reconocimiento de la asociaci\u00f3n Hippocampus por la colaboraci\u00f3n en varias iniciativas Desde el Ocean Hackathon hemos seguido participando en otras actividades que esta asociaci\u00f3n propone. Es por eso que, ahora que celebra 15 a\u00f1os en su labor por la conservaci\u00f3n y el cuidado del caballito de mar, esta asociaci\u00f3n nos ha otorgado [&hellip;]<\/p>\n","protected":false},"author":2,"featured_media":938,"comment_status":"closed","ping_status":"open","sticky":false,"template":"","format":"standard","meta":{"_uag_custom_page_level_css":"","site-sidebar-layout":"default","site-content-layout":"","ast-site-content-layout":"default","site-content-style":"default","site-sidebar-style":"default","ast-global-header-display":"","ast-banner-title-visibility":"","ast-main-header-display":"","ast-hfb-above-header-display":"","ast-hfb-below-header-display":"","ast-hfb-mobile-header-display":"","site-post-title":"disabled","ast-breadcrumbs-content":"","ast-featured-img":"disabled","footer-sml-layout":"","theme-transparent-header-meta":"","adv-header-id-meta":"","stick-header-meta":"","header-above-stick-meta":"","header-main-stick-meta":"","header-below-stick-meta":"","astra-migrate-meta-layouts":"set","ast-page-background-enabled":"default","ast-page-background-meta":{"desktop":{"background-color":"var(--ast-global-color-4)","background-image":"","background-repeat":"repeat","background-position":"center center","background-size":"auto","background-attachment":"scroll","background-type":"","background-media":"","overlay-type":"","overlay-color":"","overlay-gradient":""},"tablet":{"background-color":"","background-image":"","background-repeat":"repeat","background-position":"center center","background-size":"auto","background-attachment":"scroll","background-type":"","background-media":"","overlay-type":"","overlay-color":"","overlay-gradient":""},"mobile":{"background-color":"","background-image":"","background-repeat":"repeat","background-position":"center center","background-size":"auto","background-attachment":"scroll","background-type":"","background-media":"","overlay-type":"","overlay-color":"","overlay-gradient":""}},"ast-content-background-meta":{"desktop":{"background-color":"var(--ast-global-color-5)","background-image":"","background-repeat":"repeat","background-position":"center center","background-size":"auto","background-attachment":"scroll","background-type":"","background-media":"","overlay-type":"","overlay-color":"","overlay-gradient":""},"tablet":{"background-color":"var(--ast-global-color-5)","background-image":"","background-repeat":"repeat","background-position":"center center","background-size":"auto","background-attachment":"scroll","background-type":"","background-media":"","overlay-type":"","overlay-color":"","overlay-gradient":""},"mobile":{"background-color":"var(--ast-global-color-5)","background-image":"","background-repeat":"repeat","background-position":"center center","background-size":"auto","background-attachment":"scroll","background-type":"","background-media":"","overlay-type":"","overlay-color":"","overlay-gradient":""}},"_themeisle_gutenberg_block_has_review":false,"footnotes":""},"categories":[10],"tags":[],"class_list":["post-936","post","type-post","status-publish","format-standard","has-post-thumbnail","hentry","category-noticias"],"yoast_head":"<!-- This site is optimized with the Yoast SEO plugin v22.3 - https:\/\/yoast.com\/wordpress\/plugins\/seo\/ -->\n<title>CORI Recibe el Reconocimiento de la Asociaci\u00f3n Hippocampus<\/title>\n<meta name=\"description\" content=\"La asociaci\u00f3n Hippocampus ha otorgado un reconocimiento a CORI por su colaboraci\u00f3n en iniciativas de investigaci\u00f3n sobre el caballito de mar.\" \/>\n<meta name=\"robots\" content=\"index, follow, max-snippet:-1, max-image-preview:large, max-video-preview:-1\" \/>\n<link rel=\"canonical\" href=\"https:\/\/cori.institute\/index.php\/2023\/01\/12\/reconocimiento-de-la-asociacion-hippocampus\/\" \/>\n<meta property=\"og:locale\" content=\"en_US\" \/>\n<meta property=\"og:type\" content=\"article\" \/>\n<meta property=\"og:title\" content=\"CORI Recibe el Reconocimiento de la Asociaci\u00f3n Hippocampus\" \/>\n<meta property=\"og:description\" content=\"La asociaci\u00f3n Hippocampus ha otorgado un reconocimiento a CORI por su colaboraci\u00f3n en iniciativas de investigaci\u00f3n sobre el caballito de mar.\" \/>\n<meta property=\"og:url\" content=\"https:\/\/cori.institute\/index.php\/2023\/01\/12\/reconocimiento-de-la-asociacion-hippocampus\/\" \/>\n<meta property=\"article:published_time\" content=\"2023-01-12T17:20:36+00:00\" \/>\n<meta property=\"article:modified_time\" content=\"2023-09-11T16:30:54+00:00\" \/>\n<meta property=\"og:image\" content=\"https:\/\/cori.institute\/wp-content\/uploads\/2023\/01\/hippocampues-e1673543884356.png\" \/>\n\t<meta property=\"og:image:width\" content=\"700\" \/>\n\t<meta property=\"og:image:height\" content=\"641\" \/>\n\t<meta property=\"og:image:type\" content=\"image\/png\" \/>\n<meta name=\"author\" content=\"Marina\" \/>\n<meta name=\"twitter:card\" content=\"summary_large_image\" \/>\n<meta name=\"twitter:label1\" content=\"Written by\" \/>\n\t<meta name=\"twitter:data1\" content=\"Marina\" \/>\n\t<meta name=\"twitter:label2\" content=\"Est. reading time\" \/>\n\t<meta name=\"twitter:data2\" content=\"2 minutes\" \/>\n<script type=\"application\/ld+json\" class=\"yoast-schema-graph\">{\"@context\":\"https:\/\/schema.org\",\"@graph\":[{\"@type\":\"WebPage\",\"@id\":\"https:\/\/cori.institute\/index.php\/2023\/01\/12\/reconocimiento-de-la-asociacion-hippocampus\/\",\"url\":\"https:\/\/cori.institute\/index.php\/2023\/01\/12\/reconocimiento-de-la-asociacion-hippocampus\/\",\"name\":\"CORI Recibe el Reconocimiento de la Asociaci\u00f3n Hippocampus\",\"isPartOf\":{\"@id\":\"https:\/\/cori.institute\/#website\"},\"primaryImageOfPage\":{\"@id\":\"https:\/\/cori.institute\/index.php\/2023\/01\/12\/reconocimiento-de-la-asociacion-hippocampus\/#primaryimage\"},\"image\":{\"@id\":\"https:\/\/cori.institute\/index.php\/2023\/01\/12\/reconocimiento-de-la-asociacion-hippocampus\/#primaryimage\"},\"thumbnailUrl\":\"https:\/\/cori.institute\/wp-content\/uploads\/2023\/01\/hippocampues-e1673543884356.png\",\"datePublished\":\"2023-01-12T17:20:36+00:00\",\"dateModified\":\"2023-09-11T16:30:54+00:00\",\"author\":{\"@id\":\"https:\/\/cori.institute\/#\/schema\/person\/22c0b0090fd99161e4b55d25dc27018a\"},\"description\":\"La asociaci\u00f3n Hippocampus ha otorgado un reconocimiento a CORI por su colaboraci\u00f3n en iniciativas de investigaci\u00f3n sobre el caballito de mar.\",\"breadcrumb\":{\"@id\":\"https:\/\/cori.institute\/index.php\/2023\/01\/12\/reconocimiento-de-la-asociacion-hippocampus\/#breadcrumb\"},\"inLanguage\":\"en-US\",\"potentialAction\":[{\"@type\":\"ReadAction\",\"target\":[\"https:\/\/cori.institute\/index.php\/2023\/01\/12\/reconocimiento-de-la-asociacion-hippocampus\/\"]}]},{\"@type\":\"ImageObject\",\"inLanguage\":\"en-US\",\"@id\":\"https:\/\/cori.institute\/index.php\/2023\/01\/12\/reconocimiento-de-la-asociacion-hippocampus\/#primaryimage\",\"url\":\"https:\/\/cori.institute\/wp-content\/uploads\/2023\/01\/hippocampues-e1673543884356.png\",\"contentUrl\":\"https:\/\/cori.institute\/wp-content\/uploads\/2023\/01\/hippocampues-e1673543884356.png\",\"width\":700,\"height\":641,\"caption\":\"recibimiento del reconocimiento por parte de la asociaci\u00f3n hippocampus\"},{\"@type\":\"BreadcrumbList\",\"@id\":\"https:\/\/cori.institute\/index.php\/2023\/01\/12\/reconocimiento-de-la-asociacion-hippocampus\/#breadcrumb\",\"itemListElement\":[{\"@type\":\"ListItem\",\"position\":1,\"name\":\"Portada\",\"item\":\"https:\/\/cori.institute\/\"},{\"@type\":\"ListItem\",\"position\":2,\"name\":\"CORI recibe el reconocimiento de la asociaci\u00f3n Hippocampus por la colaboraci\u00f3n en varias iniciativas\"}]},{\"@type\":\"WebSite\",\"@id\":\"https:\/\/cori.institute\/#website\",\"url\":\"https:\/\/cori.institute\/\",\"name\":\"\",\"description\":\"Descubriendo el oc\u00e9ano invisible\",\"potentialAction\":[{\"@type\":\"SearchAction\",\"target\":{\"@type\":\"EntryPoint\",\"urlTemplate\":\"https:\/\/cori.institute\/?s={search_term_string}\"},\"query-input\":\"required name=search_term_string\"}],\"inLanguage\":\"en-US\"},{\"@type\":\"Person\",\"@id\":\"https:\/\/cori.institute\/#\/schema\/person\/22c0b0090fd99161e4b55d25dc27018a\",\"name\":\"Marina\",\"image\":{\"@type\":\"ImageObject\",\"inLanguage\":\"en-US\",\"@id\":\"https:\/\/cori.institute\/#\/schema\/person\/image\/\",\"url\":\"https:\/\/secure.gravatar.com\/avatar\/f6e61f3c0a90145b6c28bae31d494e281804247062f24f8f102470996b6678d9?s=96&d=mm&r=g\",\"contentUrl\":\"https:\/\/secure.gravatar.com\/avatar\/f6e61f3c0a90145b6c28bae31d494e281804247062f24f8f102470996b6678d9?s=96&d=mm&r=g\",\"caption\":\"Marina\"}}]}<\/script>\n<!-- \/ Yoast SEO plugin. -->","yoast_head_json":{"title":"CORI Recibe el Reconocimiento de la Asociaci\u00f3n Hippocampus","description":"La asociaci\u00f3n Hippocampus ha otorgado un reconocimiento a CORI por su colaboraci\u00f3n en iniciativas de investigaci\u00f3n sobre el caballito de mar.","robots":{"index":"index","follow":"follow","max-snippet":"max-snippet:-1","max-image-preview":"max-image-preview:large","max-video-preview":"max-video-preview:-1"},"canonical":"https:\/\/cori.institute\/index.php\/2023\/01\/12\/reconocimiento-de-la-asociacion-hippocampus\/","og_locale":"en_US","og_type":"article","og_title":"CORI Recibe el Reconocimiento de la Asociaci\u00f3n Hippocampus","og_description":"La asociaci\u00f3n Hippocampus ha otorgado un reconocimiento a CORI por su colaboraci\u00f3n en iniciativas de investigaci\u00f3n sobre el caballito de mar.","og_url":"https:\/\/cori.institute\/index.php\/2023\/01\/12\/reconocimiento-de-la-asociacion-hippocampus\/","article_published_time":"2023-01-12T17:20:36+00:00","article_modified_time":"2023-09-11T16:30:54+00:00","og_image":[{"width":700,"height":641,"url":"https:\/\/cori.institute\/wp-content\/uploads\/2023\/01\/hippocampues-e1673543884356.png","type":"image\/png"}],"author":"Marina","twitter_card":"summary_large_image","twitter_misc":{"Written by":"Marina","Est. reading time":"2 minutes"},"schema":{"@context":"https:\/\/schema.org","@graph":[{"@type":"WebPage","@id":"https:\/\/cori.institute\/index.php\/2023\/01\/12\/reconocimiento-de-la-asociacion-hippocampus\/","url":"https:\/\/cori.institute\/index.php\/2023\/01\/12\/reconocimiento-de-la-asociacion-hippocampus\/","name":"CORI Recibe el Reconocimiento de la Asociaci\u00f3n Hippocampus","isPartOf":{"@id":"https:\/\/cori.institute\/#website"},"primaryImageOfPage":{"@id":"https:\/\/cori.institute\/index.php\/2023\/01\/12\/reconocimiento-de-la-asociacion-hippocampus\/#primaryimage"},"image":{"@id":"https:\/\/cori.institute\/index.php\/2023\/01\/12\/reconocimiento-de-la-asociacion-hippocampus\/#primaryimage"},"thumbnailUrl":"https:\/\/cori.institute\/wp-content\/uploads\/2023\/01\/hippocampues-e1673543884356.png","datePublished":"2023-01-12T17:20:36+00:00","dateModified":"2023-09-11T16:30:54+00:00","author":{"@id":"https:\/\/cori.institute\/#\/schema\/person\/22c0b0090fd99161e4b55d25dc27018a"},"description":"La asociaci\u00f3n Hippocampus ha otorgado un reconocimiento a CORI por su colaboraci\u00f3n en iniciativas de investigaci\u00f3n sobre el caballito de mar.","breadcrumb":{"@id":"https:\/\/cori.institute\/index.php\/2023\/01\/12\/reconocimiento-de-la-asociacion-hippocampus\/#breadcrumb"},"inLanguage":"en-US","potentialAction":[{"@type":"ReadAction","target":["https:\/\/cori.institute\/index.php\/2023\/01\/12\/reconocimiento-de-la-asociacion-hippocampus\/"]}]},{"@type":"ImageObject","inLanguage":"en-US","@id":"https:\/\/cori.institute\/index.php\/2023\/01\/12\/reconocimiento-de-la-asociacion-hippocampus\/#primaryimage","url":"https:\/\/cori.institute\/wp-content\/uploads\/2023\/01\/hippocampues-e1673543884356.png","contentUrl":"https:\/\/cori.institute\/wp-content\/uploads\/2023\/01\/hippocampues-e1673543884356.png","width":700,"height":641,"caption":"recibimiento del reconocimiento por parte de la asociaci\u00f3n hippocampus"},{"@type":"BreadcrumbList","@id":"https:\/\/cori.institute\/index.php\/2023\/01\/12\/reconocimiento-de-la-asociacion-hippocampus\/#breadcrumb","itemListElement":[{"@type":"ListItem","position":1,"name":"Portada","item":"https:\/\/cori.institute\/"},{"@type":"ListItem","position":2,"name":"CORI recibe el reconocimiento de la asociaci\u00f3n Hippocampus por la colaboraci\u00f3n en varias iniciativas"}]},{"@type":"WebSite","@id":"https:\/\/cori.institute\/#website","url":"https:\/\/cori.institute\/","name":"","description":"Descubriendo el oc\u00e9ano invisible","potentialAction":[{"@type":"SearchAction","target":{"@type":"EntryPoint","urlTemplate":"https:\/\/cori.institute\/?s={search_term_string}"},"query-input":"required name=search_term_string"}],"inLanguage":"en-US"},{"@type":"Person","@id":"https:\/\/cori.institute\/#\/schema\/person\/22c0b0090fd99161e4b55d25dc27018a","name":"Marina","image":{"@type":"ImageObject","inLanguage":"en-US","@id":"https:\/\/cori.institute\/#\/schema\/person\/image\/","url":"https:\/\/secure.gravatar.com\/avatar\/f6e61f3c0a90145b6c28bae31d494e281804247062f24f8f102470996b6678d9?s=96&d=mm&r=g","contentUrl":"https:\/\/secure.gravatar.com\/avatar\/f6e61f3c0a90145b6c28bae31d494e281804247062f24f8f102470996b6678d9?s=96&d=mm&r=g","caption":"Marina"}}]}},"uagb_featured_image_src":{"full":["https:\/\/cori.institute\/wp-content\/uploads\/2023\/01\/hippocampues-e1673543884356.png",700,641,false],"thumbnail":["https:\/\/cori.institute\/wp-content\/uploads\/2023\/01\/hippocampues-e1673543884356-150x150.png",150,150,true],"medium":["https:\/\/cori.institute\/wp-content\/uploads\/2023\/01\/hippocampues-e1673543884356-300x275.png",300,275,true],"medium_large":["https:\/\/cori.institute\/wp-content\/uploads\/2023\/01\/hippocampues-e1673543870337-768x704.png",768,704,true],"large":["https:\/\/cori.institute\/wp-content\/uploads\/2023\/01\/hippocampues-e1673543844934-768x1024.png",768,1024,true],"1536x1536":["https:\/\/cori.institute\/wp-content\/uploads\/2023\/01\/hippocampues-e1673543884356.png",700,641,false],"2048x2048":["https:\/\/cori.institute\/wp-content\/uploads\/2023\/01\/hippocampues-e1673543884356.png",700,641,false]},"uagb_author_info":{"display_name":"Marina","author_link":"https:\/\/cori.institute\/index.php\/author\/marina\/"},"uagb_comment_info":0,"uagb_excerpt":"CORI recibe el reconocimiento de la asociaci\u00f3n Hippocampus por la colaboraci\u00f3n en varias iniciativas Desde el Ocean Hackathon hemos seguido participando en otras actividades que esta asociaci\u00f3n propone. Es por eso que, ahora que celebra 15 a\u00f1os en su labor por la conservaci\u00f3n y el cuidado del caballito de mar, esta asociaci\u00f3n nos ha otorgado&hellip;","_links":{"self":[{"href":"https:\/\/cori.institute\/index.php\/wp-json\/wp\/v2\/posts\/936","targetHints":{"allow":["GET"]}}],"collection":[{"href":"https:\/\/cori.institute\/index.php\/wp-json\/wp\/v2\/posts"}],"about":[{"href":"https:\/\/cori.institute\/index.php\/wp-json\/wp\/v2\/types\/post"}],"author":[{"embeddable":true,"href":"https:\/\/cori.institute\/index.php\/wp-json\/wp\/v2\/users\/2"}],"replies":[{"embeddable":true,"href":"https:\/\/cori.institute\/index.php\/wp-json\/wp\/v2\/comments?post=936"}],"version-history":[{"count":0,"href":"https:\/\/cori.institute\/index.php\/wp-json\/wp\/v2\/posts\/936\/revisions"}],"wp:featuredmedia":[{"embeddable":true,"href":"https:\/\/cori.institute\/index.php\/wp-json\/wp\/v2\/media\/938"}],"wp:attachment":[{"href":"https:\/\/cori.institute\/index.php\/wp-json\/wp\/v2\/media?parent=936"}],"wp:term":[{"taxonomy":"category","embeddable":true,"href":"https:\/\/cori.institute\/index.php\/wp-json\/wp\/v2\/categories?post=936"},{"taxonomy":"post_tag","embeddable":true,"href":"https:\/\/cori.institute\/index.php\/wp-json\/wp\/v2\/tags?post=936"}],"curies":[{"name":"wp","href":"https:\/\/api.w.org\/{rel}","templated":true}]}}